{"id":193848,"date":"2026-01-29T08:06:19","date_gmt":"2026-01-29T11:06:19","guid":{"rendered":"https:\/\/cdnoticias.com\/?p=193848"},"modified":"2026-01-29T10:39:57","modified_gmt":"2026-01-29T13:39:57","slug":"docentes-universitarios-iniciamos-en-lo-salarial-un-ano-complejo-donde-seguramente-va-a-haber-tensiones","status":"publish","type":"post","link":"https:\/\/cdnoticias.com\/index.php\/2026\/01\/29\/docentes-universitarios-iniciamos-en-lo-salarial-un-ano-complejo-donde-seguramente-va-a-haber-tensiones\/","title":{"rendered":"Docentes universitarios: \u201cIniciamos en lo salarial un a\u00f1o complejo donde seguramente va a haber tensiones\u201d"},"content":{"rendered":"<p>Lo dijo el rector de la Unicen, Marcelo Aba, en referencia al 2% de aumento que se decret\u00f3 para el sector. Proyect\u00f3 que 2026 ser\u00e1 \u201cun a\u00f1o dif\u00edcil\u201d para las universidades y subray\u00f3 el atraso de m\u00e1s de 50% que sigue desde el inicio de la gesti\u00f3n de Milei.<!--more--><\/p>\n<hr \/>\n<p>\u00a0<\/p>\n\n\n<p>La<strong> Federaci\u00f3n Nacional de Docentes Universitarios, CONADU<\/strong>, cuestion\u00f3 duramente la decisi\u00f3n del <strong>gobierno nacional de otorgar un aumento de salario del 2%. <\/strong>Seg\u00fan inform\u00f3 el gremio en un comunicado, la propuesta contempla una <strong>actualizaci\u00f3n retroactiva a diciembre y el pago de un bono no remunerativo<\/strong> que var\u00eda seg\u00fan la dedicaci\u00f3n: <em>de $12.500 para quienes tienen dedicaciones simples, $25.000 para la dedicaci\u00f3n semiexclusiva y $50.000 para la dedicaci\u00f3n exclusiva.<\/em><\/p>\n\n\n\n<p><\/p>\n\n\n\n<p>Este porcentaje, dicen en CONADU, <strong>profundiza el ataque a la universidad p\u00fablica y pone en riesgo el ciclo lectivo 2026<\/strong> y la existencia misma del sistema universitario.<\/p>\n\n\n\n<p><\/p>\n\n\n\n<p>En este contexto, el <strong>rector de la UNICEN, Marcelo Aba<\/strong>, habl\u00f3 con el <strong>programa Levantate por Radio Sapiens (FM 102.7) <\/strong>de cara al inicio del ciclo lectivo. Indic\u00f3 que <strong>\u201cva a ser seguramente un a\u00f1o dif\u00edcil de transitar, pero lo vamos a afrontar\u201d<\/strong>.<\/p>\n\n\n\n<p><\/p>\n\n\n\n<p>Tanto docentes como no docentes tienen<strong> un retraso salarial que ya se remonta al inicio de este gobierno<\/strong>. Durante los primeros meses de la gesti\u00f3n al frente de Javier Milei hubo un fuerte golpe inflacionario -con subas mensuales de entre 20% y 30%- sobre el cual los trabajadores universitarios no recibieron recomposici\u00f3n. Aba a\u00f1adi\u00f3 a ese problema que <strong>no se llevan adelante negociaciones paritarias<\/strong>, sino que el Gobierno dispone subas salariales para los trabajadores universitarios.<\/p>\n\n\n\n<p><\/p>\n\n\n\n<blockquote class=\"wp-block-quote is-layout-flow wp-block-quote-is-layout-flow\">\n<p>\u201cLos salarios de docentes y no docentes quedaron muy retrasados y estas recomposiciones unilaterales, porque no hay paritarias, en todo caso pueden venir a subsanar. Y es en parte, porque no lo hacen totalmente\u201d indic\u00f3. El rector explic\u00f3 que las sumas de aumento que se otorgan responden a los \u00edndices de la inflaci\u00f3n mensual que informa el INDEC, pero \u201cel problema de base es ese 50 o 60% de retraso salarial que qued\u00f3 para todos los trabajadores, que se va profundizando y no hay miras de que se recomponga\u201d.<\/p>\n<\/blockquote>\n\n\n\n<p><\/p>\n\n\n\n<figure class=\"wp-block-image size-full\"><img data-recalc-dims=\"1\" loading=\"lazy\" decoding=\"async\" width=\"800\" height=\"445\" src=\"https:\/\/i0.wp.com\/cdnoticias.com\/wp-content\/uploads\/2025\/03\/inauguracion-edificio-agrimensura-FIO-unicen-01-marcelo-aba.jpg?resize=800%2C445&#038;ssl=1\" alt=\"\" class=\"wp-image-167682\" srcset=\"https:\/\/i0.wp.com\/cdnoticias.com\/wp-content\/uploads\/2025\/03\/inauguracion-edificio-agrimensura-FIO-unicen-01-marcelo-aba.jpg?w=1000&amp;ssl=1 1000w, https:\/\/i0.wp.com\/cdnoticias.com\/wp-content\/uploads\/2025\/03\/inauguracion-edificio-agrimensura-FIO-unicen-01-marcelo-aba.jpg?resize=300%2C167&amp;ssl=1 300w, https:\/\/i0.wp.com\/cdnoticias.com\/wp-content\/uploads\/2025\/03\/inauguracion-edificio-agrimensura-FIO-unicen-01-marcelo-aba.jpg?resize=768%2C427&amp;ssl=1 768w, https:\/\/i0.wp.com\/cdnoticias.com\/wp-content\/uploads\/2025\/03\/inauguracion-edificio-agrimensura-FIO-unicen-01-marcelo-aba.jpg?resize=800%2C445&amp;ssl=1 800w\" sizes=\"auto, (max-width: 800px) 100vw, 800px\" \/><\/figure>\n\n\n\n<p><\/p>\n\n\n\n<p>Record\u00f3 que la <strong>Ley de Financiamiento Universitario<\/strong>, <a href=\"https:\/\/cdnoticias.com\/index.php\/2025\/10\/20\/docentes-universitarios-inician-protestas-por-la-falta-de-aplicacion-de-la-ley-de-financiamiento-educativo\/\" target=\"_blank\" rel=\"noreferrer noopener\">aprobada el a\u00f1o pasado<\/a>,<strong> \u201cprev\u00e9 esa recomposici\u00f3n. Esa ley est\u00e1 vigente. <\/strong>Ustedes conocen toda la historia, fue todo el a\u00f1o pasado trabajamos por ella. La Justicia ha dicho que debe ser aplicada, que debe ser puesta en vigor, pero el gobierno -al igual que lo hace con, por ejemplo, la de discapacidad-, <strong>no sabemos muy bien bajo qu\u00e9 argumentos jur\u00eddicos, hace o\u00eddos sordos y no no la aplica\u201d<\/strong>.<\/p>\n\n\n\n<p><\/p>\n\n\n\n<blockquote class=\"wp-block-quote is-layout-flow wp-block-quote-is-layout-flow\">\n<p>Concluy\u00f3 sobre la proyecci\u00f3n para 2026 que en las universidades nacionales \u201ciniciamos en lo salarial un a\u00f1o complejo donde seguramente va a haber tensiones con los trabajadores porque el retraso es muy, muy importante\u201d.<\/p>\n<\/blockquote>\n\n\n\n<p><\/p>\n\n\n\n<figure class=\"wp-block-embed is-type-wp-embed is-provider-central-de-noticias-olavarr-a wp-block-embed-central-de-noticias-olavarr-a\"><div class=\"wp-block-embed__wrapper\">\n<blockquote class=\"wp-embedded-content\" data-secret=\"HwvJsqmQkq\"><a href=\"https:\/\/cdnoticias.com\/index.php\/2025\/09\/17\/la-importante-movilizacion-en-defensa-de-la-universidad-publica-en-fotos\/\">La importante movilizaci\u00f3n en defensa de la Universidad P\u00fablica en fotos<\/a><\/blockquote><iframe loading=\"lazy\" class=\"wp-embedded-content\" sandbox=\"allow-scripts\" security=\"restricted\" style=\"position: absolute; visibility: hidden;\" title=\"&#8220;La importante movilizaci\u00f3n en defensa de la Universidad P\u00fablica en fotos&#8221; &#8212; Central de Noticias | Olavarr\u00eda\" src=\"https:\/\/cdnoticias.com\/index.php\/2025\/09\/17\/la-importante-movilizacion-en-defensa-de-la-universidad-publica-en-fotos\/embed\/#?secret=nJmMzVIT3F#?secret=HwvJsqmQkq\" data-secret=\"HwvJsqmQkq\" width=\"600\" height=\"338\" frameborder=\"0\" marginwidth=\"0\" marginheight=\"0\" scrolling=\"no\"><\/iframe>\n<\/div><\/figure>\n\n\n\n<p><\/p>\n\n\n\n<h2 class=\"wp-block-heading\">Sueldos bajos y poco incentivo<\/h2>\n\n\n\n<p><\/p>\n\n\n\n<p>El <strong>sueldo de un docente<\/strong> con dedicaci\u00f3n simple en una universidad ronda los <strong>200 mil pesos.<\/strong><\/p>\n\n\n\n<p><\/p>\n\n\n\n<p>El rector de la Unicen explic\u00f3 que la suma <strong>no solamente es baja para quien hoy se dedica <\/strong>a la tarea, sino que <strong>complica la proyecci\u00f3n de las universidades a futuro <\/strong>ya que no resulta una labor atractiva para la formaci\u00f3n docente.<\/p>\n\n\n\n<p><\/p>\n\n\n\n<p><em>\u201cNo es sencillo para alguien que ha hecho una carrera universitaria, est\u00e1 pensando en una formaci\u00f3n de posgrado<\/em>, va a proyectar su vida en la docencia y la investigaci\u00f3n universitaria, mirar hacia adelante y pensar que ese puede ser su futuro. Si a eso le sumamos, <em>adem\u00e1s de lo salarial que ha habido un recorte muy muy fuerte en todo lo que tiene que ver con ciencia<\/em> y tecnolog\u00eda, que es una actividad esencial dentro de la universidad porque es la que genera el conocimiento que despu\u00e9s el docente transmite. <strong>El horizonte no es atractivo\u201d<\/strong> resumi\u00f3 su visi\u00f3n del tema.<\/p>\n\n\n\n<p><\/p>\n\n\n\n<figure class=\"wp-block-image size-large\"><img data-recalc-dims=\"1\" loading=\"lazy\" decoding=\"async\" width=\"800\" height=\"480\" src=\"https:\/\/i0.wp.com\/cdnoticias.com\/wp-content\/uploads\/2022\/08\/marcelo-aba-rector02.jpg?resize=800%2C480&#038;ssl=1\" alt=\"\" class=\"wp-image-62155\" srcset=\"https:\/\/i0.wp.com\/cdnoticias.com\/wp-content\/uploads\/2022\/08\/marcelo-aba-rector02-scaled.jpg?resize=1024%2C614&amp;ssl=1 1024w, https:\/\/i0.wp.com\/cdnoticias.com\/wp-content\/uploads\/2022\/08\/marcelo-aba-rector02-scaled.jpg?resize=300%2C180&amp;ssl=1 300w, https:\/\/i0.wp.com\/cdnoticias.com\/wp-content\/uploads\/2022\/08\/marcelo-aba-rector02-scaled.jpg?resize=768%2C461&amp;ssl=1 768w, https:\/\/i0.wp.com\/cdnoticias.com\/wp-content\/uploads\/2022\/08\/marcelo-aba-rector02-scaled.jpg?resize=1536%2C921&amp;ssl=1 1536w, https:\/\/i0.wp.com\/cdnoticias.com\/wp-content\/uploads\/2022\/08\/marcelo-aba-rector02-scaled.jpg?resize=2048%2C1228&amp;ssl=1 2048w, https:\/\/i0.wp.com\/cdnoticias.com\/wp-content\/uploads\/2022\/08\/marcelo-aba-rector02-scaled.jpg?w=1600&amp;ssl=1 1600w, https:\/\/i0.wp.com\/cdnoticias.com\/wp-content\/uploads\/2022\/08\/marcelo-aba-rector02-scaled.jpg?w=2400&amp;ssl=1 2400w\" sizes=\"auto, (max-width: 800px) 100vw, 800px\" \/><\/figure>\n\n\n\n<p><\/p>\n\n\n\n<blockquote class=\"wp-block-quote is-layout-flow wp-block-quote-is-layout-flow\">\n<p>\u201cPor un lado perdemos docentes que empiezan a buscar otros horizontes\u201d dijo para indicar que algunos buscan pasarse al sector privado mientras que otros migran al exterior para desarrollarse all\u00ed en sus profesiones. De esta manera, \u201cse est\u00e1 haciendo compleja la renovaci\u00f3n\u201d advirti\u00f3 sobre los reemplazos de esos profesores o de quienes se jubilan ya que los sueldos no son atractivos.<\/p>\n<\/blockquote>\n\n\n\n<p><\/p>\n\n\n\n<h2 class=\"wp-block-heading\">Un listado de problemas<\/h2>\n\n\n\n<p><\/p>\n\n\n\n<p>Marcelo Aba expres\u00f3 que para las universidades, <strong>lo salarial aparece hoy como \u201cla problem\u00e1tica m\u00e1s importante\u201d<\/strong>, pero aludi\u00f3 a otras situaciones que tambi\u00e9n suman aspectos negativos al desarrollo institucional.<\/p>\n\n\n\n<p><\/p>\n\n\n\n<p>Se refiri\u00f3 a \u201cinconvenientes que hemos tenido durante estos dos a\u00f1os\u201d del mandato de Milei sobre <em>\u201cel presupuesto de funcionamiento, la ca\u00edda en brutal en aportes para investigaci\u00f3n, para generaci\u00f3n de conocimiento, las becas estudiantiles que no se recomponen y lo que tiene que ver con infraestructura\u201d<\/em>.<\/p>\n\n\n\n<p><\/p>\n\n\n\n<p>Subray\u00f3 que en ese marco,<strong> \u201cestamos poniendo como primer objetivo a tratar de resolver la cuesti\u00f3n del trabajador,<\/strong> porque si no, claramente <strong>va a ser dif\u00edcil llevar adelante lo cotidiano, pero tambi\u00e9n proyectar una universidad de calidad del futuro\u201d<\/strong>.<\/p>\n\n\n\n<p><\/p>\n\n\n\n<figure class=\"wp-block-embed is-type-wp-embed is-provider-central-de-noticias-olavarr-a wp-block-embed-central-de-noticias-olavarr-a\"><div class=\"wp-block-embed__wrapper\">\n<blockquote class=\"wp-embedded-content\" data-secret=\"XtbkeqfpWu\"><a href=\"https:\/\/cdnoticias.com\/index.php\/2025\/08\/07\/ruidazo-en-defensa-de-la-ciencia-la-investigacion-nacional-es-prioritaria\/\">Ruidazo en defensa de la ciencia: \u201cla investigaci\u00f3n nacional es prioritaria\u201d<\/a><\/blockquote><iframe loading=\"lazy\" class=\"wp-embedded-content\" sandbox=\"allow-scripts\" security=\"restricted\" style=\"position: absolute; visibility: hidden;\" title=\"&#8220;Ruidazo en defensa de la ciencia: \u201cla investigaci\u00f3n nacional es prioritaria\u201d&#8221; &#8212; Central de Noticias | Olavarr\u00eda\" src=\"https:\/\/cdnoticias.com\/index.php\/2025\/08\/07\/ruidazo-en-defensa-de-la-ciencia-la-investigacion-nacional-es-prioritaria\/embed\/#?secret=9avygo25pI#?secret=XtbkeqfpWu\" data-secret=\"XtbkeqfpWu\" width=\"600\" height=\"338\" frameborder=\"0\" marginwidth=\"0\" marginheight=\"0\" scrolling=\"no\"><\/iframe>\n<\/div><\/figure>\n","protected":false},"excerpt":{"rendered":"<p>Lo dijo el rector de la Unicen, Marcelo Aba, en referencia al 2% de aumento que se decret\u00f3 para el<\/p>\n","protected":false},"author":4,"featured_media":169266,"comment_status":"closed","ping_status":"closed","sticky":false,"template":"","format":"standard","meta":{"_jetpack_memberships_contains_paid_content":false,"footnotes":""},"categories":[4,1],"tags":[],"class_list":["post-193848","post","type-post","status-publish","format-standard","has-post-thumbnail","hentry","category-politica","category-portada"],"jetpack_featured_media_url":"https:\/\/i0.wp.com\/cdnoticias.com\/wp-content\/uploads\/2025\/04\/anuncio-facultad-de-salud-01-marcelo-aba.jpg?fit=1000%2C556&ssl=1","jetpack_sharing_enabled":true,"_links":{"self":[{"href":"https:\/\/cdnoticias.com\/index.php\/wp-json\/wp\/v2\/posts\/193848","targetHints":{"allow":["GET"]}}],"collection":[{"href":"https:\/\/cdnoticias.com\/index.php\/wp-json\/wp\/v2\/posts"}],"about":[{"href":"https:\/\/cdnoticias.com\/index.php\/wp-json\/wp\/v2\/types\/post"}],"author":[{"embeddable":true,"href":"https:\/\/cdnoticias.com\/index.php\/wp-json\/wp\/v2\/users\/4"}],"replies":[{"embeddable":true,"href":"https:\/\/cdnoticias.com\/index.php\/wp-json\/wp\/v2\/comments?post=193848"}],"version-history":[{"count":0,"href":"https:\/\/cdnoticias.com\/index.php\/wp-json\/wp\/v2\/posts\/193848\/revisions"}],"wp:featuredmedia":[{"embeddable":true,"href":"https:\/\/cdnoticias.com\/index.php\/wp-json\/wp\/v2\/media\/169266"}],"wp:attachment":[{"href":"https:\/\/cdnoticias.com\/index.php\/wp-json\/wp\/v2\/media?parent=193848"}],"wp:term":[{"taxonomy":"category","embeddable":true,"href":"https:\/\/cdnoticias.com\/index.php\/wp-json\/wp\/v2\/categories?post=193848"},{"taxonomy":"post_tag","embeddable":true,"href":"https:\/\/cdnoticias.com\/index.php\/wp-json\/wp\/v2\/tags?post=193848"}],"curies":[{"name":"wp","href":"https:\/\/api.w.org\/{rel}","templated":true}]}}