{"id":193836,"date":"2026-01-28T11:29:24","date_gmt":"2026-01-28T14:29:24","guid":{"rendered":"https:\/\/cdnoticias.com\/?p=193836"},"modified":"2026-01-28T17:46:02","modified_gmt":"2026-01-28T20:46:02","slug":"presentan-oficialmente-la-nueva-edicion-del-festival-nacional-de-doma-y-folclore-de-olavarria","status":"publish","type":"post","link":"https:\/\/cdnoticias.com\/index.php\/2026\/01\/28\/presentan-oficialmente-la-nueva-edicion-del-festival-nacional-de-doma-y-folclore-de-olavarria\/","title":{"rendered":"Presentan oficialmente la nueva edici\u00f3n del Festival Nacional de Doma y Folclore de Olavarr\u00eda"},"content":{"rendered":"\n<p>El lanzamiento ser\u00e1 este viernes 30 de enero en la Casa del Bicentenario, con conferencia de prensa, shows musicales en vivo y entrada libre y gratuita.<\/p>\n\n\n\n<hr class=\"wp-block-separator has-alpha-channel-opacity\"\/>\n\n\n\n<p>La comisi\u00f3n organizadora del<strong> Festival Nacional de Doma y Folclore de Olavarr\u00eda <\/strong>invita a la comunidad a participar de la presentaci\u00f3n oficial de la<strong> 22\u00aa edici\u00f3n del evento<\/strong>. El lanzamiento se realizar\u00e1 este <strong>viernes 30 de enero, a partir de las 19:00 horas, en la Casa del Bicentenario.<\/strong><\/p>\n\n\n\n<p><\/p>\n\n\n\n<p>La jornada comenzar\u00e1 con una <strong>conferencia de prensa<\/strong> que<strong> contar\u00e1 con la participaci\u00f3n de las m\u00e1ximas autoridades del festival y funcionarios municipales.<\/strong> En ese marco, se brindar\u00e1n<strong> detalles finales vinculados a la organizaci\u00f3n general, los dispositivos de seguridad y las expectativas para las tres noches del festival, <\/strong>destacando la importancia de esta fiesta nacional para la identidad cultural de Olavarr\u00eda.<\/p>\n\n\n\n<p><\/p>\n\n\n\n<blockquote class=\"wp-block-quote is-layout-flow wp-block-quote-is-layout-flow\">\n<p>Finalizados los anuncios oficiales, el p\u00fablico podr\u00e1 disfrutar de una <strong>propuesta art\u00edstica con<\/strong> <strong>entrada libre y gratuita. <\/strong>Para esta presentaci\u00f3n fueron confirmadas las actuaciones de <strong>Herederos, Paloma Pacheco, Facundo Quiroga, Jesica Minteguia, Pancho Fuentes y Nico Centineo.<\/strong><\/p>\n<\/blockquote>\n\n\n\n<p><\/p>\n\n\n\n<p>Adem\u00e1s, el evento contar\u00e1 con espacios destinados a <strong>artesanos y gastronom\u00eda<\/strong>, ofreciendo a los asistentes un anticipo del clima festivo que se vivir\u00e1 en el predio de la Sociedad Rural durante el desarrollo del festival, previsto para los d\u00edas <strong>13, 14 y 15 de febrero.<\/strong><\/p>\n\n\n\n<p><\/p>\n\n\n\n<p>En la ocasi\u00f3n se brindar\u00e1n detalles acerca del evento que en esta edici\u00f3n contar\u00e1 con las <strong>presentaciones en vivo de artistas nacionales destacados,<\/strong> tales como <strong>Los Nocheros, \u00c1ngela Leiva, Ahyre y Carlos Ram\u00f3n Fern\u00e1ndez,<\/strong> en una nutrida grilla que tendr\u00e1 tambi\u00e9n la participaci\u00f3n de m\u00fasicos locales.<\/p>\n\n\n\n<p><\/p>\n\n\n\n<p>Por \u00faltimo, desde la subsecretar\u00eda de Cultura del Municipio se inform\u00f3 que<strong> a partir del 2 de febrero se iniciar\u00e1 la entrega de entradas para personas con Discapacidad. <\/strong>Se lo har\u00e1 en el <strong>Teatro Municipal, en el horario de 7 a 14 horas<\/strong>, y <strong>se deber\u00e1 presentar -sin excepci\u00f3n- Documento Nacional de Identidad y CUD, el Certificado \u00danico de Discapacidad<\/strong>. Ser\u00e1 por orden de llegada y hasta agotar el cupo disponible.<\/p>\n\n\n\n<p><\/p>\n\n\n\n<p><\/p>\n","protected":false},"excerpt":{"rendered":"<p>El lanzamiento ser\u00e1 este viernes 30 de enero en la Casa del Bicentenario, con conferencia de prensa, shows musicales en<\/p>\n","protected":false},"author":5,"featured_media":166041,"comment_status":"closed","ping_status":"closed","sticky":false,"template":"","format":"standard","meta":{"_jetpack_memberships_contains_paid_content":false,"footnotes":""},"categories":[9,1],"tags":[],"class_list":["post-193836","post","type-post","status-publish","format-standard","has-post-thumbnail","hentry","category-cultura","category-portada"],"jetpack_featured_media_url":"https:\/\/i0.wp.com\/cdnoticias.com\/wp-content\/uploads\/2025\/03\/festival-de-doma-2025-b.jpg?fit=1000%2C556&ssl=1","jetpack_sharing_enabled":true,"_links":{"self":[{"href":"https:\/\/cdnoticias.com\/index.php\/wp-json\/wp\/v2\/posts\/193836","targetHints":{"allow":["GET"]}}],"collection":[{"href":"https:\/\/cdnoticias.com\/index.php\/wp-json\/wp\/v2\/posts"}],"about":[{"href":"https:\/\/cdnoticias.com\/index.php\/wp-json\/wp\/v2\/types\/post"}],"author":[{"embeddable":true,"href":"https:\/\/cdnoticias.com\/index.php\/wp-json\/wp\/v2\/users\/5"}],"replies":[{"embeddable":true,"href":"https:\/\/cdnoticias.com\/index.php\/wp-json\/wp\/v2\/comments?post=193836"}],"version-history":[{"count":0,"href":"https:\/\/cdnoticias.com\/index.php\/wp-json\/wp\/v2\/posts\/193836\/revisions"}],"wp:featuredmedia":[{"embeddable":true,"href":"https:\/\/cdnoticias.com\/index.php\/wp-json\/wp\/v2\/media\/166041"}],"wp:attachment":[{"href":"https:\/\/cdnoticias.com\/index.php\/wp-json\/wp\/v2\/media?parent=193836"}],"wp:term":[{"taxonomy":"category","embeddable":true,"href":"https:\/\/cdnoticias.com\/index.php\/wp-json\/wp\/v2\/categories?post=193836"},{"taxonomy":"post_tag","embeddable":true,"href":"https:\/\/cdnoticias.com\/index.php\/wp-json\/wp\/v2\/tags?post=193836"}],"curies":[{"name":"wp","href":"https:\/\/api.w.org\/{rel}","templated":true}]}}