{"id":193834,"date":"2026-01-28T09:43:59","date_gmt":"2026-01-28T12:43:59","guid":{"rendered":"https:\/\/cdnoticias.com\/?p=193834"},"modified":"2026-01-28T09:44:01","modified_gmt":"2026-01-28T12:44:01","slug":"olavarria-en-verano-propuestas-culturales-y-recreativas-para-este-miercoles","status":"publish","type":"post","link":"https:\/\/cdnoticias.com\/index.php\/2026\/01\/28\/olavarria-en-verano-propuestas-culturales-y-recreativas-para-este-miercoles\/","title":{"rendered":"\u201cOlavarr\u00eda en Verano\u201d: propuestas culturales y recreativas para este mi\u00e9rcoles"},"content":{"rendered":"\n<p>El Municipio ofrece actividades gratuitas durante toda la jornada, con talleres, clases abiertas y propuestas art\u00edsticas para distintas edades en varios puntos del Partido.<\/p>\n\n\n\n<hr class=\"wp-block-separator has-alpha-channel-opacity\"\/>\n\n\n\n<p>El Municipio de Olavarr\u00eda invita a la comunidad a participar de las distintas actividades del Programa Municipal \u201cOlavarr\u00eda en Verano\u201d, que propone una amplia agenda cultural, art\u00edstica, recreativa y deportiva durante el receso estival, con acceso libre y gratuito.<\/p>\n\n\n\n<p><\/p>\n\n\n\n<p>Las propuestas, organizadas por diferentes \u00e1reas municipales, se desarrollan en diversos espacios de la ciudad y las localidades. El <a href=\"https:\/\/www.olavarria.gov.ar\/agenda-de-verano\/\" data-type=\"link\" data-id=\"https:\/\/www.olavarria.gov.ar\/agenda-de-verano\/\">cronograma completo<\/a> puede consultarse en el sitio oficial del Municipio, www.olavarria.gov.ar<\/p>\n\n\n\n<p><\/p>\n\n\n\n<p><strong>A continuaci\u00f3n, las actividades previstas para este mi\u00e9rcoles:<\/strong><\/p>\n\n\n\n<p><\/p>\n\n\n\n<p><strong>9:30 a 11:30 horas \u2013 Taller de Poes\u00eda y Narrativa<\/strong><br>Centro Cultural San Jos\u00e9.<br>Actividad sin inscripci\u00f3n previa, destinada a adultos y j\u00f3venes.<\/p>\n\n\n\n<p><\/p>\n\n\n\n<p><strong>10 horas \u2013 Arte en Vacaciones<\/strong><br>Museo Municipal de Espigas, Museo de la Piedra Emma Occhi de Sierra Chica, Museo de Colonia San Miguel, Museo de Colonia Hinojo, Museo Hogar Loma Negra y Museo de la Estaci\u00f3n de Sierras Bayas.<br>Propuesta art\u00edstica para crear, pintar e imaginar mediante distintos materiales.<br>No requiere inscripci\u00f3n. Dirigida a ni\u00f1eces de entre 5 y 10 a\u00f1os.<\/p>\n\n\n\n<p><\/p>\n\n\n\n<p><strong>16 horas \u2013 Taller de Telar<\/strong><br>Escuela de Orfebrer\u00eda (Bol\u00edvar 3332).<br>Se abordar\u00e1n t\u00e9cnicas del oficio aplicadas a piezas artesanales.<br>A partir de los 14 a\u00f1os. Requiere inscripci\u00f3n mediante formulario.<\/p>\n\n\n\n<p><\/p>\n\n\n\n<p><strong>16 horas \u2013 Taller de Tallado en Madera<\/strong><br>Escuela de Orfebrer\u00eda (Bol\u00edvar 3332).<br>T\u00e9cnicas del oficio aplicadas a diferentes piezas artesanales.<br>A partir de los 14 a\u00f1os. Requiere inscripci\u00f3n mediante formulario.<\/p>\n\n\n\n<p><\/p>\n\n\n\n<p>18:30 horas \u2013 Clase abierta de Danzas Folkl\u00f3ricas<br>Centro Cultural Sierras Bayas.<br>A cargo del profesor Juan Jos\u00e9 Rivas.<br>Sin inscripci\u00f3n. Para principiantes adolescentes, j\u00f3venes y adultos.<\/p>\n\n\n\n<p><\/p>\n\n\n\n<p><strong>18:30 horas \u2013 Clase abierta de Salsa y Bachata<\/strong><br>Plaza Aguado \u2013 Monumento a San Mart\u00edn.<br>A cargo del profesor Mauricio Vega.<br>Sin inscripci\u00f3n. Para adolescentes, j\u00f3venes y adultos.<\/p>\n\n\n\n<p><\/p>\n\n\n\n<p><strong>19 horas \u2013 \u201cRespiraciones (desde las neurociencias) Comunicaci\u00f3n Celestial\u201d<\/strong><br>Museo de las Ciencias.<br>Propuesta a cargo de la profesora M\u00f3nica Rossi.<br>Sin inscripci\u00f3n. Para adolescentes, j\u00f3venes y adultos. Se solicita llevar colchoneta.<\/p>\n\n\n\n<p><\/p>\n\n\n\n<p><strong>19 horas \u2013 Taller de Danza y Arte<\/strong><br>Museo D\u00e1maso Arce.<br>A cargo de los profesores Delia Ortega y Lucas Serantes.<br>Sin inscripci\u00f3n. Destinado a ni\u00f1eces de entre 5 y 12 a\u00f1os.<\/p>\n\n\n\n<p><\/p>\n\n\n\n<p><strong>19:30 horas \u2013 Clase abierta de Danzas Folkl\u00f3ricas<\/strong><br>Centro Cultural Sierras Bayas.<br>A cargo del profesor Juan Jos\u00e9 Rivas.<br>Sin inscripci\u00f3n. Para personas con conocimientos previos en danzas folkl\u00f3ricas.<\/p>\n\n\n\n<p><\/p>\n\n\n\n<p><strong>19:30 horas \u2013 Apertura de Sala Fl\u00faor \u201cBajo el mar\u201d y Taller \u201cIluminamos el mar\u201d<\/strong><br>Museo D\u00e1maso Arce.<br>Propuesta sensorial para descubrir el arte a trav\u00e9s del color y las texturas.<br>El taller se realizar\u00e1 en dos turnos: de 19:30 a 20:00 y de 20:15 a 20:45 horas.<br>Sin inscripci\u00f3n, por orden de llegada. Para todas las edades. Cupos limitados: grupos de hasta 10 personas.<\/p>\n\n\n\n<p><\/p>\n","protected":false},"excerpt":{"rendered":"<p>El Municipio ofrece actividades gratuitas durante toda la jornada, con talleres, clases abiertas y propuestas art\u00edsticas para distintas edades en<\/p>\n","protected":false},"author":5,"featured_media":176747,"comment_status":"closed","ping_status":"closed","sticky":false,"template":"","format":"standard","meta":{"_jetpack_memberships_contains_paid_content":false,"footnotes":""},"categories":[9,1],"tags":[],"class_list":["post-193834","post","type-post","status-publish","format-standard","has-post-thumbnail","hentry","category-cultura","category-portada"],"jetpack_featured_media_url":"https:\/\/i0.wp.com\/cdnoticias.com\/wp-content\/uploads\/2025\/07\/centro-cultural-municipal-san-jose-1.jpeg?fit=1000%2C563&ssl=1","jetpack_sharing_enabled":true,"_links":{"self":[{"href":"https:\/\/cdnoticias.com\/index.php\/wp-json\/wp\/v2\/posts\/193834","targetHints":{"allow":["GET"]}}],"collection":[{"href":"https:\/\/cdnoticias.com\/index.php\/wp-json\/wp\/v2\/posts"}],"about":[{"href":"https:\/\/cdnoticias.com\/index.php\/wp-json\/wp\/v2\/types\/post"}],"author":[{"embeddable":true,"href":"https:\/\/cdnoticias.com\/index.php\/wp-json\/wp\/v2\/users\/5"}],"replies":[{"embeddable":true,"href":"https:\/\/cdnoticias.com\/index.php\/wp-json\/wp\/v2\/comments?post=193834"}],"version-history":[{"count":0,"href":"https:\/\/cdnoticias.com\/index.php\/wp-json\/wp\/v2\/posts\/193834\/revisions"}],"wp:featuredmedia":[{"embeddable":true,"href":"https:\/\/cdnoticias.com\/index.php\/wp-json\/wp\/v2\/media\/176747"}],"wp:attachment":[{"href":"https:\/\/cdnoticias.com\/index.php\/wp-json\/wp\/v2\/media?parent=193834"}],"wp:term":[{"taxonomy":"category","embeddable":true,"href":"https:\/\/cdnoticias.com\/index.php\/wp-json\/wp\/v2\/categories?post=193834"},{"taxonomy":"post_tag","embeddable":true,"href":"https:\/\/cdnoticias.com\/index.php\/wp-json\/wp\/v2\/tags?post=193834"}],"curies":[{"name":"wp","href":"https:\/\/api.w.org\/{rel}","templated":true}]}}