{"id":193823,"date":"2026-01-28T10:25:03","date_gmt":"2026-01-28T13:25:03","guid":{"rendered":"https:\/\/cdnoticias.com\/?p=193823"},"modified":"2026-01-28T13:27:49","modified_gmt":"2026-01-28T16:27:49","slug":"detuvieron-a-un-hombre-armado-con-un-cuchillo-tras-provocar-disturbios-en-la-via-publica","status":"publish","type":"post","link":"https:\/\/cdnoticias.com\/index.php\/2026\/01\/28\/detuvieron-a-un-hombre-armado-con-un-cuchillo-tras-provocar-disturbios-en-la-via-publica\/","title":{"rendered":"Detuvieron a un hombre armado con un cuchillo tras provocar disturbios en la v\u00eda p\u00fablica"},"content":{"rendered":"\n<p>El procedimiento se realiz\u00f3 en calle Maip\u00fa al 3300, luego de un llamado al 911. Fue trasladado a la Comisar\u00eda Primera y qued\u00f3 a disposici\u00f3n judicial.<\/p>\n\n\n\n<hr class=\"wp-block-separator has-alpha-channel-opacity\"\/>\n\n\n\n<p>En las \u00faltimas horas, personal del Comando de Patrulla Olavarr\u00eda intervino tras un llamado al 911 que alertaba sobre<strong> disturbios en la zona de calle Maip\u00fa al 3300.<\/strong><\/p>\n\n\n\n<p><\/p>\n\n\n\n<p>Al arribar al lugar, <strong>los efectivos procedieron a la detenci\u00f3n de un hombre de 46 a\u00f1os,<\/strong> quien se encontraba en la v\u00eda p\u00fablica <strong>en aparente estado de ebriedad, ocasionando disturbios<\/strong> e incitando a pelear a las personas presentes.<\/p>\n\n\n\n<p><\/p>\n\n\n\n<figure class=\"wp-block-image size-full\"><img data-recalc-dims=\"1\" loading=\"lazy\" decoding=\"async\" width=\"800\" height=\"445\" src=\"https:\/\/i0.wp.com\/cdnoticias.com\/wp-content\/uploads\/2026\/01\/aprehendido-disturbios-02.png?resize=800%2C445&#038;ssl=1\" alt=\"\" class=\"wp-image-193824\" srcset=\"https:\/\/i0.wp.com\/cdnoticias.com\/wp-content\/uploads\/2026\/01\/aprehendido-disturbios-02.png?w=800&amp;ssl=1 800w, https:\/\/i0.wp.com\/cdnoticias.com\/wp-content\/uploads\/2026\/01\/aprehendido-disturbios-02.png?resize=300%2C167&amp;ssl=1 300w, https:\/\/i0.wp.com\/cdnoticias.com\/wp-content\/uploads\/2026\/01\/aprehendido-disturbios-02.png?resize=768%2C427&amp;ssl=1 768w\" sizes=\"auto, (max-width: 800px) 100vw, 800px\" \/><\/figure>\n\n\n\n<p><\/p>\n\n\n\n<p>Durante su identificaci\u00f3n, se constat\u00f3 que<strong> el hombre portaba un cuchillo entre sus prendas <\/strong>y que adem\u00e1s intent\u00f3 agredir al personal policial interviniente.<\/p>\n\n\n\n<p><\/p>\n\n\n\n<p>Como resultado del procedimiento, se llev\u00f3 a cabo el <strong>secuestro del arma blanca y el hombre fue trasladado a la Comisar\u00eda Primera<\/strong>, donde qued\u00f3 a disposici\u00f3n del Juzgado Correccional de Olavarr\u00eda.<\/p>\n","protected":false},"excerpt":{"rendered":"<p>El procedimiento se realiz\u00f3 en calle Maip\u00fa al 3300, luego de un llamado al 911. Fue trasladado a la Comisar\u00eda<\/p>\n","protected":false},"author":5,"featured_media":193825,"comment_status":"closed","ping_status":"closed","sticky":false,"template":"","format":"standard","meta":{"_jetpack_memberships_contains_paid_content":false,"footnotes":""},"categories":[14,1],"tags":[],"class_list":["post-193823","post","type-post","status-publish","format-standard","has-post-thumbnail","hentry","category-policiales","category-portada"],"jetpack_featured_media_url":"https:\/\/i0.wp.com\/cdnoticias.com\/wp-content\/uploads\/2026\/01\/aprehendido-disturbios-01.png?fit=800%2C445&ssl=1","jetpack_sharing_enabled":true,"_links":{"self":[{"href":"https:\/\/cdnoticias.com\/index.php\/wp-json\/wp\/v2\/posts\/193823","targetHints":{"allow":["GET"]}}],"collection":[{"href":"https:\/\/cdnoticias.com\/index.php\/wp-json\/wp\/v2\/posts"}],"about":[{"href":"https:\/\/cdnoticias.com\/index.php\/wp-json\/wp\/v2\/types\/post"}],"author":[{"embeddable":true,"href":"https:\/\/cdnoticias.com\/index.php\/wp-json\/wp\/v2\/users\/5"}],"replies":[{"embeddable":true,"href":"https:\/\/cdnoticias.com\/index.php\/wp-json\/wp\/v2\/comments?post=193823"}],"version-history":[{"count":0,"href":"https:\/\/cdnoticias.com\/index.php\/wp-json\/wp\/v2\/posts\/193823\/revisions"}],"wp:featuredmedia":[{"embeddable":true,"href":"https:\/\/cdnoticias.com\/index.php\/wp-json\/wp\/v2\/media\/193825"}],"wp:attachment":[{"href":"https:\/\/cdnoticias.com\/index.php\/wp-json\/wp\/v2\/media?parent=193823"}],"wp:term":[{"taxonomy":"category","embeddable":true,"href":"https:\/\/cdnoticias.com\/index.php\/wp-json\/wp\/v2\/categories?post=193823"},{"taxonomy":"post_tag","embeddable":true,"href":"https:\/\/cdnoticias.com\/index.php\/wp-json\/wp\/v2\/tags?post=193823"}],"curies":[{"name":"wp","href":"https:\/\/api.w.org\/{rel}","templated":true}]}}