{"id":193804,"date":"2026-01-27T18:32:27","date_gmt":"2026-01-27T21:32:27","guid":{"rendered":"https:\/\/cdnoticias.com\/?p=193804"},"modified":"2026-01-27T19:13:03","modified_gmt":"2026-01-27T22:13:03","slug":"carnavales-culmino-la-inscripcion-para-puestos-de-venta-de-comida-y-alquiler-de-sillas","status":"publish","type":"post","link":"https:\/\/cdnoticias.com\/index.php\/2026\/01\/27\/carnavales-culmino-la-inscripcion-para-puestos-de-venta-de-comida-y-alquiler-de-sillas\/","title":{"rendered":"Carnavales: Culmin\u00f3 la inscripci\u00f3n para puestos de venta de comida y alquiler de sillas"},"content":{"rendered":"\n<p>\u201cFue tal la demanda que el n\u00famero de entidades anotadas super\u00f3 el cupo previsto\u201d se\u00f1alaron desde la Direcci\u00f3n de Relaciones con la Comunidad.&nbsp;<\/p>\n\n\n\n<hr class=\"wp-block-separator aligncenter has-alpha-channel-opacity\"\/>\n\n\n\n<p>En la tarde de este lunes <strong>culmin\u00f3 el plazo para que instituciones puedan anotarse para participar en los Carnavales Oficiales 2026<\/strong> con <strong>puestos de comida o alquiler de sillas.&nbsp;<\/strong><\/p>\n\n\n\n<p><\/p>\n\n\n\n<blockquote class=\"wp-block-quote is-layout-flow wp-block-quote-is-layout-flow\">\n<p>Se recuerda que el tradicional y convocante evento se realizar\u00e1 durante las noches del 6, 7 y 8 de febrero, en el Cors\u00f3dromo Municipal.<\/p>\n<\/blockquote>\n\n\n\n<p><\/p>\n\n\n\n<p>La inscripci\u00f3n fue coordinada por la Direcci\u00f3n de Relaciones con la Comunidad, desde donde se destac\u00f3 y agradeci\u00f3 la respuesta de las instituciones del Partido. <strong><em>\u201cFue tal la demanda que el n\u00famero de entidades anotadas super\u00f3 el cupo previsto\u201d<\/em><\/strong> se\u00f1alaron.&nbsp;<\/p>\n\n\n\n<p><\/p>\n\n\n\n<p>En ese sentido, se explic\u00f3 que pr\u00f3ximamente se comunicar\u00e1n desde el \u00e1rea para confirmar la participaci\u00f3n, adem\u00e1s de informar ubicaci\u00f3n y diversos aspectos vinculados a la organizaci\u00f3n.<\/p>\n","protected":false},"excerpt":{"rendered":"<p>\u201cFue tal la demanda que el n\u00famero de entidades anotadas super\u00f3 el cupo previsto\u201d se\u00f1alaron desde la Direcci\u00f3n de Relaciones<\/p>\n","protected":false},"author":6,"featured_media":164801,"comment_status":"closed","ping_status":"closed","sticky":false,"template":"","format":"standard","meta":{"_jetpack_memberships_contains_paid_content":false,"footnotes":""},"categories":[5,1],"tags":[],"class_list":["post-193804","post","type-post","status-publish","format-standard","has-post-thumbnail","hentry","category-informacion-general","category-portada"],"jetpack_featured_media_url":"https:\/\/i0.wp.com\/cdnoticias.com\/wp-content\/uploads\/2025\/02\/Carnavales-oficiales-1.jpeg?fit=2560%2C1703&ssl=1","jetpack_sharing_enabled":true,"_links":{"self":[{"href":"https:\/\/cdnoticias.com\/index.php\/wp-json\/wp\/v2\/posts\/193804","targetHints":{"allow":["GET"]}}],"collection":[{"href":"https:\/\/cdnoticias.com\/index.php\/wp-json\/wp\/v2\/posts"}],"about":[{"href":"https:\/\/cdnoticias.com\/index.php\/wp-json\/wp\/v2\/types\/post"}],"author":[{"embeddable":true,"href":"https:\/\/cdnoticias.com\/index.php\/wp-json\/wp\/v2\/users\/6"}],"replies":[{"embeddable":true,"href":"https:\/\/cdnoticias.com\/index.php\/wp-json\/wp\/v2\/comments?post=193804"}],"version-history":[{"count":0,"href":"https:\/\/cdnoticias.com\/index.php\/wp-json\/wp\/v2\/posts\/193804\/revisions"}],"wp:featuredmedia":[{"embeddable":true,"href":"https:\/\/cdnoticias.com\/index.php\/wp-json\/wp\/v2\/media\/164801"}],"wp:attachment":[{"href":"https:\/\/cdnoticias.com\/index.php\/wp-json\/wp\/v2\/media?parent=193804"}],"wp:term":[{"taxonomy":"category","embeddable":true,"href":"https:\/\/cdnoticias.com\/index.php\/wp-json\/wp\/v2\/categories?post=193804"},{"taxonomy":"post_tag","embeddable":true,"href":"https:\/\/cdnoticias.com\/index.php\/wp-json\/wp\/v2\/tags?post=193804"}],"curies":[{"name":"wp","href":"https:\/\/api.w.org\/{rel}","templated":true}]}}