{"id":193781,"date":"2026-01-28T18:34:08","date_gmt":"2026-01-28T21:34:08","guid":{"rendered":"https:\/\/cdnoticias.com\/?p=193781"},"modified":"2026-01-28T18:34:10","modified_gmt":"2026-01-28T21:34:10","slug":"convocan-a-conformar-un-centro-de-formacion-profesional-de-la-economia-popular","status":"publish","type":"post","link":"https:\/\/cdnoticias.com\/index.php\/2026\/01\/28\/convocan-a-conformar-un-centro-de-formacion-profesional-de-la-economia-popular\/","title":{"rendered":"Convocan a conformar un Centro de Formaci\u00f3n Profesional de la Econom\u00eda Popular"},"content":{"rendered":"<p>La iniciativa est\u00e1 impulsada por el Movimiento de Trabajadores Excluidos y apunta a fortalecer cooperativas mediante formaci\u00f3n en oficios y acompa\u00f1amiento social comunitario.<!--more--><\/p>\n<hr \/>\n<p>\u00a0<\/p>\n\n\n<p>El <strong>Movimiento de Trabajadores Excluidos (MTE) <\/strong>lanz\u00f3 una<strong> convocatoria<\/strong> para la <strong>conformaci\u00f3n de un Centro de Formaci\u00f3n Profesional de la Econom\u00eda Popular<\/strong>, concebido como una herramienta estrat\u00e9gica para el fortalecimiento de las cooperativas del sector.<\/p>\n\n\n\n<p><\/p>\n\n\n\n<blockquote class=\"wp-block-quote is-layout-flow wp-block-quote-is-layout-flow\">\n<p>Seg\u00fan se inform\u00f3, el proyecto surge \u201ca partir de un diagn\u00f3stico construido en el trabajo cotidiano en los espacios productivos\u201d, donde se observa la llegada de j\u00f3venes en b\u00fasqueda de empleo que \u201cmuchas veces no logran sostenerlo debido a diversas problem\u00e1ticas sociales\u201d, as\u00ed como de personas que no han tenido la oportunidad de formarse en un oficio.<\/p>\n<\/blockquote>\n\n\n\n<p><\/p>\n\n\n\n<p><strong>\u201cEl Centro tendr\u00e1 como objetivo generar instancias de capacitaci\u00f3n orientadas a oficios y saberes productivos\u201d<\/strong> se destac\u00f3. La intenci\u00f3n expuesta es articular formaci\u00f3n t\u00e9cnica, acompa\u00f1amiento social y construcci\u00f3n colectiva del trabajo. Las <strong>propuestas formativas <\/strong>estar\u00e1n <strong>acompa\u00f1adas por dispositivos de contenci\u00f3n<\/strong> y <strong>seguimiento social<\/strong>, a cargo de equipos interdisciplinarios y profesionales de la salud comunitaria.<\/p>\n\n\n\n<p><\/p>\n\n\n\n<p>Desde la convocatoria se indic\u00f3 que el proceso formativo apunta a<strong> \u201cculminar con la inserci\u00f3n laboral de las y los participantes o con la conformaci\u00f3n de cooperativas de trabajo<\/strong>, promoviendo la organizaci\u00f3n, la autogesti\u00f3n y la consolidaci\u00f3n de unidades productivas basadas en los principios de la econom\u00eda popular, la solidaridad y la organizaci\u00f3n comunitaria\u201d.<\/p>\n\n\n\n<p><\/p>\n\n\n\n<p>En este marco, se convoca a sumarse a la conformaci\u00f3n del Centro de Formaci\u00f3n Profesional de la Econom\u00eda Popular a <strong>docentes de oficios o profesionales interesados en esa tarea<\/strong> y a<strong> profesionales de la salud con perspectiva comunitaria<\/strong>. Las personas interesadas pueden <strong>comunicarse al 2284-552771.<\/strong><\/p>\n","protected":false},"excerpt":{"rendered":"<p>La iniciativa est\u00e1 impulsada por el Movimiento de Trabajadores Excluidos y apunta a fortalecer cooperativas mediante formaci\u00f3n en oficios y<\/p>\n","protected":false},"author":4,"featured_media":193782,"comment_status":"closed","ping_status":"closed","sticky":false,"template":"","format":"standard","meta":{"_jetpack_memberships_contains_paid_content":false,"footnotes":""},"categories":[4,1],"tags":[],"class_list":["post-193781","post","type-post","status-publish","format-standard","has-post-thumbnail","hentry","category-politica","category-portada"],"jetpack_featured_media_url":"https:\/\/i0.wp.com\/cdnoticias.com\/wp-content\/uploads\/2026\/01\/oficios.jpg?fit=1000%2C556&ssl=1","jetpack_sharing_enabled":true,"_links":{"self":[{"href":"https:\/\/cdnoticias.com\/index.php\/wp-json\/wp\/v2\/posts\/193781","targetHints":{"allow":["GET"]}}],"collection":[{"href":"https:\/\/cdnoticias.com\/index.php\/wp-json\/wp\/v2\/posts"}],"about":[{"href":"https:\/\/cdnoticias.com\/index.php\/wp-json\/wp\/v2\/types\/post"}],"author":[{"embeddable":true,"href":"https:\/\/cdnoticias.com\/index.php\/wp-json\/wp\/v2\/users\/4"}],"replies":[{"embeddable":true,"href":"https:\/\/cdnoticias.com\/index.php\/wp-json\/wp\/v2\/comments?post=193781"}],"version-history":[{"count":0,"href":"https:\/\/cdnoticias.com\/index.php\/wp-json\/wp\/v2\/posts\/193781\/revisions"}],"wp:featuredmedia":[{"embeddable":true,"href":"https:\/\/cdnoticias.com\/index.php\/wp-json\/wp\/v2\/media\/193782"}],"wp:attachment":[{"href":"https:\/\/cdnoticias.com\/index.php\/wp-json\/wp\/v2\/media?parent=193781"}],"wp:term":[{"taxonomy":"category","embeddable":true,"href":"https:\/\/cdnoticias.com\/index.php\/wp-json\/wp\/v2\/categories?post=193781"},{"taxonomy":"post_tag","embeddable":true,"href":"https:\/\/cdnoticias.com\/index.php\/wp-json\/wp\/v2\/tags?post=193781"}],"curies":[{"name":"wp","href":"https:\/\/api.w.org\/{rel}","templated":true}]}}