{"id":19378,"date":"2021-04-21T09:04:40","date_gmt":"2021-04-21T12:04:40","guid":{"rendered":"http:\/\/www.centraldenoticias.com.ar\/?p=19378"},"modified":"2021-04-21T09:04:40","modified_gmt":"2021-04-21T12:04:40","slug":"pedido-por-la-presencialidad-en-una-escuela-de-25-de-mayo","status":"publish","type":"post","link":"https:\/\/cdnoticias.com\/index.php\/2021\/04\/21\/pedido-por-la-presencialidad-en-una-escuela-de-25-de-mayo\/","title":{"rendered":"Pedido por la presencialidad en una escuela de 25 de Mayo"},"content":{"rendered":"<p>Los diputados de Juntos por el Cambio, entre ellos Juan Carrara, solicitaron la medida a la Direcci\u00f3n General de Escuelas. Se trata de la Escuela Agrot\u00e9cnica Salesiana Del Valle cuyos alumnos se ven impedidos de quedarse en la residencia.<!--more--><\/p>\n<hr \/>\n<p><strong>Desde Juntos por el Cambio pidieron que la Provincia garantice la asistencia presencial de los alumnos internos de la Escuela Agrot\u00e9cnica Salesiana Del Valle del municipio de 25 de Mayo<\/strong>.<\/p>\n<p>&nbsp;<\/p>\n<p>Exigieron adem\u00e1s \u201c<strong>que se adopten y se cumplan todas las medidas de seguridad sanitarias<\/strong> correspondientes para evitar los contagios por Covid-19. Desde el colegio se\u00f1alaron que <strong>la ministra Agustina Vila conoce el tema y prometi\u00f3 una pronta soluci\u00f3n, pero a\u00fan est\u00e1n a la espera<\/strong>\u201d se inform\u00f3.<\/p>\n<p>&nbsp;<\/p>\n<p>Los<strong> diputados de JxC Mauricio Vivani, Juan Carrara, Fernando Rovello, Alejandra Lorden, Valent\u00edn Miranda, y Emiliano Balb\u00edn<\/strong>, presentaron una <strong>iniciativa parlamentaria<\/strong> para solicitarle al Gobernador que garantice la asistencia escolar de forma presencial y permanente de los alumnos internos de la <strong>Escuela Agrot\u00e9cnica Salesiana (EAS), DIPREGEP N\u00ba 4821, Del Valle (6509)<\/strong>.<\/p>\n<p>&nbsp;<\/p>\n<figure id=\"attachment_19380\" aria-describedby=\"caption-attachment-19380\" style=\"width: 400px\" class=\"wp-caption aligncenter\"><img data-recalc-dims=\"1\" loading=\"lazy\" decoding=\"async\" class=\"wp-image-19380\" src=\"https:\/\/i0.wp.com\/cdnoticias.com\/wp-content\/uploads\/2021\/04\/diputado-Carrara.jpg?resize=400%2C400&#038;ssl=1\" alt=\"\" width=\"400\" height=\"400\" srcset=\"https:\/\/i0.wp.com\/cdnoticias.com\/wp-content\/uploads\/2021\/04\/diputado-Carrara.jpg?resize=300%2C300&amp;ssl=1 300w, https:\/\/i0.wp.com\/cdnoticias.com\/wp-content\/uploads\/2021\/04\/diputado-Carrara.jpg?resize=150%2C150&amp;ssl=1 150w, https:\/\/i0.wp.com\/cdnoticias.com\/wp-content\/uploads\/2021\/04\/diputado-Carrara.jpg?resize=768%2C769&amp;ssl=1 768w, https:\/\/i0.wp.com\/cdnoticias.com\/wp-content\/uploads\/2021\/04\/diputado-Carrara.jpg?w=820&amp;ssl=1 820w\" sizes=\"auto, (max-width: 400px) 100vw, 400px\" \/><figcaption id=\"caption-attachment-19380\" class=\"wp-caption-text\">Diputado Juan Carrara (Juntos por el Cambio).<\/figcaption><\/figure>\n<p>&nbsp;<\/p>\n<p>\u201cLa Escuela Agrot\u00e9cnica Salesiana (EAS) N\u00ba 4821, <strong>se encuentra en la localidad de Del Valle, partido de 25 de Mayo, y se caracteriza por tener alumnos internos<\/strong>. Cuenta con una residencia estudiantil, debido a que sus alumnos son procedentes de otros lugares m\u00e1s alejados, teniendo que recorrer una gran distancia para poder asistir y permanecer en la instituci\u00f3n educativa\u201d se explic\u00f3 desde Juntos por el Cambio.<\/p>\n<p>&nbsp;<\/p>\n<blockquote><p>Ante el contexto sanitario, \u201cla Provincia prohibi\u00f3 la utilizaci\u00f3n de la residencia, no pudiendo albergar a los estudiantes, aplicando la misma normativa que las dem\u00e1s escuelas de la provincia\u201d se indic\u00f3. A ra\u00edz de esto, los padres enviaron una nota a la Directora General de Cultura y Educaci\u00f3n, Agustina Vila, solicit\u00e1ndole \u201cque se tenga en cuenta la especial situaci\u00f3n de la escuela pupila, siendo su caso diferente al resto\u201d.<\/p><\/blockquote>\n<p>&nbsp;<\/p>\n<p>Para que, debido a las caracter\u00edsticas particulares del establecimiento educativo, los grandes espacios f\u00edsicos que posee y los protocolos vigentes para evitar los contagios, se les permita seguir funcionando con normalidad y permanencia. De lo contrario \u2013informaron desde el colegio- <strong>muchos de los padres estar\u00edan dispuestos a pedir el pase a otras instituciones<\/strong>, afectando el normal funcionamiento de la instituci\u00f3n.<\/p>\n<p>&nbsp;<\/p>\n<p>La Directora General Vila tom\u00f3 conocimiento de la situaci\u00f3n particular y asumi\u00f3 el compromiso de resolver el pedido. Sin embargo, \u201c<strong>a la fecha a\u00fan no ha tenido respuesta en la instituci\u00f3n<\/strong>, por lo que la comunidad educativa insiste en buscar mecanismos para resolver esta circunstancia tan angustiante\u201d.<\/p>\n<p>&nbsp;<\/p>\n<blockquote><p>Desde JxC, los legisladores argumentaron el pedido en que \u201cla presencialidad en la educaci\u00f3n es fundamental para el desarrollo de los chicos, y de todos los que la defienden, sabiendo que es irremplazable por otros medios tecnol\u00f3gicos, que ya fueron probados durante el aislamiento del a\u00f1o pasado\u201d.<\/p><\/blockquote>\n<p>&nbsp;<\/p>\n<p>\u201cPor este motivo \u2013agregaron-, y en concordancia con la voluntad de los padres de esa comunidad, es que <strong>se le solicita a las autoridades pertinentes que decidan permitir desarrollar la actividad educativa<\/strong> en el establecimiento en cuesti\u00f3n, de manera presencial y con permanencia\u201d.<\/p>\n<p>&nbsp;<\/p>\n<p>\u201cSi la ministra conociera estos colegios entender\u00eda mejor la din\u00e1mica de los mismos, y dar\u00eda curso favorable al pedido\u201d, finalizaron los legisladores.<\/p>\n","protected":false},"excerpt":{"rendered":"<p>Los diputados de Juntos por el Cambio, entre ellos Juan Carrara, solicitaron la medida a la Direcci\u00f3n General de Escuelas.<\/p>\n","protected":false},"author":4,"featured_media":19379,"comment_status":"closed","ping_status":"closed","sticky":false,"template":"","format":"standard","meta":{"_jetpack_memberships_contains_paid_content":false,"footnotes":""},"categories":[6,1],"tags":[],"class_list":["post-19378","post","type-post","status-publish","format-standard","has-post-thumbnail","hentry","category-nacionales","category-portada"],"jetpack_featured_media_url":"https:\/\/i0.wp.com\/cdnoticias.com\/wp-content\/uploads\/2021\/04\/escuela-salesiana-25-de-mayo.jpeg?fit=768%2C432&ssl=1","jetpack_sharing_enabled":true,"_links":{"self":[{"href":"https:\/\/cdnoticias.com\/index.php\/wp-json\/wp\/v2\/posts\/19378","targetHints":{"allow":["GET"]}}],"collection":[{"href":"https:\/\/cdnoticias.com\/index.php\/wp-json\/wp\/v2\/posts"}],"about":[{"href":"https:\/\/cdnoticias.com\/index.php\/wp-json\/wp\/v2\/types\/post"}],"author":[{"embeddable":true,"href":"https:\/\/cdnoticias.com\/index.php\/wp-json\/wp\/v2\/users\/4"}],"replies":[{"embeddable":true,"href":"https:\/\/cdnoticias.com\/index.php\/wp-json\/wp\/v2\/comments?post=19378"}],"version-history":[{"count":0,"href":"https:\/\/cdnoticias.com\/index.php\/wp-json\/wp\/v2\/posts\/19378\/revisions"}],"wp:featuredmedia":[{"embeddable":true,"href":"https:\/\/cdnoticias.com\/index.php\/wp-json\/wp\/v2\/media\/19379"}],"wp:attachment":[{"href":"https:\/\/cdnoticias.com\/index.php\/wp-json\/wp\/v2\/media?parent=19378"}],"wp:term":[{"taxonomy":"category","embeddable":true,"href":"https:\/\/cdnoticias.com\/index.php\/wp-json\/wp\/v2\/categories?post=19378"},{"taxonomy":"post_tag","embeddable":true,"href":"https:\/\/cdnoticias.com\/index.php\/wp-json\/wp\/v2\/tags?post=19378"}],"curies":[{"name":"wp","href":"https:\/\/api.w.org\/{rel}","templated":true}]}}