{"id":193775,"date":"2026-01-27T12:58:42","date_gmt":"2026-01-27T15:58:42","guid":{"rendered":"https:\/\/cdnoticias.com\/?p=193775"},"modified":"2026-01-27T17:30:27","modified_gmt":"2026-01-27T20:30:27","slug":"el-laboratorio-de-medicamentos-del-hospital-municipal-inicio-la-produccion-2026","status":"publish","type":"post","link":"https:\/\/cdnoticias.com\/index.php\/2026\/01\/27\/el-laboratorio-de-medicamentos-del-hospital-municipal-inicio-la-produccion-2026\/","title":{"rendered":"El Laboratorio de Medicamentos del Hospital Municipal inici\u00f3 la producci\u00f3n 2026"},"content":{"rendered":"\n<p>Comenz\u00f3 con la elaboraci\u00f3n de crema de cortisona para abastecer al sistema p\u00fablico local y se proyecta continuar con cremas, jarabes, soluciones y comprimidos durante el a\u00f1o.<\/p>\n\n\n\n<hr class=\"wp-block-separator has-alpha-channel-opacity\"\/>\n\n\n\n<p>El Municipio de Olavarr\u00eda inform\u00f3 que el<strong> Laboratorio de Producci\u00f3n P\u00fablica de Medicamentos<\/strong>, que funciona en el Hospital Municipal \u201cDoctor H\u00e9ctor Cura\u201d, inici\u00f3 su producci\u00f3n correspondiente al a\u00f1o 2026, dando continuidad a una tarea considerada estrat\u00e9gica en materia de <strong>soberan\u00eda sanitaria.<\/strong><\/p>\n\n\n\n<p><\/p>\n\n\n\n<p>En ese marco, desde el \u00e1rea se detall\u00f3 que ya comenz\u00f3 la<strong> producci\u00f3n y el envasado de crema de cortisona, con un lote compuesto por 2.700 unidades.<\/strong> Seg\u00fan indicaron los responsables del sector, dicha cantidad permitir\u00e1 cubrir el consumo del Sistema P\u00fablico de Salud de Olavarr\u00eda por los pr\u00f3ximos dos a\u00f1os.<\/p>\n\n\n\n<p><\/p>\n\n\n\n<figure class=\"wp-block-image size-full\"><img data-recalc-dims=\"1\" loading=\"lazy\" decoding=\"async\" width=\"800\" height=\"445\" src=\"https:\/\/i0.wp.com\/cdnoticias.com\/wp-content\/uploads\/2026\/01\/laboratorio-medicamentos-hospital-04.png?resize=800%2C445&#038;ssl=1\" alt=\"\" class=\"wp-image-193776\" srcset=\"https:\/\/i0.wp.com\/cdnoticias.com\/wp-content\/uploads\/2026\/01\/laboratorio-medicamentos-hospital-04.png?w=800&amp;ssl=1 800w, https:\/\/i0.wp.com\/cdnoticias.com\/wp-content\/uploads\/2026\/01\/laboratorio-medicamentos-hospital-04.png?resize=300%2C167&amp;ssl=1 300w, https:\/\/i0.wp.com\/cdnoticias.com\/wp-content\/uploads\/2026\/01\/laboratorio-medicamentos-hospital-04.png?resize=768%2C427&amp;ssl=1 768w\" sizes=\"auto, (max-width: 800px) 100vw, 800px\" \/><\/figure>\n\n\n\n<p><\/p>\n\n\n\n<p>Al respecto, el <strong>director del \u00e1rea de Farmacia del Hospital Municipal, doctor Dar\u00edo Fontana,<\/strong> se\u00f1al\u00f3 que \u201cse inici\u00f3 con la producci\u00f3n del a\u00f1o 2026 del Laboratorio de Producci\u00f3n P\u00fablica de Medicamentos, con buenas energ\u00edas y muchas ganas de avanzar\u201d. Asimismo, precis\u00f3 que las tareas incluyen la elaboraci\u00f3n de otras cremas, como<strong> Vitamina A, Clotrimazol y Gentamicina, adem\u00e1s de jarabes y soluciones.<\/strong><\/p>\n\n\n\n<p><\/p>\n\n\n\n<p>Otro de los aspectos destacados es que dentro de la planificaci\u00f3n para el corriente a\u00f1o se encuentra la<strong> producci\u00f3n de comprimidos, una actividad que fue retomada en 2025 luego de haber permanecido paralizada durante siete a\u00f1os.<\/strong> Esta reactivaci\u00f3n fue posible, se indic\u00f3, a partir de una decisi\u00f3n pol\u00edtica de la actual gesti\u00f3n municipal, que implic\u00f3 una inversi\u00f3n tanto en equipamiento como en la puesta en valor y reacondicionamiento de distintos espacios del sector de Laboratorio.<\/p>\n\n\n\n<p><\/p>\n\n\n\n<figure class=\"wp-block-image size-full\"><img data-recalc-dims=\"1\" loading=\"lazy\" decoding=\"async\" width=\"800\" height=\"445\" src=\"https:\/\/i0.wp.com\/cdnoticias.com\/wp-content\/uploads\/2026\/01\/laboratorio-medicamentos-hospital-03.png?resize=800%2C445&#038;ssl=1\" alt=\"\" class=\"wp-image-193777\" srcset=\"https:\/\/i0.wp.com\/cdnoticias.com\/wp-content\/uploads\/2026\/01\/laboratorio-medicamentos-hospital-03.png?w=800&amp;ssl=1 800w, https:\/\/i0.wp.com\/cdnoticias.com\/wp-content\/uploads\/2026\/01\/laboratorio-medicamentos-hospital-03.png?resize=300%2C167&amp;ssl=1 300w, https:\/\/i0.wp.com\/cdnoticias.com\/wp-content\/uploads\/2026\/01\/laboratorio-medicamentos-hospital-03.png?resize=768%2C427&amp;ssl=1 768w\" sizes=\"auto, (max-width: 800px) 100vw, 800px\" \/><\/figure>\n\n\n\n<p><\/p>\n\n\n\n<p>En ese sentido, <strong>Paracetamol, Ibuprofeno y Diclofenac<\/strong> son algunos de los analg\u00e9sicos que forman parte de la producci\u00f3n de comprimidos que se proyecta para este per\u00edodo.<\/p>\n","protected":false},"excerpt":{"rendered":"<p>Comenz\u00f3 con la elaboraci\u00f3n de crema de cortisona para abastecer al sistema p\u00fablico local y se proyecta continuar con cremas,<\/p>\n","protected":false},"author":5,"featured_media":193778,"comment_status":"closed","ping_status":"closed","sticky":false,"template":"","format":"standard","meta":{"_jetpack_memberships_contains_paid_content":false,"footnotes":""},"categories":[5,1],"tags":[],"class_list":["post-193775","post","type-post","status-publish","format-standard","has-post-thumbnail","hentry","category-informacion-general","category-portada"],"jetpack_featured_media_url":"https:\/\/i0.wp.com\/cdnoticias.com\/wp-content\/uploads\/2026\/01\/laboratorio-medicamentos-hospital-02.png?fit=800%2C445&ssl=1","jetpack_sharing_enabled":true,"_links":{"self":[{"href":"https:\/\/cdnoticias.com\/index.php\/wp-json\/wp\/v2\/posts\/193775","targetHints":{"allow":["GET"]}}],"collection":[{"href":"https:\/\/cdnoticias.com\/index.php\/wp-json\/wp\/v2\/posts"}],"about":[{"href":"https:\/\/cdnoticias.com\/index.php\/wp-json\/wp\/v2\/types\/post"}],"author":[{"embeddable":true,"href":"https:\/\/cdnoticias.com\/index.php\/wp-json\/wp\/v2\/users\/5"}],"replies":[{"embeddable":true,"href":"https:\/\/cdnoticias.com\/index.php\/wp-json\/wp\/v2\/comments?post=193775"}],"version-history":[{"count":0,"href":"https:\/\/cdnoticias.com\/index.php\/wp-json\/wp\/v2\/posts\/193775\/revisions"}],"wp:featuredmedia":[{"embeddable":true,"href":"https:\/\/cdnoticias.com\/index.php\/wp-json\/wp\/v2\/media\/193778"}],"wp:attachment":[{"href":"https:\/\/cdnoticias.com\/index.php\/wp-json\/wp\/v2\/media?parent=193775"}],"wp:term":[{"taxonomy":"category","embeddable":true,"href":"https:\/\/cdnoticias.com\/index.php\/wp-json\/wp\/v2\/categories?post=193775"},{"taxonomy":"post_tag","embeddable":true,"href":"https:\/\/cdnoticias.com\/index.php\/wp-json\/wp\/v2\/tags?post=193775"}],"curies":[{"name":"wp","href":"https:\/\/api.w.org\/{rel}","templated":true}]}}