{"id":193773,"date":"2026-01-27T11:56:47","date_gmt":"2026-01-27T14:56:47","guid":{"rendered":"https:\/\/cdnoticias.com\/?p=193773"},"modified":"2026-01-27T17:10:52","modified_gmt":"2026-01-27T20:10:52","slug":"convocan-a-una-asamblea-de-acompanantes-terapeuticas-en-olavarria-para-definir-condiciones-laborales","status":"publish","type":"post","link":"https:\/\/cdnoticias.com\/index.php\/2026\/01\/27\/convocan-a-una-asamblea-de-acompanantes-terapeuticas-en-olavarria-para-definir-condiciones-laborales\/","title":{"rendered":"Convocan a una asamblea de Acompa\u00f1antes Terap\u00e9uticas en Olavarr\u00eda para definir condiciones laborales"},"content":{"rendered":"<p>Este mi\u00e9rcoles en la Plaza L\u00f3pez Camelo. Se debatir\u00e1n valores de la hora profesional, gastos, vacaciones y el impacto de leyes provinciales y nacionales.<!--more--><\/p>\n<hr \/>\n<p>\u00a0<\/p>\n\n\n<p>Las <strong>Acompa\u00f1antes Terap\u00e9uticas (ATs) de Olavarr\u00eda<\/strong> convocaron a una <strong>asamblea abierta<\/strong> para <strong>este mi\u00e9rcoles a las 19 horas <\/strong>en la Plaza L\u00f3pez Camelo, ubicada en San Mart\u00edn 2053.<\/p>\n\n\n\n<p><\/p>\n\n\n\n<blockquote class=\"wp-block-quote is-layout-flow wp-block-quote-is-layout-flow\">\n<p>Seg\u00fan lo informado, el encuentro tendr\u00e1 como objetivo principal definir criterios de trabajo que comenzar\u00e1n a regir a partir de febrero de 2026 en la ciudad. Entre los temas a tratar se encuentra la determinaci\u00f3n del valor de la hora de la prestaci\u00f3n de Acompa\u00f1antes Terap\u00e9uticas en Olavarr\u00eda, con vigencia desde ese per\u00edodo.<\/p>\n<\/blockquote>\n\n\n\n<p><\/p>\n\n\n\n<p>Adem\u00e1s, se debatir\u00e1 qui\u00e9n deber\u00e1 asumir los <strong>gastos vinculados al ejercicio profesional<\/strong>, como monotributo, seguros, vi\u00e1ticos y combustible. Otro de los puntos previstos es la <strong>posible reducci\u00f3n de prestaciones en los casos en que lo abonado por las obras sociales no se ajuste al valor hora <\/strong>que sea fijado por la asamblea.<\/p>\n\n\n\n<p><\/p>\n\n\n\n<p>La agenda tambi\u00e9n incluye la <strong>regulaci\u00f3n de las vacaciones y el an\u00e1lisis de la Ley de Acompa\u00f1antes Terap\u00e9uticos<\/strong>.<\/p>\n\n\n\n<p><\/p>\n\n\n\n<p>Desde la convocatoria se plantea el <strong>contexto del &#8220;no tratamiento&#8221; de la Ley de ATs provincial<\/strong>, la <strong>falta de implementaci\u00f3n de la Ley de Emergencia en Discapacidad<\/strong> y la <strong>eliminaci\u00f3n de las ANDIS<\/strong>, situaciones que motivan a las y los ATs de la ciudad a debatir colectivamente las condiciones laborales futuras.<\/p>\n","protected":false},"excerpt":{"rendered":"<p>Este mi\u00e9rcoles en la Plaza L\u00f3pez Camelo. Se debatir\u00e1n valores de la hora profesional, gastos, vacaciones y el impacto de<\/p>\n","protected":false},"author":4,"featured_media":186629,"comment_status":"closed","ping_status":"closed","sticky":false,"template":"","format":"standard","meta":{"_jetpack_memberships_contains_paid_content":false,"footnotes":""},"categories":[5,1],"tags":[],"class_list":["post-193773","post","type-post","status-publish","format-standard","has-post-thumbnail","hentry","category-informacion-general","category-portada"],"jetpack_featured_media_url":"https:\/\/i0.wp.com\/cdnoticias.com\/wp-content\/uploads\/2025\/10\/acompanantes-terapeuticos4.jpg?fit=886%2C553&ssl=1","jetpack_sharing_enabled":true,"_links":{"self":[{"href":"https:\/\/cdnoticias.com\/index.php\/wp-json\/wp\/v2\/posts\/193773","targetHints":{"allow":["GET"]}}],"collection":[{"href":"https:\/\/cdnoticias.com\/index.php\/wp-json\/wp\/v2\/posts"}],"about":[{"href":"https:\/\/cdnoticias.com\/index.php\/wp-json\/wp\/v2\/types\/post"}],"author":[{"embeddable":true,"href":"https:\/\/cdnoticias.com\/index.php\/wp-json\/wp\/v2\/users\/4"}],"replies":[{"embeddable":true,"href":"https:\/\/cdnoticias.com\/index.php\/wp-json\/wp\/v2\/comments?post=193773"}],"version-history":[{"count":0,"href":"https:\/\/cdnoticias.com\/index.php\/wp-json\/wp\/v2\/posts\/193773\/revisions"}],"wp:featuredmedia":[{"embeddable":true,"href":"https:\/\/cdnoticias.com\/index.php\/wp-json\/wp\/v2\/media\/186629"}],"wp:attachment":[{"href":"https:\/\/cdnoticias.com\/index.php\/wp-json\/wp\/v2\/media?parent=193773"}],"wp:term":[{"taxonomy":"category","embeddable":true,"href":"https:\/\/cdnoticias.com\/index.php\/wp-json\/wp\/v2\/categories?post=193773"},{"taxonomy":"post_tag","embeddable":true,"href":"https:\/\/cdnoticias.com\/index.php\/wp-json\/wp\/v2\/tags?post=193773"}],"curies":[{"name":"wp","href":"https:\/\/api.w.org\/{rel}","templated":true}]}}