{"id":193768,"date":"2026-01-27T18:00:28","date_gmt":"2026-01-27T21:00:28","guid":{"rendered":"https:\/\/cdnoticias.com\/?p=193768"},"modified":"2026-01-27T18:00:30","modified_gmt":"2026-01-27T21:00:30","slug":"que-es-el-muro-atmosferico-que-potencia-el-calor-sofocante","status":"publish","type":"post","link":"https:\/\/cdnoticias.com\/index.php\/2026\/01\/27\/que-es-el-muro-atmosferico-que-potencia-el-calor-sofocante\/","title":{"rendered":"Qu\u00e9 es el &#8220;muro atmosf\u00e9rico&#8221; que potencia el calor sofocante"},"content":{"rendered":"\n<p>La combinaci\u00f3n de varios factores y de una masa de aire que desciende, generan esta suerte de barrera que impide el ingreso de aire del sur.<\/p>\n\n\n\n<hr class=\"wp-block-separator has-alpha-channel-opacity\"\/>\n\n\n\n<p>La <strong>ola de calor <\/strong>que afecta a nueve provincias con alertas por temperaturas extremas, que alcanza a la provincia de Buenos Aires en su totalidad, se ha vuelto agobiante. Lejos de ser una apreciaci\u00f3n subjetiva o psicol\u00f3gica, m\u00e1s all\u00e1 de los 33 grados reales que marca el mercurio, a esta cadena de varios d\u00edas con m\u00e1ximas y m\u00ednimas m\u00e1s altas de lo esperado se han sumado otras variables, dando lugar a lo que se llama<strong> bloqueo o &#8220;muro atmosf\u00e9rico&#8221;.<\/strong><\/p>\n\n\n\n<p><\/p>\n\n\n\n<p>Seg\u00fan expres\u00f3 la <strong>meteor\u00f3loga Cindy Fern\u00e1ndez<\/strong> en el sitio especializado Meteored, los factores que se combinaron durante el \u00faltimo fin de semana han funcionado como<strong> &#8220;una maquinaria perfecta de calentamiento&#8221;.<\/strong><\/p>\n\n\n\n<p><\/p>\n\n\n\n<p>En esa l\u00ednea, Fern\u00e1ndez explic\u00f3: &#8220;las altas presiones posicionadas sobre el Oc\u00e9ano Atl\u00e1ntico actuaron como un motor que impuls\u00f3 aire c\u00e1lido de forma constante desde el norte hacia el centro del pa\u00eds. Pero el factor determinante ha sido la subsidencia (algo que desciende)&#8221;. Este fen\u00f3meno ocurre cuando<strong> el aire en las capas altas de la atm\u00f3sfera baja y se comprime debido al aumento de la presi\u00f3n atmosf\u00e9rica. <\/strong><\/p>\n\n\n\n<p><\/p>\n\n\n\n<blockquote class=\"wp-block-quote is-layout-flow wp-block-quote-is-layout-flow\">\n<p>&#8220;Por un proceso f\u00edsico llamado calentamiento adiab\u00e1tico, su temperatura aumenta y este aire descendente no solo calienta, sino que tambi\u00e9n funciona como un &#8216;muro&#8217; o bloqueo atmosf\u00e9rico, impidiendo que los frentes fr\u00edos que intentan avanzar desde la Patagonia logren llegar hacia el norte&#8221;, precis\u00f3 la especialista.<\/p>\n<\/blockquote>\n\n\n\n<p><\/p>\n\n\n\n<p>Con ese panorama, durante el fin de semana, el centro de alta presi\u00f3n se fue deslizando hacia el este, cambiando la procedencia del viento y permitiendo el ingreso de una <strong>masa de aire mucho m\u00e1s h\u00fameda desde el tr\u00f3pico.<\/strong><\/p>\n\n\n\n<p><\/p>\n\n\n\n<p><strong>Este calor h\u00famedo se extendi\u00f3 sobre la regi\u00f3n pampeana y el norte de la Patagonia<\/strong>, levantando tambi\u00e9n la sensaci\u00f3n t\u00e9rmica, dato que juega un rol central en la percepci\u00f3n de la pesadez clim\u00e1tica. De este modo, ante esta combinaci\u00f3n de fen\u00f3menos, la sensaci\u00f3n t\u00e9rmica podr\u00eda rozar los 40 grados, y<strong> como el muro atmosf\u00e9rico no permite el ingreso de aire fresco, las noches se vuelven &#8220;tropicales&#8221; y el calor queda encerrado en el interior de las viviendas.<\/strong><\/p>\n\n\n\n<p><\/p>\n\n\n\n<p><em>Fuente: Agencia DIB.<\/em><\/p>\n","protected":false},"excerpt":{"rendered":"<p>La combinaci\u00f3n de varios factores y de una masa de aire que desciende, generan esta suerte de barrera que impide<\/p>\n","protected":false},"author":5,"featured_media":193769,"comment_status":"closed","ping_status":"closed","sticky":false,"template":"","format":"standard","meta":{"_jetpack_memberships_contains_paid_content":false,"footnotes":""},"categories":[6,1],"tags":[],"class_list":["post-193768","post","type-post","status-publish","format-standard","has-post-thumbnail","hentry","category-nacionales","category-portada"],"jetpack_featured_media_url":"https:\/\/i0.wp.com\/cdnoticias.com\/wp-content\/uploads\/2026\/01\/calor-sofocante.webp?fit=1000%2C563&ssl=1","jetpack_sharing_enabled":true,"_links":{"self":[{"href":"https:\/\/cdnoticias.com\/index.php\/wp-json\/wp\/v2\/posts\/193768","targetHints":{"allow":["GET"]}}],"collection":[{"href":"https:\/\/cdnoticias.com\/index.php\/wp-json\/wp\/v2\/posts"}],"about":[{"href":"https:\/\/cdnoticias.com\/index.php\/wp-json\/wp\/v2\/types\/post"}],"author":[{"embeddable":true,"href":"https:\/\/cdnoticias.com\/index.php\/wp-json\/wp\/v2\/users\/5"}],"replies":[{"embeddable":true,"href":"https:\/\/cdnoticias.com\/index.php\/wp-json\/wp\/v2\/comments?post=193768"}],"version-history":[{"count":0,"href":"https:\/\/cdnoticias.com\/index.php\/wp-json\/wp\/v2\/posts\/193768\/revisions"}],"wp:featuredmedia":[{"embeddable":true,"href":"https:\/\/cdnoticias.com\/index.php\/wp-json\/wp\/v2\/media\/193769"}],"wp:attachment":[{"href":"https:\/\/cdnoticias.com\/index.php\/wp-json\/wp\/v2\/media?parent=193768"}],"wp:term":[{"taxonomy":"category","embeddable":true,"href":"https:\/\/cdnoticias.com\/index.php\/wp-json\/wp\/v2\/categories?post=193768"},{"taxonomy":"post_tag","embeddable":true,"href":"https:\/\/cdnoticias.com\/index.php\/wp-json\/wp\/v2\/tags?post=193768"}],"curies":[{"name":"wp","href":"https:\/\/api.w.org\/{rel}","templated":true}]}}