{"id":193765,"date":"2026-01-27T17:30:09","date_gmt":"2026-01-27T20:30:09","guid":{"rendered":"https:\/\/cdnoticias.com\/?p=193765"},"modified":"2026-01-27T19:31:02","modified_gmt":"2026-01-27T22:31:02","slug":"el-gobierno-prorrogo-la-emergencia-energetica-en-gas-hasta-fines-de-2027","status":"publish","type":"post","link":"https:\/\/cdnoticias.com\/index.php\/2026\/01\/27\/el-gobierno-prorrogo-la-emergencia-energetica-en-gas-hasta-fines-de-2027\/","title":{"rendered":"El Gobierno prorrog\u00f3 la emergencia energ\u00e9tica en gas hasta fines de 2027"},"content":{"rendered":"<p>Adem\u00e1s, busca privatizar la importaci\u00f3n de GNL. Se dispuso a trav\u00e9s de un DNU en el que el Ejecutivo admiti\u00f3 que las obras de infraestructura para el autoabastecimiento no estar\u00e1n listas para los pr\u00f3ximos inviernos.<!--more--><\/p>\n<hr \/>\n<p>\u00a0<\/p>\n\n\n<p>El <strong>Gobierno nacional <\/strong>oficializ\u00f3 este martes la <strong>pr\u00f3rroga de la emergencia del Sector Energ\u00e9tico Nacional hasta el 31 de diciembre de 2027<\/strong>, enfocada espec\u00edficamente en los <strong>segmentos de transporte y distribuci\u00f3n de gas natural<\/strong>. La medida, dispuesta mediante el <strong>Decreto de Necesidad y Urgencia 49\/2026<\/strong>, busca <strong>garantizar el abastecimiento durante los pr\u00f3ximos dos inviernos <\/strong>ante la falta de infraestructura suficiente para transportar el gas de Vaca Muerta a los centros de consumo.<\/p>\n\n\n\n<p><\/p>\n\n\n\n<p>Seg\u00fan supo la Agencia Noticias Argentinas, el decreto firmado por el presidente Javier Milei y todo su gabinete <strong>reconoce que las obras de ampliaci\u00f3n de gasoductos &#8220;reci\u00e9n entrar\u00edan en operaci\u00f3n en el per\u00edodo invernal del a\u00f1o 2027&#8221;<\/strong>, lo que obliga al pa\u00eds a seguir <strong>dependiendo de la importaci\u00f3n de Gas Natural Licuado (GNL) <\/strong>para cubrir los picos de demanda residencial y la generaci\u00f3n el\u00e9ctrica.<\/p>\n\n\n\n<p><\/p>\n\n\n\n<h2 class=\"wp-block-heading\">Privatizaci\u00f3n de la importaci\u00f3n con \u201cprecios m\u00e1ximos\u201d<\/h2>\n\n\n\n<p><\/p>\n\n\n\n<p>La normativa introduce <strong>un cambio dr\u00e1stico en la operatoria de comercio exterior<\/strong>: el Estado busca <strong>retirarse como importador directo a trav\u00e9s de ENARSA y ceder ese rol al sector privado<\/strong>.<\/p>\n\n\n\n<p><\/p>\n\n\n\n<p>El Gobierno instruy\u00f3 a la Secretar\u00eda de Energ\u00eda a realizar un<strong> concurso competitivo<\/strong> para seleccionar a un <strong>comercializador privado que se encargue de importar el GNL<\/strong> y regasificarlo utilizando la terminal de Escobar, la \u00fanica operativa actualmente (foto). El Ejecutivo argument\u00f3 que la intervenci\u00f3n estatal previa &#8220;ha sido incapaz de dar una soluci\u00f3n eficiente y ha implicado erogaciones de mucha envergadura&#8221;.<\/p>\n\n\n\n<p><\/p>\n\n\n\n<p>Sin embargo, <strong>ante la existencia de una \u00fanica terminal de ingreso (monopolio natural), el DNU establece un &#8220;precio m\u00e1ximo&#8221;<\/strong> para la venta de ese gas en el mercado interno durante los inviernos de 2026 y 2027. Este tope se calcular\u00e1 en base a <em>un marcador internacional m\u00e1s los costos log\u00edsticos<\/em>, para evitar abusos de posici\u00f3n dominante por parte del futuro operador privado.<\/p>\n\n\n\n<p><\/p>\n\n\n\n<h2 class=\"wp-block-heading\">Los motivos de la emergencia<\/h2>\n\n\n\n<p><\/p>\n\n\n\n<p>En los considerandos de la norma, el Poder Ejecutivo detall\u00f3 la <strong>fragilidad del sistema:<\/strong><\/p>\n\n\n\n<p><\/p>\n\n\n\n<ul class=\"wp-block-list\">\n<li><strong>Cuello de botella<\/strong>: existe una falta de capacidad de transporte para llevar el gas desde la Cuenca Neuquina (Vaca Muerta) hacia Buenos Aires y el Litoral.<\/li>\n\n\n\n<li><strong>Dependencia del GNL<\/strong>: sin la importaci\u00f3n de barcos metaneros, &#8220;la demanda necesaria para abastecer a los usuarios residenciales y garantizar el funcionamiento de las centrales t\u00e9rmicas quedar\u00eda insatisfecha en los d\u00edas m\u00e1s fr\u00edos&#8221;.<\/li>\n\n\n\n<li><strong>Plan B<\/strong>: si fracasa la licitaci\u00f3n para que un privado se haga cargo de la importaci\u00f3n, ENARSA deber\u00e1 asumir nuevamente la responsabilidad de garantizar el suministro.<\/li>\n<\/ul>\n\n\n\n<p><\/p>\n\n\n\n<p>Fuente: <em>Agencia Noticias Argentinas<\/em><\/p>\n\n\n\n<p><\/p>\n\n\n\n<p><\/p>\n","protected":false},"excerpt":{"rendered":"<p>Adem\u00e1s, busca privatizar la importaci\u00f3n de GNL. Se dispuso a trav\u00e9s de un DNU en el que el Ejecutivo admiti\u00f3<\/p>\n","protected":false},"author":4,"featured_media":193766,"comment_status":"closed","ping_status":"closed","sticky":false,"template":"","format":"standard","meta":{"_jetpack_memberships_contains_paid_content":false,"footnotes":""},"categories":[6,1],"tags":[],"class_list":["post-193765","post","type-post","status-publish","format-standard","has-post-thumbnail","hentry","category-nacionales","category-portada"],"jetpack_featured_media_url":"https:\/\/i0.wp.com\/cdnoticias.com\/wp-content\/uploads\/2026\/01\/GNL-escobar.jpg?fit=1000%2C556&ssl=1","jetpack_sharing_enabled":true,"_links":{"self":[{"href":"https:\/\/cdnoticias.com\/index.php\/wp-json\/wp\/v2\/posts\/193765","targetHints":{"allow":["GET"]}}],"collection":[{"href":"https:\/\/cdnoticias.com\/index.php\/wp-json\/wp\/v2\/posts"}],"about":[{"href":"https:\/\/cdnoticias.com\/index.php\/wp-json\/wp\/v2\/types\/post"}],"author":[{"embeddable":true,"href":"https:\/\/cdnoticias.com\/index.php\/wp-json\/wp\/v2\/users\/4"}],"replies":[{"embeddable":true,"href":"https:\/\/cdnoticias.com\/index.php\/wp-json\/wp\/v2\/comments?post=193765"}],"version-history":[{"count":0,"href":"https:\/\/cdnoticias.com\/index.php\/wp-json\/wp\/v2\/posts\/193765\/revisions"}],"wp:featuredmedia":[{"embeddable":true,"href":"https:\/\/cdnoticias.com\/index.php\/wp-json\/wp\/v2\/media\/193766"}],"wp:attachment":[{"href":"https:\/\/cdnoticias.com\/index.php\/wp-json\/wp\/v2\/media?parent=193765"}],"wp:term":[{"taxonomy":"category","embeddable":true,"href":"https:\/\/cdnoticias.com\/index.php\/wp-json\/wp\/v2\/categories?post=193765"},{"taxonomy":"post_tag","embeddable":true,"href":"https:\/\/cdnoticias.com\/index.php\/wp-json\/wp\/v2\/tags?post=193765"}],"curies":[{"name":"wp","href":"https:\/\/api.w.org\/{rel}","templated":true}]}}