{"id":193760,"date":"2026-01-27T10:24:02","date_gmt":"2026-01-27T13:24:02","guid":{"rendered":"https:\/\/cdnoticias.com\/?p=193760"},"modified":"2026-01-27T12:59:19","modified_gmt":"2026-01-27T15:59:19","slug":"bloqueo-sanitario-en-el-barrio-ceco-i-por-un-caso-sospechoso-de-coqueluche","status":"publish","type":"post","link":"https:\/\/cdnoticias.com\/index.php\/2026\/01\/27\/bloqueo-sanitario-en-el-barrio-ceco-i-por-un-caso-sospechoso-de-coqueluche\/","title":{"rendered":"Bloqueo sanitario en el barrio CECO I por un caso sospechoso de coqueluche"},"content":{"rendered":"\n<p>El operativo se realizar\u00e1 este mi\u00e9rcoles desde las 9:30 con controles de s\u00edntomas y vacunaci\u00f3n puerta a puerta en un sector delimitado del barrio.<\/p>\n\n\n\n<hr class=\"wp-block-separator has-alpha-channel-opacity\"\/>\n\n\n\n<p>El Municipio de Olavarr\u00eda inform\u00f3 que <strong>este mi\u00e9rcoles 28 de enero se llevar\u00e1 adelante un dispositivo de bloqueo sanitario en el barrio CECO I, a partir de la detecci\u00f3n de un caso sospechoso de coqueluche,<\/strong> enfermedad conocida tambi\u00e9n como tos convulsa.<\/p>\n\n\n\n<p><\/p>\n\n\n\n<p>El operativo <strong>comenzar\u00e1 a las 9:30 horas <\/strong>y se desarrollar\u00e1 de manera articulada entre la Direcci\u00f3n de Epidemiolog\u00eda e Inmunizaciones, la Residencia de Epidemiolog\u00eda, el Centro de Inmunizaciones Banco de Leche y la Subsecretar\u00eda de Atenci\u00f3n Primaria de la Salud, a trav\u00e9s del CAPS N\u00b0 12.<\/p>\n\n\n\n<p><\/p>\n\n\n\n<blockquote class=\"wp-block-quote is-layout-flow wp-block-quote-is-layout-flow\">\n<p>La intervenci\u00f3n estar\u00e1 focalizada en la zona comprendida por la avenida Pellegrini y las calles 18 bis, Tierra del Fuego y 16 bis, dentro del barrio CECO I.<\/p>\n<\/blockquote>\n\n\n\n<p><\/p>\n\n\n\n<p>Seg\u00fan se detall\u00f3, se tratar\u00e1 de un<strong> dispositivo puerta a puerta,<\/strong> en el cual el personal sanitario realizar\u00e1 controles de s\u00edntomas a las personas residentes, adem\u00e1s de verificar los esquemas de vacunaci\u00f3n. En los casos en que se detecte la falta de alguna dosis correspondiente, se proceder\u00e1 a su aplicaci\u00f3n en el momento.<\/p>\n\n\n\n<p><\/p>\n\n\n\n<p>Desde el Municipio se aclar\u00f3, por \u00faltimo, que todo <strong>el personal afectado al operativo estar\u00e1 debidamente identificado.<\/strong><\/p>\n\n\n\n<p><\/p>\n","protected":false},"excerpt":{"rendered":"<p>El operativo se realizar\u00e1 este mi\u00e9rcoles desde las 9:30 con controles de s\u00edntomas y vacunaci\u00f3n puerta a puerta en un<\/p>\n","protected":false},"author":5,"featured_media":51281,"comment_status":"closed","ping_status":"closed","sticky":false,"template":"","format":"standard","meta":{"_jetpack_memberships_contains_paid_content":false,"footnotes":""},"categories":[5,1],"tags":[],"class_list":["post-193760","post","type-post","status-publish","format-standard","has-post-thumbnail","hentry","category-informacion-general","category-portada"],"jetpack_featured_media_url":"https:\/\/i0.wp.com\/cdnoticias.com\/wp-content\/uploads\/2022\/04\/Salud-Vacunacion.jpg?fit=624%2C454&ssl=1","jetpack_sharing_enabled":true,"_links":{"self":[{"href":"https:\/\/cdnoticias.com\/index.php\/wp-json\/wp\/v2\/posts\/193760","targetHints":{"allow":["GET"]}}],"collection":[{"href":"https:\/\/cdnoticias.com\/index.php\/wp-json\/wp\/v2\/posts"}],"about":[{"href":"https:\/\/cdnoticias.com\/index.php\/wp-json\/wp\/v2\/types\/post"}],"author":[{"embeddable":true,"href":"https:\/\/cdnoticias.com\/index.php\/wp-json\/wp\/v2\/users\/5"}],"replies":[{"embeddable":true,"href":"https:\/\/cdnoticias.com\/index.php\/wp-json\/wp\/v2\/comments?post=193760"}],"version-history":[{"count":0,"href":"https:\/\/cdnoticias.com\/index.php\/wp-json\/wp\/v2\/posts\/193760\/revisions"}],"wp:featuredmedia":[{"embeddable":true,"href":"https:\/\/cdnoticias.com\/index.php\/wp-json\/wp\/v2\/media\/51281"}],"wp:attachment":[{"href":"https:\/\/cdnoticias.com\/index.php\/wp-json\/wp\/v2\/media?parent=193760"}],"wp:term":[{"taxonomy":"category","embeddable":true,"href":"https:\/\/cdnoticias.com\/index.php\/wp-json\/wp\/v2\/categories?post=193760"},{"taxonomy":"post_tag","embeddable":true,"href":"https:\/\/cdnoticias.com\/index.php\/wp-json\/wp\/v2\/tags?post=193760"}],"curies":[{"name":"wp","href":"https:\/\/api.w.org\/{rel}","templated":true}]}}