{"id":193751,"date":"2026-01-27T08:32:02","date_gmt":"2026-01-27T11:32:02","guid":{"rendered":"https:\/\/cdnoticias.com\/?p=193751"},"modified":"2026-01-27T08:32:03","modified_gmt":"2026-01-27T11:32:03","slug":"corina-elida-olguin-de-grunewald-cora-q-e-p-d","status":"publish","type":"post","link":"https:\/\/cdnoticias.com\/index.php\/2026\/01\/27\/corina-elida-olguin-de-grunewald-cora-q-e-p-d\/","title":{"rendered":"Corina Elida Olguin de Grunewald \u201cCora\u201d (Q.E.P.D.)"},"content":{"rendered":"\n<hr class=\"wp-block-separator has-alpha-channel-opacity\"\/>\n\n\n\n<p>Falleci\u00f3 en Olavarr\u00eda el 26 de enero de 2026 a los 82 a\u00f1os. Su marido Hugo Grunewald. Sus hermanos. Sus hijos Mari\u00e1ngeles, Gladys y Dar\u00edo Grunewald. Sus hijos pol\u00edticos Am\u00e9rico y Fabi\u00e1n Sal\u00edas. Sus nietos Mat\u00edas, Macarena, Maia, Mar\u00eda de los \u00c1ngeles, Nahuel, Luciano y Paloma Sal\u00edas; Ezequiel, Braian y Geraldine Grunewald. Sus nietos pol\u00edticos Nahuel, Agustina, Natalia y Ayel\u00e9n. Sus bisnietos Sof\u00eda y Gina y dem\u00e1s deudos participan su fallecimiento.<\/p>\n\n\n\n<p><\/p>\n\n\n\n<p>Sus restos ser\u00e1n velados en la Sala de Espa\u00f1a 2942 departamento \u201cB\u201d este lunes 26 de enero de 2026 desde las 23:00 horas. Responso en la Capilla Ardiente e inhumados en el Cementerio Loma de Paz este martes 27 de enero de 2026 a las 11:30 horas. Servicio adherido a Coopelectric.<\/p>\n\n\n\n<p><\/p>\n\n\n\n<p>Nacida en Espigas, vecina de barrio Sarmiento Norte.<\/p>\n","protected":false},"excerpt":{"rendered":"<p>Falleci\u00f3 en Olavarr\u00eda el 26 de enero de 2026 a los 82 a\u00f1os. Su marido Hugo Grunewald. Sus hermanos. Sus<\/p>\n","protected":false},"author":5,"featured_media":100390,"comment_status":"closed","ping_status":"closed","sticky":false,"template":"","format":"standard","meta":{"_jetpack_memberships_contains_paid_content":false,"footnotes":""},"categories":[10],"tags":[],"class_list":["post-193751","post","type-post","status-publish","format-standard","has-post-thumbnail","hentry","category-necrologicas"],"jetpack_featured_media_url":"https:\/\/i0.wp.com\/cdnoticias.com\/wp-content\/uploads\/2023\/10\/necrologicas-390-x-240.jpg?fit=390%2C240&ssl=1","jetpack_sharing_enabled":true,"_links":{"self":[{"href":"https:\/\/cdnoticias.com\/index.php\/wp-json\/wp\/v2\/posts\/193751","targetHints":{"allow":["GET"]}}],"collection":[{"href":"https:\/\/cdnoticias.com\/index.php\/wp-json\/wp\/v2\/posts"}],"about":[{"href":"https:\/\/cdnoticias.com\/index.php\/wp-json\/wp\/v2\/types\/post"}],"author":[{"embeddable":true,"href":"https:\/\/cdnoticias.com\/index.php\/wp-json\/wp\/v2\/users\/5"}],"replies":[{"embeddable":true,"href":"https:\/\/cdnoticias.com\/index.php\/wp-json\/wp\/v2\/comments?post=193751"}],"version-history":[{"count":0,"href":"https:\/\/cdnoticias.com\/index.php\/wp-json\/wp\/v2\/posts\/193751\/revisions"}],"wp:featuredmedia":[{"embeddable":true,"href":"https:\/\/cdnoticias.com\/index.php\/wp-json\/wp\/v2\/media\/100390"}],"wp:attachment":[{"href":"https:\/\/cdnoticias.com\/index.php\/wp-json\/wp\/v2\/media?parent=193751"}],"wp:term":[{"taxonomy":"category","embeddable":true,"href":"https:\/\/cdnoticias.com\/index.php\/wp-json\/wp\/v2\/categories?post=193751"},{"taxonomy":"post_tag","embeddable":true,"href":"https:\/\/cdnoticias.com\/index.php\/wp-json\/wp\/v2\/tags?post=193751"}],"curies":[{"name":"wp","href":"https:\/\/api.w.org\/{rel}","templated":true}]}}