{"id":193736,"date":"2026-01-26T19:01:30","date_gmt":"2026-01-26T22:01:30","guid":{"rendered":"https:\/\/cdnoticias.com\/?p=193736"},"modified":"2026-01-26T19:01:30","modified_gmt":"2026-01-26T22:01:30","slug":"olavarria-vivio-un-nuevo-fin-de-semana-a-pura-musica","status":"publish","type":"post","link":"https:\/\/cdnoticias.com\/index.php\/2026\/01\/26\/olavarria-vivio-un-nuevo-fin-de-semana-a-pura-musica\/","title":{"rendered":"Olavarr\u00eda vivi\u00f3 un nuevo fin de semana a pura m\u00fasica"},"content":{"rendered":"\n<p>Fue en el marco del Programa Municipal \u201cOlavarr\u00eda en Verano\u201d. Los escenarios elegidos fueron La Casa del Bicentenario, el Centro Cultural San Jos\u00e9 y el Museo D\u00e1maso Arce. <\/p>\n\n\n\n<hr class=\"wp-block-separator aligncenter has-alpha-channel-opacity\"\/>\n\n\n\n<p>En el marco del programa municipal<strong> \u201cOlavarr\u00eda en Verano\u201d<\/strong>, el pasado fin de semana, los <strong>distintos espacios culturales abrieron sus puertas <\/strong>para que un numeroso marco de p\u00fablico disfrutara de las <strong>diferentes propuestas a cargo de m\u00fasicos locales<\/strong>; en escenarios especialmente preparados para la ocasi\u00f3n.<\/p>\n\n\n\n<p><\/p>\n\n\n\n<p>El viernes 23, al atardecer, el <strong>Museo D\u00e1maso Arce fue sede del Mercado Cultural<\/strong>, espacio para la comercializaci\u00f3n y difusi\u00f3n de bienes y servicios de artistas locales; que tuvo como broche m\u00fasica en vivo, a cargo del <strong>Ensamble de Tango de la Escuela Municipal de M\u00fasica, D\u00fao Label y Los Grillos.<\/strong><\/p>\n\n\n\n<p><\/p>\n\n\n\n<p>Por su parte, el s\u00e1bado 24 se realiz\u00f3 una <strong>nueva edici\u00f3n de Rock en Bicentenario<\/strong>, en las escalinatas de la Casa del Bicentenario a la rivera del Tapalqu\u00e9: en una noche en la que el clima acompa\u00f1\u00f3 de forma muy auspiciosa, vecinas y vecinos de Olavarr\u00eda se acercaron con mate y reposeras, en familia y entre amigos, para disfrutar de la velada.\u00a0<\/p>\n\n\n\n<p><\/p>\n\n\n\n<figure class=\"wp-block-image aligncenter size-full\"><img data-recalc-dims=\"1\" loading=\"lazy\" decoding=\"async\" width=\"800\" height=\"477\" src=\"https:\/\/i0.wp.com\/cdnoticias.com\/wp-content\/uploads\/2026\/01\/olavarriaenverano5.jpg?resize=800%2C477&#038;ssl=1\" alt=\"\" class=\"wp-image-193738\" srcset=\"https:\/\/i0.wp.com\/cdnoticias.com\/wp-content\/uploads\/2026\/01\/olavarriaenverano5.jpg?w=900&amp;ssl=1 900w, https:\/\/i0.wp.com\/cdnoticias.com\/wp-content\/uploads\/2026\/01\/olavarriaenverano5.jpg?resize=300%2C179&amp;ssl=1 300w, https:\/\/i0.wp.com\/cdnoticias.com\/wp-content\/uploads\/2026\/01\/olavarriaenverano5.jpg?resize=768%2C458&amp;ssl=1 768w\" sizes=\"auto, (max-width: 800px) 100vw, 800px\" \/><\/figure>\n\n\n\n<p><\/p>\n\n\n\n<p>Muchos, adem\u00e1s, se acercaron a los<strong> distintos food trucks<\/strong> para agasajarse con una cena bajo las estrellas, al ritmo de la m\u00fasica que transcurr\u00eda en el escenario. <strong>La Sexta Napolitana, Otra Vuelta y Caos <\/strong>fueron las bandas que se sucedieron en la noche del s\u00e1bado.<\/p>\n\n\n\n<p><\/p>\n\n\n\n<figure class=\"wp-block-image aligncenter size-full\"><img data-recalc-dims=\"1\" loading=\"lazy\" decoding=\"async\" width=\"800\" height=\"492\" src=\"https:\/\/i0.wp.com\/cdnoticias.com\/wp-content\/uploads\/2026\/01\/olavarriaenverano4.jpg?resize=800%2C492&#038;ssl=1\" alt=\"\" class=\"wp-image-193739\" srcset=\"https:\/\/i0.wp.com\/cdnoticias.com\/wp-content\/uploads\/2026\/01\/olavarriaenverano4.jpg?w=900&amp;ssl=1 900w, https:\/\/i0.wp.com\/cdnoticias.com\/wp-content\/uploads\/2026\/01\/olavarriaenverano4.jpg?resize=300%2C185&amp;ssl=1 300w, https:\/\/i0.wp.com\/cdnoticias.com\/wp-content\/uploads\/2026\/01\/olavarriaenverano4.jpg?resize=768%2C473&amp;ssl=1 768w\" sizes=\"auto, (max-width: 800px) 100vw, 800px\" \/><\/figure>\n\n\n\n<p><\/p>\n\n\n\n<p>Finalmente, el domingo en el <strong>Centro Cultural \u201cSan Jos\u00e9<\/strong>\u201d fue el turno de una nueva edici\u00f3n de \u201c<strong>M\u00fasica bajo las estrellas<\/strong>\u201d; con las presentaciones de <strong>Emilia Larregina, Rom\u00e1n Cea y Nawel.\u00a0<\/strong><\/p>\n\n\n\n<p><\/p>\n\n\n\n<p>La propuesta tuvo lugar en el patio interno del centenario edificio, un espacio ideal para espect\u00e1culos al aire libre, con buena vegetaci\u00f3n, coloridos murales, sendero de madera y un sector de juegos para los m\u00e1s chicos que participan de las variadas propuestas que all\u00ed se ofrecen.<\/p>\n\n\n\n<p><\/p>\n\n\n\n<p>Asimismo, en el <strong>Museo D\u00e1maso Arce<\/strong> en una noche que acompa\u00f1\u00f3 con buen clima, diversos m\u00fasicos y m\u00fasicas se presentaron al aire libre: en esta ocasi\u00f3n, estuvieron los ensambles pertenecientes a la Escuela Municipal de M\u00fasica: <strong>Va de Nuevo, Ensamble de Rock y Five O\u00b4Clock <\/strong>junto a foodstrucks y emprendedores.\u00a0<\/p>\n\n\n\n<p><\/p>\n\n\n\n<figure class=\"wp-block-image aligncenter size-full\"><img data-recalc-dims=\"1\" loading=\"lazy\" decoding=\"async\" width=\"800\" height=\"450\" src=\"https:\/\/i0.wp.com\/cdnoticias.com\/wp-content\/uploads\/2026\/01\/olavarriaenverano1.jpg?resize=800%2C450&#038;ssl=1\" alt=\"\" class=\"wp-image-193734\" srcset=\"https:\/\/i0.wp.com\/cdnoticias.com\/wp-content\/uploads\/2026\/01\/olavarriaenverano1.jpg?w=900&amp;ssl=1 900w, https:\/\/i0.wp.com\/cdnoticias.com\/wp-content\/uploads\/2026\/01\/olavarriaenverano1.jpg?resize=300%2C169&amp;ssl=1 300w, https:\/\/i0.wp.com\/cdnoticias.com\/wp-content\/uploads\/2026\/01\/olavarriaenverano1.jpg?resize=768%2C432&amp;ssl=1 768w\" sizes=\"auto, (max-width: 800px) 100vw, 800px\" \/><\/figure>\n","protected":false},"excerpt":{"rendered":"<p>Fue en el marco del Programa Municipal \u201cOlavarr\u00eda en Verano\u201d. Los escenarios elegidos fueron La Casa del Bicentenario, el Centro<\/p>\n","protected":false},"author":6,"featured_media":193733,"comment_status":"closed","ping_status":"closed","sticky":false,"template":"","format":"standard","meta":{"_jetpack_memberships_contains_paid_content":false,"footnotes":""},"categories":[9,1],"tags":[],"class_list":["post-193736","post","type-post","status-publish","format-standard","has-post-thumbnail","hentry","category-cultura","category-portada"],"jetpack_featured_media_url":"https:\/\/i0.wp.com\/cdnoticias.com\/wp-content\/uploads\/2026\/01\/olavarriaenverano3.jpg?fit=900%2C506&ssl=1","jetpack_sharing_enabled":true,"_links":{"self":[{"href":"https:\/\/cdnoticias.com\/index.php\/wp-json\/wp\/v2\/posts\/193736","targetHints":{"allow":["GET"]}}],"collection":[{"href":"https:\/\/cdnoticias.com\/index.php\/wp-json\/wp\/v2\/posts"}],"about":[{"href":"https:\/\/cdnoticias.com\/index.php\/wp-json\/wp\/v2\/types\/post"}],"author":[{"embeddable":true,"href":"https:\/\/cdnoticias.com\/index.php\/wp-json\/wp\/v2\/users\/6"}],"replies":[{"embeddable":true,"href":"https:\/\/cdnoticias.com\/index.php\/wp-json\/wp\/v2\/comments?post=193736"}],"version-history":[{"count":0,"href":"https:\/\/cdnoticias.com\/index.php\/wp-json\/wp\/v2\/posts\/193736\/revisions"}],"wp:featuredmedia":[{"embeddable":true,"href":"https:\/\/cdnoticias.com\/index.php\/wp-json\/wp\/v2\/media\/193733"}],"wp:attachment":[{"href":"https:\/\/cdnoticias.com\/index.php\/wp-json\/wp\/v2\/media?parent=193736"}],"wp:term":[{"taxonomy":"category","embeddable":true,"href":"https:\/\/cdnoticias.com\/index.php\/wp-json\/wp\/v2\/categories?post=193736"},{"taxonomy":"post_tag","embeddable":true,"href":"https:\/\/cdnoticias.com\/index.php\/wp-json\/wp\/v2\/tags?post=193736"}],"curies":[{"name":"wp","href":"https:\/\/api.w.org\/{rel}","templated":true}]}}