{"id":193718,"date":"2026-01-26T12:29:34","date_gmt":"2026-01-26T15:29:34","guid":{"rendered":"https:\/\/cdnoticias.com\/?p=193718"},"modified":"2026-01-26T17:01:18","modified_gmt":"2026-01-26T20:01:18","slug":"vuelco-en-ruta-226-un-olavarriense-herido","status":"publish","type":"post","link":"https:\/\/cdnoticias.com\/index.php\/2026\/01\/26\/vuelco-en-ruta-226-un-olavarriense-herido\/","title":{"rendered":"Vuelco en ruta 226: un olavarriense herido"},"content":{"rendered":"<p>El siniestro se produjo este lunes a la altura del kil\u00f3metro 378. La v\u00edctima fue derivada al Hospital de Bol\u00edvar.<!--more--><\/p>\n<hr \/>\n<p>\u00a0<\/p>\n\n\n<p>Un<strong> olavarriense<\/strong> result\u00f3 <strong>herido en un siniestro vial<\/strong> sobre la <strong>ruta nacional 226<\/strong> en los primeros minutos de este lunes.<\/p>\n\n\n\n<p><\/p>\n\n\n\n<p>Seg\u00fan se pudo saber,<strong> una camioneta protagoniz\u00f3 un vuelco a la altura del kil\u00f3metro 378<\/strong>. Se produjo <strong>alrededor de las 0:30 horas <\/strong>y dej\u00f3 como saldo a un hombre <strong>trasladado al hospital municipal <\/strong>de la localidad de <strong>Bol\u00edvar<\/strong>.<\/p>\n\n\n\n<p><\/p>\n\n\n\n<blockquote class=\"wp-block-quote is-layout-flow wp-block-quote-is-layout-flow\">\n<p>El veh\u00edculo involucrado fue una Ford Ranger, conducida por Mat\u00edas Alonso, oriundo de Olavarr\u00eda, quien circulaba solo al momento del accidente.<\/p>\n<\/blockquote>\n\n\n\n<p><\/p>\n\n\n\n<figure class=\"wp-block-image size-full\"><img data-recalc-dims=\"1\" loading=\"lazy\" decoding=\"async\" width=\"800\" height=\"450\" src=\"https:\/\/i0.wp.com\/cdnoticias.com\/wp-content\/uploads\/2026\/01\/choque-ruta-226-bolivar-A.jpg?resize=800%2C450&#038;ssl=1\" alt=\"\" class=\"wp-image-193722\" srcset=\"https:\/\/i0.wp.com\/cdnoticias.com\/wp-content\/uploads\/2026\/01\/choque-ruta-226-bolivar-A.jpg?w=1000&amp;ssl=1 1000w, https:\/\/i0.wp.com\/cdnoticias.com\/wp-content\/uploads\/2026\/01\/choque-ruta-226-bolivar-A.jpg?resize=300%2C169&amp;ssl=1 300w, https:\/\/i0.wp.com\/cdnoticias.com\/wp-content\/uploads\/2026\/01\/choque-ruta-226-bolivar-A.jpg?resize=768%2C432&amp;ssl=1 768w\" sizes=\"auto, (max-width: 800px) 100vw, 800px\" \/><\/figure>\n\n\n\n<p><\/p>\n\n\n\n<p>La camioneta dio varias vueltas y termin\u00f3 <strong>detenida entre el pastizal al costado de la ruta<\/strong>.<\/p>\n\n\n\n<p><\/p>\n\n\n\n<blockquote class=\"wp-block-quote is-layout-flow wp-block-quote-is-layout-flow\">\n<p>El conductor manifestaba un fuerte dolor en el pecho, por lo que fue asistido en el lugar y posteriormente trasladado al Hospital \u201cM. Capredoni\u201d para su evaluaci\u00f3n m\u00e9dica.<\/p>\n<\/blockquote>\n\n\n\n<p><\/p>\n\n\n\n<p>En el lugar trabajaron<strong> personal policial y Bomberos<\/strong>, adem\u00e1s del personal de salud.<\/p>\n\n\n\n<p><\/p>\n\n\n\n<p>Fuente y fotos: <em>Diario La Ma\u00f1ana<\/em><\/p>\n","protected":false},"excerpt":{"rendered":"<p>El siniestro se produjo este lunes a la altura del kil\u00f3metro 378. La v\u00edctima fue derivada al Hospital de Bol\u00edvar.<\/p>\n","protected":false},"author":4,"featured_media":193721,"comment_status":"closed","ping_status":"closed","sticky":false,"template":"","format":"standard","meta":{"_jetpack_memberships_contains_paid_content":false,"footnotes":""},"categories":[14,1],"tags":[],"class_list":["post-193718","post","type-post","status-publish","format-standard","has-post-thumbnail","hentry","category-policiales","category-portada"],"jetpack_featured_media_url":"https:\/\/i0.wp.com\/cdnoticias.com\/wp-content\/uploads\/2026\/01\/choque-ruta-226-bolivar.jpg?fit=1000%2C563&ssl=1","jetpack_sharing_enabled":true,"_links":{"self":[{"href":"https:\/\/cdnoticias.com\/index.php\/wp-json\/wp\/v2\/posts\/193718","targetHints":{"allow":["GET"]}}],"collection":[{"href":"https:\/\/cdnoticias.com\/index.php\/wp-json\/wp\/v2\/posts"}],"about":[{"href":"https:\/\/cdnoticias.com\/index.php\/wp-json\/wp\/v2\/types\/post"}],"author":[{"embeddable":true,"href":"https:\/\/cdnoticias.com\/index.php\/wp-json\/wp\/v2\/users\/4"}],"replies":[{"embeddable":true,"href":"https:\/\/cdnoticias.com\/index.php\/wp-json\/wp\/v2\/comments?post=193718"}],"version-history":[{"count":0,"href":"https:\/\/cdnoticias.com\/index.php\/wp-json\/wp\/v2\/posts\/193718\/revisions"}],"wp:featuredmedia":[{"embeddable":true,"href":"https:\/\/cdnoticias.com\/index.php\/wp-json\/wp\/v2\/media\/193721"}],"wp:attachment":[{"href":"https:\/\/cdnoticias.com\/index.php\/wp-json\/wp\/v2\/media?parent=193718"}],"wp:term":[{"taxonomy":"category","embeddable":true,"href":"https:\/\/cdnoticias.com\/index.php\/wp-json\/wp\/v2\/categories?post=193718"},{"taxonomy":"post_tag","embeddable":true,"href":"https:\/\/cdnoticias.com\/index.php\/wp-json\/wp\/v2\/tags?post=193718"}],"curies":[{"name":"wp","href":"https:\/\/api.w.org\/{rel}","templated":true}]}}