{"id":193717,"date":"2026-01-26T14:46:51","date_gmt":"2026-01-26T17:46:51","guid":{"rendered":"https:\/\/cdnoticias.com\/?p=193717"},"modified":"2026-01-26T14:46:53","modified_gmt":"2026-01-26T17:46:53","slug":"sesiones-extraordinarias-el-gobierno-incluira-la-ley-penal-juvenil-al-debate-de-febrero-en-el-congreso","status":"publish","type":"post","link":"https:\/\/cdnoticias.com\/index.php\/2026\/01\/26\/sesiones-extraordinarias-el-gobierno-incluira-la-ley-penal-juvenil-al-debate-de-febrero-en-el-congreso\/","title":{"rendered":"Sesiones extraordinarias: el Gobierno incluir\u00e1 la Ley Penal Juvenil al debate de febrero en el Congreso"},"content":{"rendered":"\n<p>El temario de las sesiones extraordinarias incluir\u00e1 otros proyectos clave para la gesti\u00f3n Milei, como la reforma laboral y la aprobaci\u00f3n del acuerdo Mercosur-Uni\u00f3n Europea.<\/p>\n\n\n\n<hr class=\"wp-block-separator has-alpha-channel-opacity\"\/>\n\n\n\n<p>El Gobierno de Javier Milei confirm\u00f3 este lunes que incluir\u00e1 el<strong> proyecto de Ley Penal Juvenil <\/strong>en el temario de las sesiones extraordinarias de febrero. As\u00ed lo asegur\u00f3 Manuel Adorni, tras una reuni\u00f3n de la mesa pol\u00edtica del n\u00facleo duro del Presidente.<\/p>\n\n\n\n<p><\/p>\n\n\n\n<p>Seg\u00fan indic\u00f3 el tambi\u00e9n vocero a trav\u00e9s de X, <strong>el debate por la baja de la edad de imputabilidad y de otros proyectos comenzar\u00e1 el lunes pr\u00f3ximo.<\/strong><\/p>\n\n\n\n<p><\/p>\n\n\n<blockquote class=\"twitter-tweet\">\n<p lang=\"es\" dir=\"ltr\">Reunidos en Casa Rosada desde temprano. <\/p>\n<p>La \u201cLey Penal Juvenil\u201d tambi\u00e9n formar\u00e1 parte del temario de las sesiones extraordinarias.<\/p>\n<p>Fin. <a href=\"https:\/\/t.co\/GSM6HHrI5g\">pic.twitter.com\/GSM6HHrI5g<\/a><\/p>\n<p>&mdash; Manuel Adorni (@madorni) <a href=\"https:\/\/twitter.com\/madorni\/status\/2015784784317043176?ref_src=twsrc%5Etfw\">January 26, 2026<\/a><\/p><\/blockquote>\n<p> <script async src=\"https:\/\/platform.twitter.com\/widgets.js\" charset=\"utf-8\"><\/script><\/p>\n\n\n<p><\/p>\n\n\n\n<p>Del encuentro, adem\u00e1s de Adorni, participaron la Secretaria General de Presidencia, Karina Milei; el ministro del Interior, Diego Santilli; el titular de Econom\u00eda, Luis Caputo; el Presidente de la C\u00e1mara de Diputados, Mart\u00edn Menem; la senadora Patricia Bullrich; el asesor Santiago Caputo; y el Secretario de Asuntos Estrat\u00e9gicos de la Jefatura de Gabinete, Ignacio Devitt.<\/p>\n\n\n\n<p><\/p>\n\n\n\n<p>La encargada de anunciar la intenci\u00f3n del oficialismo de dar impulso al proyecto del C\u00f3digo Penal para bajar la edad de imputabilidad fue la exministra de Seguridad Bullrich, <strong>tras dos casos graves de inseguridad ocurridos la semana pasada<\/strong>: uno fue el crimen de Gustavo Javier Pair\u00f3, en Jos\u00e9 C. Paz, cuando dos ladrones, uno de ellos menor de edad, quisieron robarle la moto; el otro fue luego de que se difundiera el video del asesinato de Jerem\u00edas Monz\u00f3n, el adolescente asesinado a pu\u00f1aladas por otros menores en Santa Fe.<\/p>\n\n\n\n<p><\/p>\n\n\n\n<p>En tanto, el temario de las sesiones extraordinarias incluir\u00e1 otros proyectos clave para la gesti\u00f3n Milei, como <strong>la reforma laboral y la aprobaci\u00f3n del acuerdo Mercosur-Uni\u00f3n Europea.<\/strong><\/p>\n\n\n\n<p><\/p>\n\n\n\n<p><em>Fuente: Agencia DIB<\/em><\/p>\n","protected":false},"excerpt":{"rendered":"<p>El temario de las sesiones extraordinarias incluir\u00e1 otros proyectos clave para la gesti\u00f3n Milei, como la reforma laboral y la<\/p>\n","protected":false},"author":5,"featured_media":193719,"comment_status":"closed","ping_status":"closed","sticky":false,"template":"","format":"standard","meta":{"_jetpack_memberships_contains_paid_content":false,"footnotes":""},"categories":[6,1],"tags":[],"class_list":["post-193717","post","type-post","status-publish","format-standard","has-post-thumbnail","hentry","category-nacionales","category-portada"],"jetpack_featured_media_url":"https:\/\/i0.wp.com\/cdnoticias.com\/wp-content\/uploads\/2026\/01\/gobierno-baja-imputabilidad.png?fit=800%2C445&ssl=1","jetpack_sharing_enabled":true,"_links":{"self":[{"href":"https:\/\/cdnoticias.com\/index.php\/wp-json\/wp\/v2\/posts\/193717","targetHints":{"allow":["GET"]}}],"collection":[{"href":"https:\/\/cdnoticias.com\/index.php\/wp-json\/wp\/v2\/posts"}],"about":[{"href":"https:\/\/cdnoticias.com\/index.php\/wp-json\/wp\/v2\/types\/post"}],"author":[{"embeddable":true,"href":"https:\/\/cdnoticias.com\/index.php\/wp-json\/wp\/v2\/users\/5"}],"replies":[{"embeddable":true,"href":"https:\/\/cdnoticias.com\/index.php\/wp-json\/wp\/v2\/comments?post=193717"}],"version-history":[{"count":0,"href":"https:\/\/cdnoticias.com\/index.php\/wp-json\/wp\/v2\/posts\/193717\/revisions"}],"wp:featuredmedia":[{"embeddable":true,"href":"https:\/\/cdnoticias.com\/index.php\/wp-json\/wp\/v2\/media\/193719"}],"wp:attachment":[{"href":"https:\/\/cdnoticias.com\/index.php\/wp-json\/wp\/v2\/media?parent=193717"}],"wp:term":[{"taxonomy":"category","embeddable":true,"href":"https:\/\/cdnoticias.com\/index.php\/wp-json\/wp\/v2\/categories?post=193717"},{"taxonomy":"post_tag","embeddable":true,"href":"https:\/\/cdnoticias.com\/index.php\/wp-json\/wp\/v2\/tags?post=193717"}],"curies":[{"name":"wp","href":"https:\/\/api.w.org\/{rel}","templated":true}]}}