{"id":193714,"date":"2026-01-26T17:00:57","date_gmt":"2026-01-26T20:00:57","guid":{"rendered":"https:\/\/cdnoticias.com\/?p=193714"},"modified":"2026-01-27T10:24:27","modified_gmt":"2026-01-27T13:24:27","slug":"relevamiento-el-14-de-los-comercios-del-macrocentro-permanecen-cerrados-y-mas-de-la-mitad-registra-caida-en-ventas","status":"publish","type":"post","link":"https:\/\/cdnoticias.com\/index.php\/2026\/01\/26\/relevamiento-el-14-de-los-comercios-del-macrocentro-permanecen-cerrados-y-mas-de-la-mitad-registra-caida-en-ventas\/","title":{"rendered":"Relevamiento: el 14% de los comercios del macrocentro permanecen cerrados y m\u00e1s de la mitad registra ca\u00edda en ventas"},"content":{"rendered":"\n<p>Un informe municipal basado en entrevistas a m\u00e1s de 240 locales del centro de Olavarr\u00eda expone el impacto de la crisis econ\u00f3mica en la actividad comercial. <\/p>\n\n\n\n<hr class=\"wp-block-separator has-alpha-channel-opacity\"\/>\n\n\n\n<p><br>En el marco del <a href=\"https:\/\/cdnoticias.com\/index.php\/2026\/01\/26\/indicadores-economicos-2025-cerro-con-estancamiento-y-fuerte-contraccion-de-la-actividad-en-olavarria\/\" target=\"_blank\" rel=\"noreferrer noopener\">seguimiento de la actividad econ\u00f3mica local,<\/a> la Secretar\u00eda de Desarrollo Econ\u00f3mico y Productivo del Municipio lleva adelante desde hace varios meses un <strong>relevamiento comercial en el macrocentro de la ciudad,<\/strong> principal polo comercial de Olavarr\u00eda.<\/p>\n\n\n\n<p><\/p>\n\n\n\n<p>El trabajo es realizado por equipos del \u00e1rea de Empresas y de Econom\u00eda Popular, quienes efectuaron <strong>entrevistas personales a m\u00e1s de 240 comercios ubicados en el cuadrante delimitado por las avenidas Del Valle, Pringles, Col\u00f3n y la calle Riobamba.<\/strong><\/p>\n\n\n\n<p><\/p>\n\n\n\n<blockquote class=\"wp-block-quote is-layout-flow wp-block-quote-is-layout-flow\">\n<p>Entre los principales resultados del relevamiento se destaca que el 86% de los comercios se encuentran en actividad, mientras que el 14% permanece cerrado. Este \u00faltimo dato se sostiene desde hace varios meses y refleja el impacto de la crisis econ\u00f3mica en el entramado comercial c\u00e9ntrico.<\/p>\n<\/blockquote>\n\n\n\n<p><\/p>\n\n\n\n<p>En cuanto a los <strong>rubros<\/strong>, el de mayor presencia es el de indumentaria, que representa el 32,9% del total relevado. Le siguen los comercios de productos alimenticios \u2014como poller\u00edas, diet\u00e9ticas y fiambrer\u00edas\u2014 con el 11,1%; art\u00edculos para el hogar, electr\u00f3nica e instrumentos, con el 7,2%; kioscos, con el 6,3%; y marroquiner\u00eda, con el 4,8%.<\/p>\n\n\n\n<p><\/p>\n\n\n\n<figure class=\"wp-block-image size-full\"><img data-recalc-dims=\"1\" loading=\"lazy\" decoding=\"async\" width=\"800\" height=\"445\" src=\"https:\/\/i0.wp.com\/cdnoticias.com\/wp-content\/uploads\/2026\/01\/comercios-cerrado-alquiler-01.jpg?resize=800%2C445&#038;ssl=1\" alt=\"\" class=\"wp-image-192150\" srcset=\"https:\/\/i0.wp.com\/cdnoticias.com\/wp-content\/uploads\/2026\/01\/comercios-cerrado-alquiler-01.jpg?w=1000&amp;ssl=1 1000w, https:\/\/i0.wp.com\/cdnoticias.com\/wp-content\/uploads\/2026\/01\/comercios-cerrado-alquiler-01.jpg?resize=300%2C167&amp;ssl=1 300w, https:\/\/i0.wp.com\/cdnoticias.com\/wp-content\/uploads\/2026\/01\/comercios-cerrado-alquiler-01.jpg?resize=768%2C427&amp;ssl=1 768w, https:\/\/i0.wp.com\/cdnoticias.com\/wp-content\/uploads\/2026\/01\/comercios-cerrado-alquiler-01.jpg?resize=800%2C445&amp;ssl=1 800w\" sizes=\"auto, (max-width: 800px) 100vw, 800px\" \/><\/figure>\n\n\n\n<p><\/p>\n\n\n\n<blockquote class=\"wp-block-quote is-layout-flow wp-block-quote-is-layout-flow\">\n<p>El informe tambi\u00e9n revela que el 52,2% de los comercios declar\u00f3 haber registrado una merma en sus ventas, un dato que se encuentra en l\u00ednea con los indicadores econ\u00f3micos generales del Partido, que dan cuenta de una retracci\u00f3n de la actividad durante 2025.<\/p>\n<\/blockquote>\n\n\n\n<p><\/p>\n\n\n\n<p>Al analizar espec\u00edficamente el rubro indumentaria, se observa que <strong>el 39,1% de los locales manifest\u00f3 una ca\u00edda en las ventas, mientras que el 47,9% indic\u00f3 que se mantuvieron estables<\/strong>, confirmando la tendencia de estancamiento que atraviesa el sector comercial local.<\/p>\n","protected":false},"excerpt":{"rendered":"<p>Un informe municipal basado en entrevistas a m\u00e1s de 240 locales del centro de Olavarr\u00eda expone el impacto de la<\/p>\n","protected":false},"author":5,"featured_media":192148,"comment_status":"closed","ping_status":"closed","sticky":false,"template":"","format":"standard","meta":{"_jetpack_memberships_contains_paid_content":false,"footnotes":""},"categories":[5,1],"tags":[],"class_list":["post-193714","post","type-post","status-publish","format-standard","has-post-thumbnail","hentry","category-informacion-general","category-portada"],"jetpack_featured_media_url":"https:\/\/i0.wp.com\/cdnoticias.com\/wp-content\/uploads\/2026\/01\/comercios-cerrado-00.jpg?fit=1000%2C556&ssl=1","jetpack_sharing_enabled":true,"_links":{"self":[{"href":"https:\/\/cdnoticias.com\/index.php\/wp-json\/wp\/v2\/posts\/193714","targetHints":{"allow":["GET"]}}],"collection":[{"href":"https:\/\/cdnoticias.com\/index.php\/wp-json\/wp\/v2\/posts"}],"about":[{"href":"https:\/\/cdnoticias.com\/index.php\/wp-json\/wp\/v2\/types\/post"}],"author":[{"embeddable":true,"href":"https:\/\/cdnoticias.com\/index.php\/wp-json\/wp\/v2\/users\/5"}],"replies":[{"embeddable":true,"href":"https:\/\/cdnoticias.com\/index.php\/wp-json\/wp\/v2\/comments?post=193714"}],"version-history":[{"count":0,"href":"https:\/\/cdnoticias.com\/index.php\/wp-json\/wp\/v2\/posts\/193714\/revisions"}],"wp:featuredmedia":[{"embeddable":true,"href":"https:\/\/cdnoticias.com\/index.php\/wp-json\/wp\/v2\/media\/192148"}],"wp:attachment":[{"href":"https:\/\/cdnoticias.com\/index.php\/wp-json\/wp\/v2\/media?parent=193714"}],"wp:term":[{"taxonomy":"category","embeddable":true,"href":"https:\/\/cdnoticias.com\/index.php\/wp-json\/wp\/v2\/categories?post=193714"},{"taxonomy":"post_tag","embeddable":true,"href":"https:\/\/cdnoticias.com\/index.php\/wp-json\/wp\/v2\/tags?post=193714"}],"curies":[{"name":"wp","href":"https:\/\/api.w.org\/{rel}","templated":true}]}}