{"id":193706,"date":"2026-01-26T11:09:20","date_gmt":"2026-01-26T14:09:20","guid":{"rendered":"https:\/\/cdnoticias.com\/?p=193706"},"modified":"2026-01-26T17:00:42","modified_gmt":"2026-01-26T20:00:42","slug":"cambios-en-los-subsidios-energeticos-nosotros-aconsejamos-que-igual-se-haga-el-tramite-de-inscripcion","status":"publish","type":"post","link":"https:\/\/cdnoticias.com\/index.php\/2026\/01\/26\/cambios-en-los-subsidios-energeticos-nosotros-aconsejamos-que-igual-se-haga-el-tramite-de-inscripcion\/","title":{"rendered":"Cambios en los subsidios energ\u00e9ticos: \u201cNosotros aconsejamos que igual se haga el tr\u00e1mite de inscripci\u00f3n\u201d"},"content":{"rendered":"<p>Jorge Garaiz inform\u00f3 que en la Direcci\u00f3n de Defensa del Consumidor ya se reciben consultas sobre el tema. El impacto de la suba de tarifas, las consultas sostenidas en dos a\u00f1os y la pol\u00edtica de reducci\u00f3n.<!--more--><\/p>\n<hr \/>\n<p>\u00a0<\/p>\n\n\n<p>La <strong>Direcci\u00f3n de Defensa al Consumidor y Relaciones Vecinales de Olavarr\u00eda<\/strong><a href=\"https:\/\/cdnoticias.com\/index.php\/2026\/01\/24\/asesoramiento-para-tramitar-los-subsidios-de-luz-y-gas-en-defensa-al-consumidor\/\" target=\"_blank\" rel=\"noreferrer noopener\"> difundi\u00f3 informaci\u00f3n sobre acceso a los <\/a><strong><a href=\"https:\/\/cdnoticias.com\/index.php\/2026\/01\/24\/asesoramiento-para-tramitar-los-subsidios-de-luz-y-gas-en-defensa-al-consumidor\/\" target=\"_blank\" rel=\"noreferrer noopener\">subsidios<\/a> para los servicios de electricidad y de gas<\/strong>, sistema sobre el que el estado nacional dispuso <strong>cambios a partir de este mes<\/strong>.<strong> Central de Noticias <\/strong>habl\u00f3 sobre el tema con el titular del organismo municipal, <strong>Jorge Garaiz<\/strong>, quien destac\u00f3 que <strong>ya reciben consultas de usuarios<\/strong> y que la recomendaci\u00f3n es <strong>volver a inscribirse en el sistema<\/strong>.<\/p>\n\n\n\n<p><\/p>\n\n\n\n<blockquote class=\"wp-block-quote is-layout-flow wp-block-quote-is-layout-flow\">\n<p>\u201cLos vecinos ya est\u00e1n consultando c\u00f3mo hacer el tr\u00e1mite. Nosotros lo que hacemos, en lo que focalizamos nosotros la atenci\u00f3n es a explicarle a la gente c\u00f3mo tienen que hacerlo, de qu\u00e9 forma, cu\u00e1les son los requisitos que tienen que cumplir para acceder a los subsidios tanto de energ\u00eda el\u00e9ctrica como de gas\u201d plante\u00f3 el director municipal.<\/p>\n<\/blockquote>\n\n\n\n<p><\/p>\n\n\n\n<p>Por otro lado, <strong>Central de Noticias <\/strong>consult\u00f3 d\u00edas pasados a la <strong>distribuidora de electricidad Coopelectric<\/strong> desde donde se inform\u00f3 que <strong>a\u00fan no se hab\u00edan acercado usuarios<\/strong> a preguntar por los cambios en el sistema de subsidios.<\/p>\n\n\n<blockquote class=\"instagram-media\" data-instgrm-permalink=\"https:\/\/www.instagram.com\/reel\/DT-gG0xAF9a\/?utm_source=ig_embed&amp;utm_campaign=loading\" data-instgrm-version=\"14\" style=\" background:#FFF; border:0; border-radius:3px; box-shadow:0 0 1px 0 rgba(0,0,0,0.5),0 1px 10px 0 rgba(0,0,0,0.15); margin: 1px; max-width:540px; min-width:326px; padding:0; width:99.375%; width:-webkit-calc(100% - 2px); width:calc(100% - 2px);\"><div style=\"padding:16px;\"> <a href=\"https:\/\/www.instagram.com\/reel\/DT-gG0xAF9a\/?utm_source=ig_embed&amp;utm_campaign=loading\" style=\" background:#FFFFFF; line-height:0; padding:0 0; text-align:center; text-decoration:none; width:100%;\" target=\"_blank\"> <div style=\" display: flex; flex-direction: row; align-items: center;\"> <div style=\"background-color: #F4F4F4; border-radius: 50%; flex-grow: 0; height: 40px; margin-right: 14px; width: 40px;\"><\/div> <div style=\"display: flex; flex-direction: column; flex-grow: 1; justify-content: center;\"> <div style=\" background-color: #F4F4F4; border-radius: 4px; flex-grow: 0; height: 14px; margin-bottom: 6px; width: 100px;\"><\/div> <div style=\" background-color: #F4F4F4; border-radius: 4px; flex-grow: 0; height: 14px; width: 60px;\"><\/div><\/div><\/div><div style=\"padding: 19% 0;\"><\/div> <div style=\"display:block; height:50px; margin:0 auto 12px; width:50px;\"><svg width=\"50px\" height=\"50px\" viewBox=\"0 0 60 60\" version=\"1.1\" xmlns=\"https:\/\/www.w3.org\/2000\/svg\" xmlns:xlink=\"https:\/\/www.w3.org\/1999\/xlink\"><g stroke=\"none\" stroke-width=\"1\" fill=\"none\" fill-rule=\"evenodd\"><g transform=\"translate(-511.000000, -20.000000)\" fill=\"#000000\"><g><path d=\"M556.869,30.41 C554.814,30.41 553.148,32.076 553.148,34.131 C553.148,36.186 554.814,37.852 556.869,37.852 C558.924,37.852 560.59,36.186 560.59,34.131 C560.59,32.076 558.924,30.41 556.869,30.41 M541,60.657 C535.114,60.657 530.342,55.887 530.342,50 C530.342,44.114 535.114,39.342 541,39.342 C546.887,39.342 551.658,44.114 551.658,50 C551.658,55.887 546.887,60.657 541,60.657 M541,33.886 C532.1,33.886 524.886,41.1 524.886,50 C524.886,58.899 532.1,66.113 541,66.113 C549.9,66.113 557.115,58.899 557.115,50 C557.115,41.1 549.9,33.886 541,33.886 M565.378,62.101 C565.244,65.022 564.756,66.606 564.346,67.663 C563.803,69.06 563.154,70.057 562.106,71.106 C561.058,72.155 560.06,72.803 558.662,73.347 C557.607,73.757 556.021,74.244 553.102,74.378 C549.944,74.521 548.997,74.552 541,74.552 C533.003,74.552 532.056,74.521 528.898,74.378 C525.979,74.244 524.393,73.757 523.338,73.347 C521.94,72.803 520.942,72.155 519.894,71.106 C518.846,70.057 518.197,69.06 517.654,67.663 C517.244,66.606 516.755,65.022 516.623,62.101 C516.479,58.943 516.448,57.996 516.448,50 C516.448,42.003 516.479,41.056 516.623,37.899 C516.755,34.978 517.244,33.391 517.654,32.338 C518.197,30.938 518.846,29.942 519.894,28.894 C520.942,27.846 521.94,27.196 523.338,26.654 C524.393,26.244 525.979,25.756 528.898,25.623 C532.057,25.479 533.004,25.448 541,25.448 C548.997,25.448 549.943,25.479 553.102,25.623 C556.021,25.756 557.607,26.244 558.662,26.654 C560.06,27.196 561.058,27.846 562.106,28.894 C563.154,29.942 563.803,30.938 564.346,32.338 C564.756,33.391 565.244,34.978 565.378,37.899 C565.522,41.056 565.552,42.003 565.552,50 C565.552,57.996 565.522,58.943 565.378,62.101 M570.82,37.631 C570.674,34.438 570.167,32.258 569.425,30.349 C568.659,28.377 567.633,26.702 565.965,25.035 C564.297,23.368 562.623,22.342 560.652,21.575 C558.743,20.834 556.562,20.326 553.369,20.18 C550.169,20.033 549.148,20 541,20 C532.853,20 531.831,20.033 528.631,20.18 C525.438,20.326 523.257,20.834 521.349,21.575 C519.376,22.342 517.703,23.368 516.035,25.035 C514.368,26.702 513.342,28.377 512.574,30.349 C511.834,32.258 511.326,34.438 511.181,37.631 C511.035,40.831 511,41.851 511,50 C511,58.147 511.035,59.17 511.181,62.369 C511.326,65.562 511.834,67.743 512.574,69.651 C513.342,71.625 514.368,73.296 516.035,74.965 C517.703,76.634 519.376,77.658 521.349,78.425 C523.257,79.167 525.438,79.673 528.631,79.82 C531.831,79.965 532.853,80.001 541,80.001 C549.148,80.001 550.169,79.965 553.369,79.82 C556.562,79.673 558.743,79.167 560.652,78.425 C562.623,77.658 564.297,76.634 565.965,74.965 C567.633,73.296 568.659,71.625 569.425,69.651 C570.167,67.743 570.674,65.562 570.82,62.369 C570.966,59.17 571,58.147 571,50 C571,41.851 570.966,40.831 570.82,37.631\"><\/path><\/g><\/g><\/g><\/svg><\/div><div style=\"padding-top: 8px;\"> <div style=\" color:#3897f0; font-family:Arial,sans-serif; font-size:14px; font-style:normal; font-weight:550; line-height:18px;\">Ver esta publicaci\u00f3n en Instagram<\/div><\/div><div style=\"padding: 12.5% 0;\"><\/div> <div style=\"display: flex; flex-direction: row; margin-bottom: 14px; align-items: center;\"><div> <div style=\"background-color: #F4F4F4; border-radius: 50%; height: 12.5px; width: 12.5px; transform: translateX(0px) translateY(7px);\"><\/div> <div style=\"background-color: #F4F4F4; height: 12.5px; transform: rotate(-45deg) translateX(3px) translateY(1px); width: 12.5px; flex-grow: 0; margin-right: 14px; margin-left: 2px;\"><\/div> <div style=\"background-color: #F4F4F4; border-radius: 50%; height: 12.5px; width: 12.5px; transform: translateX(9px) translateY(-18px);\"><\/div><\/div><div style=\"margin-left: 8px;\"> <div style=\" background-color: #F4F4F4; border-radius: 50%; flex-grow: 0; height: 20px; width: 20px;\"><\/div> <div style=\" width: 0; height: 0; border-top: 2px solid transparent; border-left: 6px solid #f4f4f4; border-bottom: 2px solid transparent; transform: translateX(16px) translateY(-4px) rotate(30deg)\"><\/div><\/div><div style=\"margin-left: auto;\"> <div style=\" width: 0px; border-top: 8px solid #F4F4F4; border-right: 8px solid transparent; transform: translateY(16px);\"><\/div> <div style=\" background-color: #F4F4F4; flex-grow: 0; height: 12px; width: 16px; transform: translateY(-4px);\"><\/div> <div style=\" width: 0; height: 0; border-top: 8px solid #F4F4F4; border-left: 8px solid transparent; transform: translateY(-4px) translateX(8px);\"><\/div><\/div><\/div> <div style=\"display: flex; flex-direction: column; flex-grow: 1; justify-content: center; margin-bottom: 24px;\"> <div style=\" background-color: #F4F4F4; border-radius: 4px; flex-grow: 0; height: 14px; margin-bottom: 6px; width: 224px;\"><\/div> <div style=\" background-color: #F4F4F4; border-radius: 4px; flex-grow: 0; height: 14px; width: 144px;\"><\/div><\/div><\/a><p style=\" color:#c9c8cd; font-family:Arial,sans-serif; font-size:14px; line-height:17px; margin-bottom:0; margin-top:8px; overflow:hidden; padding:8px 0 7px; text-align:center; text-overflow:ellipsis; white-space:nowrap;\"><a href=\"https:\/\/www.instagram.com\/reel\/DT-gG0xAF9a\/?utm_source=ig_embed&amp;utm_campaign=loading\" style=\" color:#c9c8cd; font-family:Arial,sans-serif; font-size:14px; font-style:normal; font-weight:normal; line-height:17px; text-decoration:none;\" target=\"_blank\">Una publicaci\u00f3n compartida por Central de Noticias Olavarr\u00eda (@cdnolavarria)<\/a><\/p><\/div><\/blockquote>\n<script async src=\"\/\/www.instagram.com\/embed.js\"><\/script>\n\n\n<p><\/p>\n\n\n\n<blockquote class=\"wp-block-quote is-layout-flow wp-block-quote-is-layout-flow\">\n<p>A partir de enero se dispuso la baja del Registro de Acceso a los Subsidios Energ\u00e9ticos (RASE) y la <a href=\"https:\/\/cdnoticias.com\/index.php\/2026\/01\/16\/entra-en-vigencia-el-sistema-de-subsidios-focalizados\/\" target=\"_blank\" rel=\"noreferrer noopener\">habilitaci\u00f3n del Registro de Subsidios Energ\u00e9ticos Focalizados (ReSEF)<\/a>. \u201cLo que est\u00e1 informando Naci\u00f3n es que los datos que figuran en el sistema RASE pasan al RESEF, que es el nuevo sistema de registro. Nosotros aconsejamos que igual se haga el tr\u00e1mite de inscripci\u00f3n, por la cuesti\u00f3n de que si ya est\u00e1 hecho le va a figurar en el sistema que est\u00e1 realizado\u201d indic\u00f3 Garaiz.<\/p>\n<\/blockquote>\n\n\n\n<p><\/p>\n\n\n\n<p>Tuvo en cuenta que la inscripci\u00f3n en el RASE se hizo a\u00f1os atr\u00e1s, con lo que la situaci\u00f3n en cada domicilio puede haber cambiado. \u201cLa migraci\u00f3n de datos se va a hacer con los datos que estaban incorporados en el momento en que se inscribieron. <strong>Capaz que hubo un cambio en cuanto a la situaci\u00f3n familiar o hay menos integrantes de familia.<\/strong> Porque para acceder al subsidio <strong>se toma en cuenta tambi\u00e9n la cantidad integrante que vive en la casa<\/strong>. Puede haber ocurrido que, cuando ellos hicieron el tr\u00e1mite por el RASE, hab\u00eda cuatro y ahora son dos en la casa y de eso el estado no est\u00e1 informado. <strong>Lo importante para m\u00ed es hacer el tr\u00e1mite igual\u201d<\/strong> reiter\u00f3.<\/p>\n\n\n\n<p><\/p>\n\n\n\n<p>En cuanto a la realizaci\u00f3n del tr\u00e1mite, el funcionario remarc\u00f3 que<strong> \u201cel tr\u00e1mite es totalmente digital<\/strong>. Lo hacen por <a href=\"https:\/\/subsidios-energia.argentina.gob.ar\/\" target=\"_blank\" rel=\"noreferrer noopener\">argentina.gob.ar\/subsidios<\/a>. Van a entrar a lo que se llama ahora <strong>RESEF<\/strong>. Le van a pedir el <strong>n\u00famero de cliente<\/strong>, el <strong>n\u00famero de medidor<\/strong> del suministro de gas o de luz y el n\u00famero del <strong>documento del titular<\/strong>. Y, adem\u00e1s, los <strong>n\u00fameros de CUIL de todos los integrantes de la familia que viven en ese hogar<\/strong>. Es decir, todos los que son mayores de 18 a\u00f1os le tienen que dar el n\u00famero de CUIL a la persona cuando hace el tr\u00e1mite\u201d. Quien haga el tr\u00e1mite debe verificar que todos los datos est\u00e9n correctamente incorporados ya que la informaci\u00f3n se recibe en car\u00e1cter de <strong>declaraci\u00f3n jurada<\/strong>. \u201cDespu\u00e9s de hacer el tr\u00e1mite, le van a dar una constancia que se baja en PDF y <strong>se controlan por la app Mi Argentina\u201d <\/strong>agreg\u00f3.<\/p>\n\n\n\n<p><\/p>\n\n\n\n<figure class=\"wp-block-image size-full\"><img data-recalc-dims=\"1\" loading=\"lazy\" decoding=\"async\" width=\"800\" height=\"445\" src=\"https:\/\/i0.wp.com\/cdnoticias.com\/wp-content\/uploads\/2026\/01\/subsidios-electricidad-y-gas-00.jpg?resize=800%2C445&#038;ssl=1\" alt=\"\" class=\"wp-image-193707\" srcset=\"https:\/\/i0.wp.com\/cdnoticias.com\/wp-content\/uploads\/2026\/01\/subsidios-electricidad-y-gas-00.jpg?w=1000&amp;ssl=1 1000w, https:\/\/i0.wp.com\/cdnoticias.com\/wp-content\/uploads\/2026\/01\/subsidios-electricidad-y-gas-00.jpg?resize=300%2C167&amp;ssl=1 300w, https:\/\/i0.wp.com\/cdnoticias.com\/wp-content\/uploads\/2026\/01\/subsidios-electricidad-y-gas-00.jpg?resize=768%2C427&amp;ssl=1 768w, https:\/\/i0.wp.com\/cdnoticias.com\/wp-content\/uploads\/2026\/01\/subsidios-electricidad-y-gas-00.jpg?resize=800%2C445&amp;ssl=1 800w\" sizes=\"auto, (max-width: 800px) 100vw, 800px\" \/><\/figure>\n\n\n\n<p><\/p>\n\n\n\n<blockquote class=\"wp-block-quote is-layout-flow wp-block-quote-is-layout-flow\">\n<p>\u00bfCu\u00e1les son los requisitos para mantener los subsidios? \u201cSe va a tomar en cuenta que para acceder, el total de los ingresos de las familias que viven en ese hogar no puede superar las tres canastas b\u00e1sicas totales. Hoy son 3.771.000 pesos\u201d respondi\u00f3 el abogado. Quienes tienen Certificado de Discapacidad y quienes reciben la pensi\u00f3n vitalicia por \u201cveterano de guerra\u201d quedan incluidos autom\u00e1ticamente.<\/p>\n<\/blockquote>\n\n\n\n<p><\/p>\n\n\n\n<h2 class=\"wp-block-heading\">Las novedades en el nuevo sistema<\/h2>\n\n\n\n<p><\/p>\n\n\n\n<p>El director de Defensa del Consumidor advirti\u00f3 que la decisi\u00f3n del Gobierno Nacional es reducir el acceso a los subsidios. <strong>\u201cEl cambio que se realiza -del RASE al RESEF- es que ahora es m\u00e1s focalizado<\/strong>, se ponen m\u00e1s los puntos sobre una cuesti\u00f3n de reducir el acceso al beneficio\u201d dijo.<\/p>\n\n\n\n<p><\/p>\n\n\n\n<p>Garaiz tuvo en cuenta que \u201ces muy alto el costo de vida que tenemos hoy en Argentina\u201d con lo que el impacto de la reducci\u00f3n de subsidios se siente. Apunt\u00f3 a que <strong>el objetivo \u201ces reducir. La pol\u00edtica nacional es la reducci\u00f3n y llegar a ese famoso d\u00e9ficit cero del que ellos siempre hablan\u201d<\/strong>.<\/p>\n\n\n\n<p><\/p>\n\n\n\n<figure class=\"wp-block-embed is-type-wp-embed is-provider-central-de-noticias-olavarr-a wp-block-embed-central-de-noticias-olavarr-a\"><div class=\"wp-block-embed__wrapper\">\n<blockquote class=\"wp-embedded-content\" data-secret=\"3DOMMJegOi\"><a href=\"https:\/\/cdnoticias.com\/index.php\/2026\/01\/20\/subsidios-para-luz-y-gas-quienes-no-podran-acceder-al-beneficio\/\">Subsidios para luz y gas: qui\u00e9nes no podr\u00e1n acceder al beneficio<\/a><\/blockquote><iframe loading=\"lazy\" class=\"wp-embedded-content\" sandbox=\"allow-scripts\" security=\"restricted\" style=\"position: absolute; visibility: hidden;\" title=\"&#8220;Subsidios para luz y gas: qui\u00e9nes no podr\u00e1n acceder al beneficio&#8221; &#8212; Central de Noticias | Olavarr\u00eda\" src=\"https:\/\/cdnoticias.com\/index.php\/2026\/01\/20\/subsidios-para-luz-y-gas-quienes-no-podran-acceder-al-beneficio\/embed\/#?secret=XubKfSi15R#?secret=3DOMMJegOi\" data-secret=\"3DOMMJegOi\" width=\"600\" height=\"338\" frameborder=\"0\" marginwidth=\"0\" marginheight=\"0\" scrolling=\"no\"><\/iframe>\n<\/div><\/figure>\n\n\n\n<p><\/p>\n\n\n\n<p>La reducci\u00f3n del acceso a los subsidios ha sido progresiva desde fines de 2023 a hoy y, paralelamente, se han aumentado las tarifas de luz y de gas. En la Direcci\u00f3n de Defensa del Consumidor municipal <strong>se han sostenido las consultas <\/strong>a lo largo de todo este tiempo. \u201cSiempre recibimos consultas. Porque <strong>estamos hablando de dos cuestiones: de la restricci\u00f3n en los subsidios y tambi\u00e9n la cuesti\u00f3n de las tarifas<\/strong>, que hay aumentos que est\u00e1n repercutiendo. <strong>Hay gente que piensa que no tiene el subsidio, pero igual el subsidio no le alcanza porque hay un aumento en la tarifa<\/strong>. Por m\u00e1s que tengas un beneficio, el aumento va a repercutir en tu bolsillo igual\u201d cont\u00f3 el director.<\/p>\n\n\n\n<p><\/p>\n\n\n\n<p>El organismo municipal est\u00e1 <strong>en comunicaci\u00f3n tambi\u00e9n con las prestadoras de ambos servicios<\/strong>, con Camuzzi Gas Pampeana y con Coopelectric.<strong> \u201cSiempre tenemos una buena comunicaci\u00f3n\u201d <\/strong>afirm\u00f3 Garaiz. No obstante, tuvo en cuenta que <strong>las definiciones sobre estos temas \u201cson de \u00edndole nacional<\/strong>, nosotros podemos ayudar a la gente y asesorar, pero si hay un aumento de tarifas y est\u00e1 autorizado, ah\u00ed no tenemos injerencia\u201d explic\u00f3.<\/p>\n\n\n\n<p><\/p>\n\n\n\n<blockquote class=\"wp-block-quote is-layout-flow wp-block-quote-is-layout-flow\">\n<p>\u201cTodo lo que decidimos es que ante esta cuesti\u00f3n, desde nuestra oficina damos la posibilidad a la gente que no tiene conocimiento o no sabe c\u00f3mo tiene que hacer el tr\u00e1mite digital ya que toda esa cuesti\u00f3n a la gente a veces le complica, m\u00e1s a los adultos mayores\u201d expres\u00f3. En ese sentido, invit\u00f3 a los interesados a acercarse a Coronel Su\u00e1rez 2843 o llamar a los tel\u00e9fonos 02284- 418477 o 418478 de 7 a 13 horas.<\/p>\n<\/blockquote>\n\n\n\n<p><\/p>\n\n\n\n<figure class=\"wp-block-embed is-type-wp-embed is-provider-central-de-noticias-olavarr-a wp-block-embed-central-de-noticias-olavarr-a\"><div class=\"wp-block-embed__wrapper\">\n<blockquote class=\"wp-embedded-content\" data-secret=\"vaEd3F0Bfq\"><a href=\"https:\/\/cdnoticias.com\/index.php\/2025\/11\/28\/gobierno-redefine-los-subsidios-de-luz-y-gas-habra-aumentos-y-menos-bonificaciones-desde-enero\/\">Gobierno redefine los subsidios de luz y gas: habr\u00e1 aumentos y menos bonificaciones desde enero<\/a><\/blockquote><iframe loading=\"lazy\" class=\"wp-embedded-content\" sandbox=\"allow-scripts\" security=\"restricted\" style=\"position: absolute; visibility: hidden;\" title=\"&#8220;Gobierno redefine los subsidios de luz y gas: habr\u00e1 aumentos y menos bonificaciones desde enero&#8221; &#8212; Central de Noticias | Olavarr\u00eda\" src=\"https:\/\/cdnoticias.com\/index.php\/2025\/11\/28\/gobierno-redefine-los-subsidios-de-luz-y-gas-habra-aumentos-y-menos-bonificaciones-desde-enero\/embed\/#?secret=9BVZgavteJ#?secret=vaEd3F0Bfq\" data-secret=\"vaEd3F0Bfq\" width=\"600\" height=\"338\" frameborder=\"0\" marginwidth=\"0\" marginheight=\"0\" scrolling=\"no\"><\/iframe>\n<\/div><\/figure>\n","protected":false},"excerpt":{"rendered":"<p>Jorge Garaiz inform\u00f3 que en la Direcci\u00f3n de Defensa del Consumidor ya se reciben consultas sobre el tema. El impacto<\/p>\n","protected":false},"author":4,"featured_media":193705,"comment_status":"closed","ping_status":"closed","sticky":false,"template":"","format":"standard","meta":{"_jetpack_memberships_contains_paid_content":false,"footnotes":""},"categories":[5,1],"tags":[],"class_list":["post-193706","post","type-post","status-publish","format-standard","has-post-thumbnail","hentry","category-informacion-general","category-portada"],"jetpack_featured_media_url":"https:\/\/i0.wp.com\/cdnoticias.com\/wp-content\/uploads\/2026\/01\/jorge-garaiz.jpg?fit=1000%2C556&ssl=1","jetpack_sharing_enabled":true,"_links":{"self":[{"href":"https:\/\/cdnoticias.com\/index.php\/wp-json\/wp\/v2\/posts\/193706","targetHints":{"allow":["GET"]}}],"collection":[{"href":"https:\/\/cdnoticias.com\/index.php\/wp-json\/wp\/v2\/posts"}],"about":[{"href":"https:\/\/cdnoticias.com\/index.php\/wp-json\/wp\/v2\/types\/post"}],"author":[{"embeddable":true,"href":"https:\/\/cdnoticias.com\/index.php\/wp-json\/wp\/v2\/users\/4"}],"replies":[{"embeddable":true,"href":"https:\/\/cdnoticias.com\/index.php\/wp-json\/wp\/v2\/comments?post=193706"}],"version-history":[{"count":0,"href":"https:\/\/cdnoticias.com\/index.php\/wp-json\/wp\/v2\/posts\/193706\/revisions"}],"wp:featuredmedia":[{"embeddable":true,"href":"https:\/\/cdnoticias.com\/index.php\/wp-json\/wp\/v2\/media\/193705"}],"wp:attachment":[{"href":"https:\/\/cdnoticias.com\/index.php\/wp-json\/wp\/v2\/media?parent=193706"}],"wp:term":[{"taxonomy":"category","embeddable":true,"href":"https:\/\/cdnoticias.com\/index.php\/wp-json\/wp\/v2\/categories?post=193706"},{"taxonomy":"post_tag","embeddable":true,"href":"https:\/\/cdnoticias.com\/index.php\/wp-json\/wp\/v2\/tags?post=193706"}],"curies":[{"name":"wp","href":"https:\/\/api.w.org\/{rel}","templated":true}]}}