{"id":193702,"date":"2026-01-26T10:25:32","date_gmt":"2026-01-26T13:25:32","guid":{"rendered":"https:\/\/cdnoticias.com\/?p=193702"},"modified":"2026-01-26T12:32:56","modified_gmt":"2026-01-26T15:32:56","slug":"murio-el-joven-de-la-madrid-herido-en-el-choque-entre-un-auto-y-un-tren-en-ruta-2","status":"publish","type":"post","link":"https:\/\/cdnoticias.com\/index.php\/2026\/01\/26\/murio-el-joven-de-la-madrid-herido-en-el-choque-entre-un-auto-y-un-tren-en-ruta-2\/","title":{"rendered":"Muri\u00f3 el joven de La Madrid herido en el choque entre un auto y un tren en ruta 2"},"content":{"rendered":"\n<p>Ten\u00eda 23 a\u00f1os y estaba internado en estado cr\u00edtico en el HIGA de Mar del Plata. El siniestro ocurri\u00f3 el domingo a la altura de El Casal; otros dos ocupantes siguen hospitalizados.<\/p>\n\n\n\n<hr class=\"wp-block-separator has-alpha-channel-opacity\"\/>\n\n\n\n<p>El joven de 23 a\u00f1os oriundo de General La Madrid que<a href=\"https:\/\/cdnoticias.com\/index.php\/2026\/01\/25\/un-tren-arrollo-un-auto-en-ruta-2-tres-heridos-de-la-madrid\/\" data-type=\"link\" data-id=\"https:\/\/cdnoticias.com\/index.php\/2026\/01\/25\/un-tren-arrollo-un-auto-en-ruta-2-tres-heridos-de-la-madrid\/\"> hab\u00eda resultado gravemente herido en el choque entre un autom\u00f3vil y una formaci\u00f3n ferroviaria<\/a><strong> falleci\u00f3 en las \u00faltimas horas en el Hospital Interzonal General de Agudos (HIGA) de Mar del Plata,<\/strong> donde permanec\u00eda internado en terapia intensiva desde el domingo.<\/p>\n\n\n\n<p><\/p>\n\n\n\n<p>El tr\u00e1gico episodio se produjo durante la tarde del domingo en inmediaciones de la ruta 2, a la altura de la zona conocida como El Casal, cuando <strong>el veh\u00edculo en el que se desplazaban tres personas fue embestido por un tren. <\/strong>Como consecuencia del violento impacto,<strong> el auto qued\u00f3 completamente destruido y sus ocupantes atrapados en el interior.<\/strong><\/p>\n\n\n\n<p><\/p>\n\n\n\n<p>Se trataba de un Peugeot 206 de color bord\u00f3 en el que viajaban personas oriundas de las localidades bonaerenses de General Lavalle y General La Madrid. Tras el siniestro, <strong>todos fueron trasladados de urgencia al HIGA de Mar del Plata con distintas lesiones.<\/strong><\/p>\n\n\n\n<p><\/p>\n\n\n\n<p><strong>La v\u00edctima fatal hab\u00eda presentado el cuadro m\u00e1s delicado desde el inicio,<\/strong> con m\u00faltiples traumatismos, y su estado fue considerado cr\u00edtico. Pese a los esfuerzos del personal m\u00e9dico y a una intervenci\u00f3n quir\u00fargica de urgencia, el joven no logr\u00f3 superar las lesiones y se confirm\u00f3 su fallecimiento.<\/p>\n\n\n\n<p><\/p>\n\n\n\n<p>En tanto, <strong>los otros dos ocupantes del veh\u00edculo \u2014un hombre de 40 a\u00f1os y una adolescente de 17\u2014 contin\u00faan internados en el mismo nosocomio, aunque se encuentran fuera de peligro y con evoluci\u00f3n favorable.<\/strong><\/p>\n\n\n\n<p><\/p>\n\n\n\n<figure class=\"wp-block-embed is-type-wp-embed is-provider-central-de-noticias-olavarr-a wp-block-embed-central-de-noticias-olavarr-a\"><div class=\"wp-block-embed__wrapper\">\n<blockquote class=\"wp-embedded-content\" data-secret=\"FWoAGmLFxz\"><a href=\"https:\/\/cdnoticias.com\/index.php\/2026\/01\/25\/un-tren-arrollo-un-auto-en-ruta-2-tres-heridos-de-la-madrid\/\">Un tren arroll\u00f3 un auto en ruta 2: tres heridos de La Madrid<\/a><\/blockquote><iframe loading=\"lazy\" class=\"wp-embedded-content\" sandbox=\"allow-scripts\" security=\"restricted\" style=\"position: absolute; visibility: hidden;\" title=\"&#8220;Un tren arroll\u00f3 un auto en ruta 2: tres heridos de La Madrid&#8221; &#8212; Central de Noticias | Olavarr\u00eda\" src=\"https:\/\/cdnoticias.com\/index.php\/2026\/01\/25\/un-tren-arrollo-un-auto-en-ruta-2-tres-heridos-de-la-madrid\/embed\/#?secret=tJV2UkWa4W#?secret=FWoAGmLFxz\" data-secret=\"FWoAGmLFxz\" width=\"600\" height=\"338\" frameborder=\"0\" marginwidth=\"0\" marginheight=\"0\" scrolling=\"no\"><\/iframe>\n<\/div><\/figure>\n","protected":false},"excerpt":{"rendered":"<p>Ten\u00eda 23 a\u00f1os y estaba internado en estado cr\u00edtico en el HIGA de Mar del Plata. El siniestro ocurri\u00f3 el<\/p>\n","protected":false},"author":5,"featured_media":193685,"comment_status":"closed","ping_status":"closed","sticky":false,"template":"","format":"standard","meta":{"_jetpack_memberships_contains_paid_content":false,"footnotes":""},"categories":[14,1],"tags":[],"class_list":["post-193702","post","type-post","status-publish","format-standard","has-post-thumbnail","hentry","category-policiales","category-portada"],"jetpack_featured_media_url":"https:\/\/i0.wp.com\/cdnoticias.com\/wp-content\/uploads\/2026\/01\/choque-tren-mar-del-plata-02.jpg?fit=1000%2C753&ssl=1","jetpack_sharing_enabled":true,"_links":{"self":[{"href":"https:\/\/cdnoticias.com\/index.php\/wp-json\/wp\/v2\/posts\/193702","targetHints":{"allow":["GET"]}}],"collection":[{"href":"https:\/\/cdnoticias.com\/index.php\/wp-json\/wp\/v2\/posts"}],"about":[{"href":"https:\/\/cdnoticias.com\/index.php\/wp-json\/wp\/v2\/types\/post"}],"author":[{"embeddable":true,"href":"https:\/\/cdnoticias.com\/index.php\/wp-json\/wp\/v2\/users\/5"}],"replies":[{"embeddable":true,"href":"https:\/\/cdnoticias.com\/index.php\/wp-json\/wp\/v2\/comments?post=193702"}],"version-history":[{"count":0,"href":"https:\/\/cdnoticias.com\/index.php\/wp-json\/wp\/v2\/posts\/193702\/revisions"}],"wp:featuredmedia":[{"embeddable":true,"href":"https:\/\/cdnoticias.com\/index.php\/wp-json\/wp\/v2\/media\/193685"}],"wp:attachment":[{"href":"https:\/\/cdnoticias.com\/index.php\/wp-json\/wp\/v2\/media?parent=193702"}],"wp:term":[{"taxonomy":"category","embeddable":true,"href":"https:\/\/cdnoticias.com\/index.php\/wp-json\/wp\/v2\/categories?post=193702"},{"taxonomy":"post_tag","embeddable":true,"href":"https:\/\/cdnoticias.com\/index.php\/wp-json\/wp\/v2\/tags?post=193702"}],"curies":[{"name":"wp","href":"https:\/\/api.w.org\/{rel}","templated":true}]}}