{"id":193698,"date":"2026-01-26T13:39:34","date_gmt":"2026-01-26T16:39:34","guid":{"rendered":"https:\/\/cdnoticias.com\/?p=193698"},"modified":"2026-01-26T13:39:37","modified_gmt":"2026-01-26T16:39:37","slug":"compras-record-en-el-exterior-el-sistema-puerta-a-puerta-marco-un-maximo-historico-en-2025","status":"publish","type":"post","link":"https:\/\/cdnoticias.com\/index.php\/2026\/01\/26\/compras-record-en-el-exterior-el-sistema-puerta-a-puerta-marco-un-maximo-historico-en-2025\/","title":{"rendered":"Compras r\u00e9cord en el exterior: el sistema &#8220;puerta a puerta&#8221; marc\u00f3 un m\u00e1ximo hist\u00f3rico en 2025"},"content":{"rendered":"\n<p>Las importaciones para consumo personal crecieron m\u00e1s de 270% en 2025 y alcanzaron niveles r\u00e9cord, impulsadas por precios m\u00e1s bajos, mayor apertura comercial y el auge de plataformas como Amazon, Shein y Temu.<\/p>\n\n\n\n<hr class=\"wp-block-separator has-alpha-channel-opacity\"\/>\n\n\n\n<p>Las<strong> compras online en plataformas del exterior como Amazon, Shein, Temu y AliExpress <\/strong>hace tiempo dejaron de ser un fen\u00f3meno marginal y se consolidaron como una alternativa cada vez m\u00e1s elegida por los argentinos, atra\u00eddos por la conveniencia de precios y la posibilidad de acceder a productos que no se consiguen en el mercado local.<\/p>\n\n\n\n<p><\/p>\n\n\n\n<p><strong>En 2025, las importaciones v\u00eda el sistema \u201cpuerta a puerta\u201d para uso personal crecieron 274,2% interanual y totalizaron u$s894 millones, seg\u00fan datos del Intercambio Comercial Argentino (ICA) del Indec<\/strong>. El dinamismo fue especialmente marcado hacia fin de a\u00f1o:<strong> solo en diciembre se alcanz\u00f3 un nuevo m\u00e1ximo hist\u00f3rico de u$s105 millones, lo que implic\u00f3 un salto de 179,6% frente al mismo mes de 2024,<\/strong> impulsado por las compras navide\u00f1as y el cobro del aguinaldo, de acuerdo con Analytica.<\/p>\n\n\n\n<p><\/p>\n\n\n\n<p>El fen\u00f3meno se inscribe en un contexto m\u00e1s amplio de <strong>expansi\u00f3n de las importaciones<\/strong>. En diciembre, el total importado por el pa\u00eds alcanz\u00f3 los u$s5.556 millones, con una suba de 3,5% interanual (u$s188 millones m\u00e1s que en igual mes de 2024). Las cantidades crecieron 3,0% y los precios apenas 0,4%. El rubro que m\u00e1s se expandi\u00f3 fue \u201cResto\u201d, con un aumento de 160,2% y un monto de u$s67 millones, explicado esencialmente por la mayor compra de bienes despachados mediante servicios postales y de courier, seg\u00fan el Indec.<\/p>\n\n\n\n<p><\/p>\n\n\n\n<blockquote class=\"wp-block-quote is-layout-flow wp-block-quote-is-layout-flow\">\n<p>En perspectiva hist\u00f3rica, Abeceb destac\u00f3 que 2025 cerr\u00f3 con vol\u00famenes r\u00e9cord de importaciones \u201cpuerta a puerta\u201d, que superaron en 3,1% el m\u00e1ximo alcanzado en 2017 y triplicaron el promedio de los a\u00f1os noventa. En t\u00e9rminos anuales, este tipo de compras creci\u00f3 cerca de 180% respecto de 2024.<\/p>\n<\/blockquote>\n\n\n\n<p><\/p>\n\n\n\n<p><strong>Cu\u00e1les son los productos m\u00e1s elegidos<\/strong><\/p>\n\n\n\n<p><br>El ranking de los productos m\u00e1s adquiridos combina bienes b\u00e1sicos y otros aspiracionales.<strong> Ropa y calzado lideran por variedad y precio, seguidos por celulares, computadoras, consolas de videojuegos y accesorios electr\u00f3nicos<\/strong>, en un contexto en el que la tecnolog\u00eda contin\u00faa siendo sensiblemente m\u00e1s cara en la Argentina. <strong>Tambi\u00e9n se destacan art\u00edculos como el termo Stanley, juguetes, productos para el hogar y el exterior, muebles, y una demanda en alza de maquillajes, perfumes y productos de cuidado personal, <\/strong>traccionada por marcas que no se consiguen en el pa\u00eds o que resultan m\u00e1s econ\u00f3micas en plataformas internacionales.<\/p>\n\n\n\n<p><\/p>\n\n\n\n<blockquote class=\"wp-block-quote is-layout-flow wp-block-quote-is-layout-flow\">\n<p>El boom responde a <strong>m\u00faltiples factores<\/strong>: la apertura comercial y la flexibilizaci\u00f3n de las importaciones de particulares tras a\u00f1os de restricciones, la baja de aranceles, un tipo de cambio relativamente estable, diferencias de precios que pueden llegar al 60%, el acceso a un cat\u00e1logo mucho m\u00e1s amplio y la fuerte irrupci\u00f3n de plataformas chinas.<\/p>\n<\/blockquote>\n\n\n\n<p><\/p>\n\n\n\n<p>Seg\u00fan Abeceb, el salto tambi\u00e9n obedece a<strong> cuestiones estructurales<\/strong>: \u201cuna econom\u00eda m\u00e1s grande y compleja, una poblaci\u00f3n mayor, cadenas productivas m\u00e1s largas y una mayor integraci\u00f3n al comercio global, en un mundo que hoy comercia significativamente m\u00e1s que en los \u201990\u201d. La consultora subray\u00f3 adem\u00e1s un cambio en la composici\u00f3n de las importaciones, con mayor peso de los bienes finales. En ese marco, los bienes de consumo concentraron cerca del 15% de las compras externas en 2025, el nivel m\u00e1s alto desde comienzos de siglo, mientras que el r\u00e9gimen de courier se consolid\u00f3 como el canal de mayor expansi\u00f3n.<\/p>\n\n\n\n<p><\/p>\n\n\n\n<p><strong>El rubro textil el m\u00e1s afectado en importaciones, y tambi\u00e9n en exportaciones<\/strong><\/p>\n\n\n\n<p><br>El <strong>Instituto Nacional de Estad\u00edstica y Censos (Indec)<\/strong> inform\u00f3 que las<strong> manufacturas de origen industrial (MOI) <\/strong>cerraron 2025 con exportaciones por u$s23.380 millones, lo que represent\u00f3 un crecimiento del 6% respecto del a\u00f1o anterior. Este conjunto incluye rubros como c<strong>alzado, manufacturas de cuero, marroquiner\u00eda, textiles y confecciones, entre otros.<\/strong><\/p>\n\n\n\n<p><\/p>\n\n\n\n<p>Dentro de ese universo, la cadena de moda mostr\u00f3 un desempe\u00f1o m\u00e1s d\u00e9bil. En 2025, esta subdivisi\u00f3n export\u00f3 US$ 17 millones, cifra que implic\u00f3 una ca\u00edda del 9% en relaci\u00f3n con 2024. El sector contin\u00faa afectado por un contexto internacional desafiante, marcado por cambios en los patrones de consumo, la sustituci\u00f3n de materiales y una mayor competencia regional.<\/p>\n\n\n\n<p><\/p>\n\n\n\n<p>El retroceso m\u00e1s pronunciado se registr\u00f3 en el rubro <strong>calzado<\/strong> y sus partes, que redujo sus env\u00edos al exterior un 25,7% interanual y finaliz\u00f3 el a\u00f1o con exportaciones por u$s7 millones.<\/p>\n\n\n\n<p><\/p>\n\n\n\n<blockquote class=\"wp-block-quote is-layout-flow wp-block-quote-is-layout-flow\">\n<p>Si bien las MOI en su conjunto aportaron al crecimiento de las exportaciones en 2025, los datos evidencian un desempe\u00f1o heterog\u00e9neo al interior del sector.<strong> Para la cadena de moda argentina, el inicio del nuevo a\u00f1o plantea el desaf\u00edo de recuperar competitividad y recomponer vol\u00famenes en los mercados internacionales.<\/strong><\/p>\n<\/blockquote>\n\n\n\n<p><\/p>\n\n\n\n<p>Detr\u00e1s del crecimiento del \u201cpuerta a puerta\u201d se abre un <strong>debate de fondo sobre el modelo econ\u00f3mico, el impacto en la producci\u00f3n local y el empleo, y los efectos sobre la balanza comercial,<\/strong> en un contexto global donde el consumo digital y transfronterizo gana protagonismo.<\/p>\n\n\n\n<p><\/p>\n\n\n\n<p><em>Fuente: \u00c1mbito Financiero.<\/em><\/p>\n\n\n\n<p><\/p>\n","protected":false},"excerpt":{"rendered":"<p>Las importaciones para consumo personal crecieron m\u00e1s de 270% en 2025 y alcanzaron niveles r\u00e9cord, impulsadas por precios m\u00e1s bajos,<\/p>\n","protected":false},"author":5,"featured_media":193699,"comment_status":"closed","ping_status":"closed","sticky":false,"template":"","format":"standard","meta":{"_jetpack_memberships_contains_paid_content":false,"footnotes":""},"categories":[6,1],"tags":[],"class_list":["post-193698","post","type-post","status-publish","format-standard","has-post-thumbnail","hentry","category-nacionales","category-portada"],"jetpack_featured_media_url":"https:\/\/i0.wp.com\/cdnoticias.com\/wp-content\/uploads\/2026\/01\/compras-exterior.png?fit=800%2C445&ssl=1","jetpack_sharing_enabled":true,"_links":{"self":[{"href":"https:\/\/cdnoticias.com\/index.php\/wp-json\/wp\/v2\/posts\/193698","targetHints":{"allow":["GET"]}}],"collection":[{"href":"https:\/\/cdnoticias.com\/index.php\/wp-json\/wp\/v2\/posts"}],"about":[{"href":"https:\/\/cdnoticias.com\/index.php\/wp-json\/wp\/v2\/types\/post"}],"author":[{"embeddable":true,"href":"https:\/\/cdnoticias.com\/index.php\/wp-json\/wp\/v2\/users\/5"}],"replies":[{"embeddable":true,"href":"https:\/\/cdnoticias.com\/index.php\/wp-json\/wp\/v2\/comments?post=193698"}],"version-history":[{"count":0,"href":"https:\/\/cdnoticias.com\/index.php\/wp-json\/wp\/v2\/posts\/193698\/revisions"}],"wp:featuredmedia":[{"embeddable":true,"href":"https:\/\/cdnoticias.com\/index.php\/wp-json\/wp\/v2\/media\/193699"}],"wp:attachment":[{"href":"https:\/\/cdnoticias.com\/index.php\/wp-json\/wp\/v2\/media?parent=193698"}],"wp:term":[{"taxonomy":"category","embeddable":true,"href":"https:\/\/cdnoticias.com\/index.php\/wp-json\/wp\/v2\/categories?post=193698"},{"taxonomy":"post_tag","embeddable":true,"href":"https:\/\/cdnoticias.com\/index.php\/wp-json\/wp\/v2\/tags?post=193698"}],"curies":[{"name":"wp","href":"https:\/\/api.w.org\/{rel}","templated":true}]}}