{"id":193695,"date":"2026-01-26T10:05:15","date_gmt":"2026-01-26T13:05:15","guid":{"rendered":"https:\/\/cdnoticias.com\/?p=193695"},"modified":"2026-01-26T10:05:18","modified_gmt":"2026-01-26T13:05:18","slug":"vecinos-del-barrio-aoma-se-reunieron-con-autoridades-por-hechos-de-inseguridad","status":"publish","type":"post","link":"https:\/\/cdnoticias.com\/index.php\/2026\/01\/26\/vecinos-del-barrio-aoma-se-reunieron-con-autoridades-por-hechos-de-inseguridad\/","title":{"rendered":"Vecinos del barrio AOMA se reunieron con autoridades por hechos de inseguridad"},"content":{"rendered":"\n<p>El encuentro se realiz\u00f3 en los \u00faltimos d\u00edas con funcionarios municipales y autoridades policiales, ante la preocupaci\u00f3n vecinal por reiterados episodios delictivos en el sector.<\/p>\n\n\n\n<hr class=\"wp-block-separator has-alpha-channel-opacity\"\/>\n\n\n\n<p>La S<strong>ociedad de Fomento del barrio AOMA<\/strong> inform\u00f3 que en los \u00faltimos d\u00edas se concret\u00f3 u<strong>n encuentro entre vecinos y vecinas del sector, integrantes de la Secretar\u00eda de Protecci\u00f3n Ciudadana de la Municipalidad y autoridades policiales.<\/strong><\/p>\n\n\n\n<p><\/p>\n\n\n\n<p>Desde la entidad fomentista destacaron la importante participaci\u00f3n de la comunidad, que se acerc\u00f3 a expresar su preocupaci\u00f3n ante <strong>\u201creiterados hechos de inseguridad\u201d registrados en el barrio.<\/strong> \u201cTodos queremos el barrio seguro que nos caracteriza\u201d, se\u00f1alaron desde la instituci\u00f3n.<\/p>\n\n\n\n<p><\/p>\n\n\n\n<p>En ese marco, desde la Sociedad de Fomento indicaron que se brind\u00f3 el espacio y se facilit\u00f3 el contacto con las autoridades en respuesta a la demanda planteada por los vecinos, con el objetivo de <strong>canalizar las inquietudes vinculadas a la seguridad en la zona.<\/strong><\/p>\n\n\n\n<p><\/p>\n","protected":false},"excerpt":{"rendered":"<p>El encuentro se realiz\u00f3 en los \u00faltimos d\u00edas con funcionarios municipales y autoridades policiales, ante la preocupaci\u00f3n vecinal por reiterados<\/p>\n","protected":false},"author":5,"featured_media":193696,"comment_status":"closed","ping_status":"closed","sticky":false,"template":"","format":"standard","meta":{"_jetpack_memberships_contains_paid_content":false,"footnotes":""},"categories":[5,1],"tags":[],"class_list":["post-193695","post","type-post","status-publish","format-standard","has-post-thumbnail","hentry","category-informacion-general","category-portada"],"jetpack_featured_media_url":"https:\/\/i0.wp.com\/cdnoticias.com\/wp-content\/uploads\/2026\/01\/reunion-vecinos-barrio-aoma.png?fit=800%2C445&ssl=1","jetpack_sharing_enabled":true,"_links":{"self":[{"href":"https:\/\/cdnoticias.com\/index.php\/wp-json\/wp\/v2\/posts\/193695","targetHints":{"allow":["GET"]}}],"collection":[{"href":"https:\/\/cdnoticias.com\/index.php\/wp-json\/wp\/v2\/posts"}],"about":[{"href":"https:\/\/cdnoticias.com\/index.php\/wp-json\/wp\/v2\/types\/post"}],"author":[{"embeddable":true,"href":"https:\/\/cdnoticias.com\/index.php\/wp-json\/wp\/v2\/users\/5"}],"replies":[{"embeddable":true,"href":"https:\/\/cdnoticias.com\/index.php\/wp-json\/wp\/v2\/comments?post=193695"}],"version-history":[{"count":0,"href":"https:\/\/cdnoticias.com\/index.php\/wp-json\/wp\/v2\/posts\/193695\/revisions"}],"wp:featuredmedia":[{"embeddable":true,"href":"https:\/\/cdnoticias.com\/index.php\/wp-json\/wp\/v2\/media\/193696"}],"wp:attachment":[{"href":"https:\/\/cdnoticias.com\/index.php\/wp-json\/wp\/v2\/media?parent=193695"}],"wp:term":[{"taxonomy":"category","embeddable":true,"href":"https:\/\/cdnoticias.com\/index.php\/wp-json\/wp\/v2\/categories?post=193695"},{"taxonomy":"post_tag","embeddable":true,"href":"https:\/\/cdnoticias.com\/index.php\/wp-json\/wp\/v2\/tags?post=193695"}],"curies":[{"name":"wp","href":"https:\/\/api.w.org\/{rel}","templated":true}]}}