{"id":193692,"date":"2026-01-26T08:42:10","date_gmt":"2026-01-26T11:42:10","guid":{"rendered":"https:\/\/cdnoticias.com\/?p=193692"},"modified":"2026-01-26T11:09:49","modified_gmt":"2026-01-26T14:09:49","slug":"olavarria-sigue-bajo-alerta-amarilla-por-temperaturas-extremas-este-lunes","status":"publish","type":"post","link":"https:\/\/cdnoticias.com\/index.php\/2026\/01\/26\/olavarria-sigue-bajo-alerta-amarilla-por-temperaturas-extremas-este-lunes\/","title":{"rendered":"Olavarr\u00eda sigue bajo alerta amarilla por temperaturas extremas este lunes"},"content":{"rendered":"\n<p>La advertencia del SMN rige desde hace varios d\u00edas y prev\u00e9 una m\u00e1xima de 34 grados, con probabilidad de tormentas aisladas durante la jornada.<\/p>\n\n\n\n<hr class=\"wp-block-separator has-alpha-channel-opacity\"\/>\n\n\n\n<p>Olavarr\u00eda contin\u00faa este lunes bajo <strong>alerta amarilla por temperaturas extremas,<\/strong> seg\u00fan inform\u00f3 el Servicio Meteorol\u00f3gico Nacional (SMN). La advertencia<a href=\"https:\/\/cdnoticias.com\/index.php\/2026\/01\/24\/doble-alerta-para-olavarria-este-sabado-por-calor-y-por-tormenta\/\" data-type=\"link\" data-id=\"https:\/\/cdnoticias.com\/index.php\/2026\/01\/24\/doble-alerta-para-olavarria-este-sabado-por-calor-y-por-tormenta\/\"> se mantiene vigente desde hace varios d\u00edas<\/a> y alcanza a gran parte de la provincia de Buenos Aires.<\/p>\n\n\n\n<p><\/p>\n\n\n\n<p>De acuerdo al organismo oficial, <strong>el nivel amarillo implica un efecto leve a moderado en la salud, especialmente en los grupos de riesgo.<\/strong> Para la jornada se pronostica una <strong>temperatura m\u00e1xima de 34 grados en la ciudad, con probabilidad de tormentas aisladas <\/strong>a lo largo del d\u00eda.<\/p>\n\n\n\n<p><\/p>\n\n\n\n<p>La situaci\u00f3n no es exclusiva del distrito, ya que <strong>casi toda la provincia de Buenos Aires se encuentra bajo advertencia por el calor extremo,<\/strong> en el marco de un per\u00edodo sostenido de altas temperaturas.<\/p>\n\n\n\n<p><\/p>\n\n\n\n<figure class=\"wp-block-image size-full\"><img data-recalc-dims=\"1\" loading=\"lazy\" decoding=\"async\" width=\"472\" height=\"800\" src=\"https:\/\/i0.wp.com\/cdnoticias.com\/wp-content\/uploads\/2026\/01\/mapa_temp_extremas.png?resize=472%2C800&#038;ssl=1\" alt=\"\" class=\"wp-image-193693\" srcset=\"https:\/\/i0.wp.com\/cdnoticias.com\/wp-content\/uploads\/2026\/01\/mapa_temp_extremas.png?w=472&amp;ssl=1 472w, https:\/\/i0.wp.com\/cdnoticias.com\/wp-content\/uploads\/2026\/01\/mapa_temp_extremas.png?resize=177%2C300&amp;ssl=1 177w\" sizes=\"auto, (max-width: 472px) 100vw, 472px\" \/><\/figure>\n\n\n\n<p><\/p>\n\n\n\n<figure class=\"wp-block-embed is-type-wp-embed is-provider-central-de-noticias-olavarr-a wp-block-embed-central-de-noticias-olavarr-a\"><div class=\"wp-block-embed__wrapper\">\n<blockquote class=\"wp-embedded-content\" data-secret=\"akN8Fbhb4r\"><a href=\"https:\/\/cdnoticias.com\/index.php\/2026\/01\/23\/con-la-alerta-amarilla-coopelectric-reitero-el-pedido-de-uso-racional-de-los-recursos\/\">Con la alerta amarilla, Coopelectric reiter\u00f3 el pedido de \u201cuso racional\u201d de los recursos<\/a><\/blockquote><iframe loading=\"lazy\" class=\"wp-embedded-content\" sandbox=\"allow-scripts\" security=\"restricted\" style=\"position: absolute; visibility: hidden;\" title=\"&#8220;Con la alerta amarilla, Coopelectric reiter\u00f3 el pedido de \u201cuso racional\u201d de los recursos&#8221; &#8212; Central de Noticias | Olavarr\u00eda\" src=\"https:\/\/cdnoticias.com\/index.php\/2026\/01\/23\/con-la-alerta-amarilla-coopelectric-reitero-el-pedido-de-uso-racional-de-los-recursos\/embed\/#?secret=iW1XWrN8y0#?secret=akN8Fbhb4r\" data-secret=\"akN8Fbhb4r\" width=\"600\" height=\"338\" frameborder=\"0\" marginwidth=\"0\" marginheight=\"0\" scrolling=\"no\"><\/iframe>\n<\/div><\/figure>\n","protected":false},"excerpt":{"rendered":"<p>La advertencia del SMN rige desde hace varios d\u00edas y prev\u00e9 una m\u00e1xima de 34 grados, con probabilidad de tormentas<\/p>\n","protected":false},"author":5,"featured_media":192139,"comment_status":"closed","ping_status":"closed","sticky":false,"template":"","format":"standard","meta":{"_jetpack_memberships_contains_paid_content":false,"footnotes":""},"categories":[5,1],"tags":[],"class_list":["post-193692","post","type-post","status-publish","format-standard","has-post-thumbnail","hentry","category-informacion-general","category-portada"],"jetpack_featured_media_url":"https:\/\/i0.wp.com\/cdnoticias.com\/wp-content\/uploads\/2026\/01\/centro-comercios-ventas-sol-calor-00.jpg?fit=1000%2C556&ssl=1","jetpack_sharing_enabled":true,"_links":{"self":[{"href":"https:\/\/cdnoticias.com\/index.php\/wp-json\/wp\/v2\/posts\/193692","targetHints":{"allow":["GET"]}}],"collection":[{"href":"https:\/\/cdnoticias.com\/index.php\/wp-json\/wp\/v2\/posts"}],"about":[{"href":"https:\/\/cdnoticias.com\/index.php\/wp-json\/wp\/v2\/types\/post"}],"author":[{"embeddable":true,"href":"https:\/\/cdnoticias.com\/index.php\/wp-json\/wp\/v2\/users\/5"}],"replies":[{"embeddable":true,"href":"https:\/\/cdnoticias.com\/index.php\/wp-json\/wp\/v2\/comments?post=193692"}],"version-history":[{"count":0,"href":"https:\/\/cdnoticias.com\/index.php\/wp-json\/wp\/v2\/posts\/193692\/revisions"}],"wp:featuredmedia":[{"embeddable":true,"href":"https:\/\/cdnoticias.com\/index.php\/wp-json\/wp\/v2\/media\/192139"}],"wp:attachment":[{"href":"https:\/\/cdnoticias.com\/index.php\/wp-json\/wp\/v2\/media?parent=193692"}],"wp:term":[{"taxonomy":"category","embeddable":true,"href":"https:\/\/cdnoticias.com\/index.php\/wp-json\/wp\/v2\/categories?post=193692"},{"taxonomy":"post_tag","embeddable":true,"href":"https:\/\/cdnoticias.com\/index.php\/wp-json\/wp\/v2\/tags?post=193692"}],"curies":[{"name":"wp","href":"https:\/\/api.w.org\/{rel}","templated":true}]}}