{"id":19369,"date":"2021-04-20T13:30:03","date_gmt":"2021-04-20T16:30:03","guid":{"rendered":"http:\/\/www.centraldenoticias.com.ar\/?p=19369"},"modified":"2021-04-20T15:14:34","modified_gmt":"2021-04-20T18:14:34","slug":"recorridos-y-frecuencias-ejes-de-la-segunda-reunion-del-transporte-interurbano","status":"publish","type":"post","link":"https:\/\/cdnoticias.com\/index.php\/2021\/04\/20\/recorridos-y-frecuencias-ejes-de-la-segunda-reunion-del-transporte-interurbano\/","title":{"rendered":"Recorridos y frecuencias, ejes de la segunda reuni\u00f3n del transporte interurbano"},"content":{"rendered":"<p>La comisi\u00f3n que analiza la futura concesi\u00f3n del servicio volvi\u00f3 a reunirse. \u201cSe acord\u00f3 para los siguientes encuentros convocar a trabajadores del sector y a representantes gremiales\u201d indic\u00f3 el subsecretario de Gobierno, Emilio Vitale. \u00a0<!--more--><\/p>\n<hr \/>\n<p>En la ma\u00f1ana de este martes <strong>el Subsecretario de Gobierno Municipal Emilio Vitale encabez\u00f3 la segunda reuni\u00f3n de la comisi\u00f3n que trabajar\u00e1 en la concesi\u00f3n del transporte interurbano del partido de Olavarr\u00eda<\/strong>.<\/p>\n<p>&nbsp;<\/p>\n<p>Del encuentro participaron tambi\u00e9n el <strong>director administrativo Enzo Russo<\/strong> y los <strong>concejales Nicol\u00e1s Marinangeli, Germ\u00e1n Aramburu, Eduardo Rodr\u00edguez, Juan S\u00e1nchez, Ubaldo Garc\u00eda y Celeste Arouxet<\/strong>.<\/p>\n<p>&nbsp;<\/p>\n<blockquote><p>Se inform\u00f3 que \u201cdurante la reuni\u00f3n dialogaron sobre los actuales recorridos y las frecuencias del transporte interurbano previo al inicio de la Emergencia Sanitaria por la pandemia del Covid-19\u201d.<\/p><\/blockquote>\n<p>&nbsp;<\/p>\n<p><img data-recalc-dims=\"1\" loading=\"lazy\" decoding=\"async\" class=\"aligncenter wp-image-19370 size-large\" src=\"https:\/\/i0.wp.com\/cdnoticias.com\/wp-content\/uploads\/2021\/04\/Reunion-Transporte-2-scaled.jpg?resize=800%2C534&#038;ssl=1\" alt=\"\" width=\"800\" height=\"534\" srcset=\"https:\/\/i0.wp.com\/cdnoticias.com\/wp-content\/uploads\/2021\/04\/Reunion-Transporte-2-scaled.jpg?resize=1024%2C684&amp;ssl=1 1024w, https:\/\/i0.wp.com\/cdnoticias.com\/wp-content\/uploads\/2021\/04\/Reunion-Transporte-2-scaled.jpg?resize=300%2C201&amp;ssl=1 300w, https:\/\/i0.wp.com\/cdnoticias.com\/wp-content\/uploads\/2021\/04\/Reunion-Transporte-2-scaled.jpg?resize=768%2C513&amp;ssl=1 768w, https:\/\/i0.wp.com\/cdnoticias.com\/wp-content\/uploads\/2021\/04\/Reunion-Transporte-2-scaled.jpg?resize=272%2C182&amp;ssl=1 272w, https:\/\/i0.wp.com\/cdnoticias.com\/wp-content\/uploads\/2021\/04\/Reunion-Transporte-2-scaled.jpg?w=1600&amp;ssl=1 1600w, https:\/\/i0.wp.com\/cdnoticias.com\/wp-content\/uploads\/2021\/04\/Reunion-Transporte-2-scaled.jpg?w=2400&amp;ssl=1 2400w\" sizes=\"auto, (max-width: 800px) 100vw, 800px\" \/><\/p>\n<p>&nbsp;<\/p>\n<p>Al respecto, Vitale explic\u00f3 que \u201cla perspectiva de trabajo es a largo plazo teniendo en cuenta la situaci\u00f3n sanitaria actual en todo el pa\u00eds y la incertidumbre que esto genera. Por esto, <strong>es importante contemplar diversas contingencias<\/strong> futuras vinculadas a la pandemia y a posibles rebrotes\u201d.<\/p>\n<p>&nbsp;<\/p>\n<p>Adem\u00e1s, el funcionario municipal indic\u00f3 que \u201cdesde el Ejecutivo <strong>hicimos entrega de material de trabajo<\/strong> que contemplan planos con recorridos de las tres l\u00edneas, frecuencia horaria y el pliego licitatorio vigente para que todos est\u00e9n interiorizados en la tem\u00e1tica\u201d.<\/p>\n<p>&nbsp;<\/p>\n<blockquote><p>\u201cSe acord\u00f3 para los siguientes encuentros convocar a trabajadores del sector y a representantes gremiales\u201d adelant\u00f3 Vitale quien remarc\u00f3 que \u201cvamos a seguir trabajando de la misma manera porque estamos convencidos que con di\u00e1logo, consenso y pluralidad lograremos lo m\u00e1s importante para los vecinos: la continuidad del servicio\u201d.<\/p><\/blockquote>\n<p>&nbsp;<\/p>\n<p>Cabe recordar que <a href=\"https:\/\/cdnoticias.com\/index.php\/2021\/03\/30\/se-presento-la-comision-de-transporte-interurbano\/\" target=\"_blank\" rel=\"noopener\">en el primer encuentro, celebrado a fines de marzo<\/a>, se estableci\u00f3 que<strong> la comisi\u00f3n buscar\u00e1 mantener reuniones cada unos 20 d\u00edas<\/strong> para analizar y debatir aspectos que hacen a la concesi\u00f3n del servicio que deber\u00e1 licitarse en 2022.<\/p>\n<p>&nbsp;<\/p>\n<p>Tal <a href=\"https:\/\/cdnoticias.com\/index.php\/2021\/04\/19\/volvera-a-reunirse-la-comision-que-analiza-el-transporte-interurbano\/\" target=\"_blank\" rel=\"noopener\">como se record\u00f3<\/a>, la comisi\u00f3n est\u00e1 integrada por funcionarios de la Secretar\u00eda de Gobierno y concejales.<\/p>\n","protected":false},"excerpt":{"rendered":"<p>La comisi\u00f3n que analiza la futura concesi\u00f3n del servicio volvi\u00f3 a reunirse. \u201cSe acord\u00f3 para los siguientes encuentros convocar a<\/p>\n","protected":false},"author":4,"featured_media":19371,"comment_status":"closed","ping_status":"closed","sticky":false,"template":"","format":"standard","meta":{"_jetpack_memberships_contains_paid_content":false,"footnotes":""},"categories":[5,1],"tags":[],"class_list":["post-19369","post","type-post","status-publish","format-standard","has-post-thumbnail","hentry","category-informacion-general","category-portada"],"jetpack_featured_media_url":"https:\/\/i0.wp.com\/cdnoticias.com\/wp-content\/uploads\/2021\/04\/Reunion-Transporte-1-scaled.jpg?fit=2560%2C1711&ssl=1","jetpack_sharing_enabled":true,"_links":{"self":[{"href":"https:\/\/cdnoticias.com\/index.php\/wp-json\/wp\/v2\/posts\/19369","targetHints":{"allow":["GET"]}}],"collection":[{"href":"https:\/\/cdnoticias.com\/index.php\/wp-json\/wp\/v2\/posts"}],"about":[{"href":"https:\/\/cdnoticias.com\/index.php\/wp-json\/wp\/v2\/types\/post"}],"author":[{"embeddable":true,"href":"https:\/\/cdnoticias.com\/index.php\/wp-json\/wp\/v2\/users\/4"}],"replies":[{"embeddable":true,"href":"https:\/\/cdnoticias.com\/index.php\/wp-json\/wp\/v2\/comments?post=19369"}],"version-history":[{"count":0,"href":"https:\/\/cdnoticias.com\/index.php\/wp-json\/wp\/v2\/posts\/19369\/revisions"}],"wp:featuredmedia":[{"embeddable":true,"href":"https:\/\/cdnoticias.com\/index.php\/wp-json\/wp\/v2\/media\/19371"}],"wp:attachment":[{"href":"https:\/\/cdnoticias.com\/index.php\/wp-json\/wp\/v2\/media?parent=19369"}],"wp:term":[{"taxonomy":"category","embeddable":true,"href":"https:\/\/cdnoticias.com\/index.php\/wp-json\/wp\/v2\/categories?post=19369"},{"taxonomy":"post_tag","embeddable":true,"href":"https:\/\/cdnoticias.com\/index.php\/wp-json\/wp\/v2\/tags?post=19369"}],"curies":[{"name":"wp","href":"https:\/\/api.w.org\/{rel}","templated":true}]}}