{"id":193688,"date":"2026-01-25T21:46:26","date_gmt":"2026-01-26T00:46:26","guid":{"rendered":"https:\/\/cdnoticias.com\/?p=193688"},"modified":"2026-01-26T08:42:56","modified_gmt":"2026-01-26T11:42:56","slug":"detenido-por-evasion-y-aprehendido-por-amenazas-agravadas","status":"publish","type":"post","link":"https:\/\/cdnoticias.com\/index.php\/2026\/01\/25\/detenido-por-evasion-y-aprehendido-por-amenazas-agravadas\/","title":{"rendered":"Detenido por evasi\u00f3n y aprehendido por amenazas agravadas en Olavarr\u00eda"},"content":{"rendered":"<p>El acusado llevaba tobillera electr\u00f3nica y ten\u00eda una restricci\u00f3n de acercamiento: incumpli\u00f3 con ambas medidas. Todo ocurri\u00f3 este domingo pasado el mediod\u00eda en inmediaciones de Yrigoyen y Pourtal\u00e9.<!--more--><\/p>\n<hr \/>\n<p>\u00a0<\/p>\n\n\n<p>Un episodio que incluy\u00f3 <strong>amenazas <\/strong>y una<strong> discusi\u00f3n en la v\u00eda p\u00fablica <\/strong>dej\u00f3 a<strong> un hombre con graves imputaciones<\/strong> con doble restricci\u00f3n de su libertad: qued\u00f3 <strong>detenido y aprehendido.<\/strong><\/p>\n\n\n\n<p><\/p>\n\n\n\n<p>Ocurri\u00f3 <strong>este domingo <\/strong>pasado el mediod\u00eda, en inmediaciones <strong>Yrigoyen y Pourtal\u00e9<\/strong>. El acusado se hab\u00eda acercado a una vivienda en la que <strong>amenaz\u00f3 a una mujer <\/strong>contra quien, se constat\u00f3 posteriormente, ten\u00eda una<strong> restricci\u00f3n de acercamiento <\/strong>por hechos de violencia familiar.<\/p>\n\n\n\n<p><\/p>\n\n\n\n<p>La situaci\u00f3n escal\u00f3 a una <strong>discusi\u00f3n callejera <\/strong>a la cual fue convocado personal policial. <strong>Efectivos del CPO <\/strong>llegaron r\u00e1pidamente al lugar y, a pocos metros, <strong>arrestaron al acusado <\/strong>sobre quien, adem\u00e1s, se comprob\u00f3 que<strong> llevaba una tobillera monitoreada<\/strong> puesto que cumpl\u00eda con una medida de<strong> arresto domiciliario.<\/strong><\/p>\n\n\n\n<p><\/p>\n\n\n\n<p>Asimismo, se indic\u00f3 que ante la intervenci\u00f3n de los uniformados el hombre<strong> intent\u00f3 evitar la aprehensi\u00f3n.<\/strong><\/p>\n\n\n\n<p><\/p>\n\n\n\n<p>M\u00e1s m\u00f3viles policiales se presentaron en la escena para dialogar con<strong> testigos de los hechos<\/strong> quienes expusieron lo sucedido.<\/p>\n\n\n\n<p><\/p>\n\n\n\n<blockquote class=\"wp-block-quote is-layout-flow wp-block-quote-is-layout-flow\">\n<p>El hombre fue trasladado a la Comisar\u00eda Primera donde se iniciaron las actuaciones en su contra. <strong>Central de Noticias <\/strong>pudo saber que qued\u00f3 detenido por \u201cevasi\u00f3n\u201d en cuanto a la violaci\u00f3n del arresto domiciliario y aprehendido por \u201camenazas agravadas y desobediencia\u201d.<\/p>\n<\/blockquote>\n","protected":false},"excerpt":{"rendered":"<p>El acusado llevaba tobillera electr\u00f3nica y ten\u00eda una restricci\u00f3n de acercamiento: incumpli\u00f3 con ambas medidas. Todo ocurri\u00f3 este domingo pasado<\/p>\n","protected":false},"author":4,"featured_media":98565,"comment_status":"closed","ping_status":"closed","sticky":false,"template":"","format":"standard","meta":{"_jetpack_memberships_contains_paid_content":false,"footnotes":""},"categories":[14,1],"tags":[],"class_list":["post-193688","post","type-post","status-publish","format-standard","has-post-thumbnail","hentry","category-policiales","category-portada"],"jetpack_featured_media_url":"https:\/\/i0.wp.com\/cdnoticias.com\/wp-content\/uploads\/2023\/10\/comisaria-primera.jpg?fit=800%2C445&ssl=1","jetpack_sharing_enabled":true,"_links":{"self":[{"href":"https:\/\/cdnoticias.com\/index.php\/wp-json\/wp\/v2\/posts\/193688","targetHints":{"allow":["GET"]}}],"collection":[{"href":"https:\/\/cdnoticias.com\/index.php\/wp-json\/wp\/v2\/posts"}],"about":[{"href":"https:\/\/cdnoticias.com\/index.php\/wp-json\/wp\/v2\/types\/post"}],"author":[{"embeddable":true,"href":"https:\/\/cdnoticias.com\/index.php\/wp-json\/wp\/v2\/users\/4"}],"replies":[{"embeddable":true,"href":"https:\/\/cdnoticias.com\/index.php\/wp-json\/wp\/v2\/comments?post=193688"}],"version-history":[{"count":0,"href":"https:\/\/cdnoticias.com\/index.php\/wp-json\/wp\/v2\/posts\/193688\/revisions"}],"wp:featuredmedia":[{"embeddable":true,"href":"https:\/\/cdnoticias.com\/index.php\/wp-json\/wp\/v2\/media\/98565"}],"wp:attachment":[{"href":"https:\/\/cdnoticias.com\/index.php\/wp-json\/wp\/v2\/media?parent=193688"}],"wp:term":[{"taxonomy":"category","embeddable":true,"href":"https:\/\/cdnoticias.com\/index.php\/wp-json\/wp\/v2\/categories?post=193688"},{"taxonomy":"post_tag","embeddable":true,"href":"https:\/\/cdnoticias.com\/index.php\/wp-json\/wp\/v2\/tags?post=193688"}],"curies":[{"name":"wp","href":"https:\/\/api.w.org\/{rel}","templated":true}]}}