{"id":193682,"date":"2026-01-25T21:26:29","date_gmt":"2026-01-26T00:26:29","guid":{"rendered":"https:\/\/cdnoticias.com\/?p=193682"},"modified":"2026-01-26T10:26:09","modified_gmt":"2026-01-26T13:26:09","slug":"un-tren-arrollo-un-auto-en-ruta-2-tres-heridos-de-la-madrid","status":"publish","type":"post","link":"https:\/\/cdnoticias.com\/index.php\/2026\/01\/25\/un-tren-arrollo-un-auto-en-ruta-2-tres-heridos-de-la-madrid\/","title":{"rendered":"Un tren arroll\u00f3 un auto en ruta 2: tres heridos de La Madrid"},"content":{"rendered":"<p>Ocurri\u00f3 en Mar del Plata. Las v\u00edctimas de 17, 23 y 40 a\u00f1os se encuentran internadas. Al menos uno de ellos est\u00e1 en estado cr\u00edtico.<!--more--><\/p>\n<hr \/>\n\n\n<p><strong>Tres personas resultaron heridas este domingo<\/strong> luego de un <strong>choque entre un autom\u00f3vil y un tren<\/strong> en la <strong>ruta 2<\/strong>, a la altura del kil\u00f3metro 386\/391, en inmediaciones del parque acu\u00e1tico Aquasol y en el l\u00edmite de los partidos de General Pueyrred\u00f3n y Mar Chiquita.<\/p>\n\n\n\n<p><\/p>\n\n\n\n<p>El siniestro se produjo poco <strong>despu\u00e9s de las 14.30<\/strong>, cuando la<strong> formaci\u00f3n 304 de Trenes Argentinos<\/strong>, que circulaba con destino a la Ciudad de Buenos Aires, embisti\u00f3 a un <strong>Peugeot 206 <\/strong>de color rojo que se encontraba sobre las v\u00edas.<\/p>\n\n\n\n<p><\/p>\n\n\n\n<blockquote class=\"wp-block-quote is-layout-flow wp-block-quote-is-layout-flow\">\n<p>Seg\u00fan indicaron fuentes del operativo, el maquinista no tuvo margen para frenar y evitar la colisi\u00f3n, aunque las circunstancias del impacto son materia de investigaci\u00f3n.<\/p>\n<\/blockquote>\n\n\n\n<p><\/p>\n\n\n\n<figure class=\"wp-block-image size-full\"><img data-recalc-dims=\"1\" loading=\"lazy\" decoding=\"async\" width=\"720\" height=\"550\" src=\"https:\/\/i0.wp.com\/cdnoticias.com\/wp-content\/uploads\/2026\/01\/choque-tren-mar-del-plata-01.jpg?resize=720%2C550&#038;ssl=1\" alt=\"\" class=\"wp-image-193684\" srcset=\"https:\/\/i0.wp.com\/cdnoticias.com\/wp-content\/uploads\/2026\/01\/choque-tren-mar-del-plata-01.jpg?w=720&amp;ssl=1 720w, https:\/\/i0.wp.com\/cdnoticias.com\/wp-content\/uploads\/2026\/01\/choque-tren-mar-del-plata-01.jpg?resize=300%2C229&amp;ssl=1 300w\" sizes=\"auto, (max-width: 720px) 100vw, 720px\" \/><\/figure>\n\n\n\n<p><\/p>\n\n\n\n<h2 class=\"wp-block-heading\">Los ocupantes del auto<\/h2>\n\n\n\n<p><\/p>\n\n\n\n<blockquote class=\"wp-block-quote is-layout-flow wp-block-quote-is-layout-flow\">\n<p>En el veh\u00edculo viajaban un hombre de 40 a\u00f1os, un joven de 23 y una adolescente de 17. Todos son oriundos de La Madrid y familiares entre s\u00ed, seg\u00fan se inform\u00f3 en medios de esa localidad. Como consecuencia del choque, los tres sufrieron lesiones de distinta consideraci\u00f3n y fueron trasladados al Hospital Interzonal General de Agudos (HIGA) \u201cOscar Alende\u201d de Mar del Plata.<\/p>\n<\/blockquote>\n\n\n\n<p><\/p>\n\n\n\n<p><strong>La menor present\u00f3 politraumatismos<\/strong>, mientras que <strong>el adulto sufri\u00f3 un traumatismo tor\u00e1cico <\/strong>con diagn\u00f3stico de neumot\u00f3rax. El <strong>joven de 23 a\u00f1os<\/strong> tambi\u00e9n result\u00f3 con <strong>heridas de gravedad<\/strong>. Todos permanec\u00edan <strong>conscientes al momento de ser asistidos.<\/strong><\/p>\n\n\n\n<p><\/p>\n\n\n\n<p>Cuando arribaron las ambulancias, las v\u00edctimas ya se encontraban fuera de los veh\u00edculos. En las tareas de atenci\u00f3n y traslado participaron unidades del SAME y del SIES, adem\u00e1s de ambulancias provenientes de Santa Clara del Mar.<\/p>\n\n\n\n<p><\/p>\n\n\n\n<blockquote class=\"wp-block-quote is-layout-flow wp-block-quote-is-layout-flow\">\n<p>Medios marplatenses expusieron horas despu\u00e9s que todos se encontraban en \u201cestado reservado\u201d alojados en centro de salud y que el joven de 23 a\u00f1os est\u00e1 \u201cmuy grave\u201d.<\/p>\n<\/blockquote>\n\n\n\n<p><\/p>\n\n\n\n<p>En tanto, desde<strong> Trenes Argentinos<\/strong> informaron que<strong> ninguno de los pasajeros de la formaci\u00f3n result\u00f3 herido<\/strong>.<\/p>\n\n\n\n<p><\/p>\n\n\n\n<figure class=\"wp-block-image size-full\"><img data-recalc-dims=\"1\" loading=\"lazy\" decoding=\"async\" width=\"800\" height=\"602\" src=\"https:\/\/i0.wp.com\/cdnoticias.com\/wp-content\/uploads\/2026\/01\/choque-tren-mar-del-plata-02.jpg?resize=800%2C602&#038;ssl=1\" alt=\"\" class=\"wp-image-193685\" srcset=\"https:\/\/i0.wp.com\/cdnoticias.com\/wp-content\/uploads\/2026\/01\/choque-tren-mar-del-plata-02.jpg?w=1000&amp;ssl=1 1000w, https:\/\/i0.wp.com\/cdnoticias.com\/wp-content\/uploads\/2026\/01\/choque-tren-mar-del-plata-02.jpg?resize=300%2C226&amp;ssl=1 300w, https:\/\/i0.wp.com\/cdnoticias.com\/wp-content\/uploads\/2026\/01\/choque-tren-mar-del-plata-02.jpg?resize=768%2C578&amp;ssl=1 768w\" sizes=\"auto, (max-width: 800px) 100vw, 800px\" \/><\/figure>\n\n\n\n<p><\/p>\n\n\n\n<h2 class=\"wp-block-heading\">El operativo<\/h2>\n\n\n\n<p><\/p>\n\n\n\n<p>Del operativo tambi\u00e9n formaron parte <strong>Defensa Civil, bomberos <\/strong>del cuartel Camet, <strong>personal policial y equipos de Rescate<\/strong>. <\/p>\n\n\n\n<p><\/p>\n\n\n\n<p>Se realizaron los <strong>peritajes correspondientes <\/strong>para determinar con precisi\u00f3n c\u00f3mo ocurri\u00f3 el accidente. Interviene la<strong> Justicia Federal<\/strong>, ya que el sector donde se produjo el siniestro se encuentra bajo jurisdicci\u00f3n nacional.<\/p>\n\n\n\n<p><\/p>\n\n\n\n<p>Fuentes:<em> Agencia DIB, InfoGL y 0223<\/em><\/p>\n","protected":false},"excerpt":{"rendered":"<p>Ocurri\u00f3 en Mar del Plata. Las v\u00edctimas de 17, 23 y 40 a\u00f1os se encuentran internadas. Al menos uno de<\/p>\n","protected":false},"author":4,"featured_media":193683,"comment_status":"closed","ping_status":"closed","sticky":false,"template":"","format":"standard","meta":{"_jetpack_memberships_contains_paid_content":false,"footnotes":""},"categories":[14],"tags":[],"class_list":["post-193682","post","type-post","status-publish","format-standard","has-post-thumbnail","hentry","category-policiales"],"jetpack_featured_media_url":"https:\/\/i0.wp.com\/cdnoticias.com\/wp-content\/uploads\/2026\/01\/choque-tren-mar-del-plata-00.jpg?fit=1000%2C563&ssl=1","jetpack_sharing_enabled":true,"_links":{"self":[{"href":"https:\/\/cdnoticias.com\/index.php\/wp-json\/wp\/v2\/posts\/193682","targetHints":{"allow":["GET"]}}],"collection":[{"href":"https:\/\/cdnoticias.com\/index.php\/wp-json\/wp\/v2\/posts"}],"about":[{"href":"https:\/\/cdnoticias.com\/index.php\/wp-json\/wp\/v2\/types\/post"}],"author":[{"embeddable":true,"href":"https:\/\/cdnoticias.com\/index.php\/wp-json\/wp\/v2\/users\/4"}],"replies":[{"embeddable":true,"href":"https:\/\/cdnoticias.com\/index.php\/wp-json\/wp\/v2\/comments?post=193682"}],"version-history":[{"count":0,"href":"https:\/\/cdnoticias.com\/index.php\/wp-json\/wp\/v2\/posts\/193682\/revisions"}],"wp:featuredmedia":[{"embeddable":true,"href":"https:\/\/cdnoticias.com\/index.php\/wp-json\/wp\/v2\/media\/193683"}],"wp:attachment":[{"href":"https:\/\/cdnoticias.com\/index.php\/wp-json\/wp\/v2\/media?parent=193682"}],"wp:term":[{"taxonomy":"category","embeddable":true,"href":"https:\/\/cdnoticias.com\/index.php\/wp-json\/wp\/v2\/categories?post=193682"},{"taxonomy":"post_tag","embeddable":true,"href":"https:\/\/cdnoticias.com\/index.php\/wp-json\/wp\/v2\/tags?post=193682"}],"curies":[{"name":"wp","href":"https:\/\/api.w.org\/{rel}","templated":true}]}}