{"id":193672,"date":"2026-01-26T08:10:04","date_gmt":"2026-01-26T11:10:04","guid":{"rendered":"https:\/\/cdnoticias.com\/?p=193672"},"modified":"2026-01-26T10:26:00","modified_gmt":"2026-01-26T13:26:00","slug":"olavarria-en-verano-talleres-para-descubrir-habilidades-este-lunes","status":"publish","type":"post","link":"https:\/\/cdnoticias.com\/index.php\/2026\/01\/26\/olavarria-en-verano-talleres-para-descubrir-habilidades-este-lunes\/","title":{"rendered":"\u201cOlavarr\u00eda en Verano\u201d: talleres para descubrir habilidades este lunes"},"content":{"rendered":"<p>T\u00e9cnica de cincelado en un taller de plater\u00eda y t\u00e9cnicas de dibujo en orfebrer\u00eda.<!--more--><\/p>\n<hr \/>\n\n\n<p>El Municipio de Olavarr\u00eda impulsa el <strong>programa \u201cOlavarr\u00eda en Verano\u201d <\/strong>con propuestas culturales, art\u00edsticas, recreativas y deportivas, organizadas por distintas \u00e1reas que <strong>se desarrollan de manera totalmente gratuita<\/strong>.<\/p>\n\n\n\n<p><\/p>\n\n\n\n<p>El <strong>cronograma completo<\/strong> se encuentra disponible en www.olavarria.gov.ar y <a href=\"https:\/\/www.olavarria.gov.ar\/agenda-de-verano\/\" target=\"_blank\" rel=\"noreferrer noopener\">se puede acceder a trav\u00e9s del siguiente link<\/a>.<\/p>\n\n\n\n<p><\/p>\n\n\n\n<p>Las propuestas para<strong> este lunes:<\/strong><\/p>\n\n\n\n<p><\/p>\n\n\n\n<h2 class=\"wp-block-heading\">9 horas. Taller de Plater\u00eda en el Museo Hogar Loma Negra<\/h2>\n\n\n\n<p><\/p>\n\n\n\n<p>En el taller se profundizar\u00e1 la <strong>t\u00e9cnica de cincelado en \u201calto relieve\u201d en la construcci\u00f3n de cuchillos<\/strong>. No requiere inscripci\u00f3n, a partir de 18 a\u00f1os en adelante.<\/p>\n\n\n\n<p><\/p>\n\n\n\n<h2 class=\"wp-block-heading\">18:00 horas. Taller de Dibujo complementario en la Escuela de Orfebrer\u00eda (Bol\u00edvar 3332)<\/h2>\n\n\n\n<p><\/p>\n\n\n\n<p>Se desarrollar\u00e1n<strong> t\u00e9cnicas de dibujo aplicadas a la producci\u00f3n de diferentes piezas artesanales<\/strong>. A partir de 14 a\u00f1os en adelante. <a href=\"https:\/\/pem.olavarria.gov.ar\/sistema-formularios\/#\/form\/QRgl471azj\/wdbYLzdaG3\" target=\"_blank\" rel=\"noreferrer noopener\">Inscripci\u00f3n mediante formulario. Click aqu\u00ed<\/a><\/p>\n\n\n\n<p><\/p>\n\n\n\n<p><br><\/p>\n\n\n\n<figure class=\"wp-block-embed is-type-wp-embed is-provider-central-de-noticias-olavarr-a wp-block-embed-central-de-noticias-olavarr-a\"><div class=\"wp-block-embed__wrapper\">\n<blockquote class=\"wp-embedded-content\" data-secret=\"MFMmvZ5ThL\"><a href=\"https:\/\/cdnoticias.com\/index.php\/2026\/01\/25\/olavarria-en-verano-agenda-cultural-del-lunes-26-de-enero-al-domingo-1o-de-febrero\/\">\u201cOlavarr\u00eda en Verano\u201d: agenda cultural del lunes 26 de enero al domingo 1\u00ba de febrero<\/a><\/blockquote><iframe loading=\"lazy\" class=\"wp-embedded-content\" sandbox=\"allow-scripts\" security=\"restricted\" style=\"position: absolute; visibility: hidden;\" title=\"&#8220;\u201cOlavarr\u00eda en Verano\u201d: agenda cultural del lunes 26 de enero al domingo 1\u00ba de febrero&#8221; &#8212; Central de Noticias | Olavarr\u00eda\" src=\"https:\/\/cdnoticias.com\/index.php\/2026\/01\/25\/olavarria-en-verano-agenda-cultural-del-lunes-26-de-enero-al-domingo-1o-de-febrero\/embed\/#?secret=n1Gq3MIVdn#?secret=MFMmvZ5ThL\" data-secret=\"MFMmvZ5ThL\" width=\"600\" height=\"338\" frameborder=\"0\" marginwidth=\"0\" marginheight=\"0\" scrolling=\"no\"><\/iframe>\n<\/div><\/figure>\n","protected":false},"excerpt":{"rendered":"<p>T\u00e9cnica de cincelado en un taller de plater\u00eda y t\u00e9cnicas de dibujo en orfebrer\u00eda.<\/p>\n","protected":false},"author":4,"featured_media":178847,"comment_status":"closed","ping_status":"closed","sticky":false,"template":"","format":"standard","meta":{"_jetpack_memberships_contains_paid_content":false,"footnotes":""},"categories":[9,1],"tags":[],"class_list":["post-193672","post","type-post","status-publish","format-standard","has-post-thumbnail","hentry","category-cultura","category-portada"],"jetpack_featured_media_url":"https:\/\/i0.wp.com\/cdnoticias.com\/wp-content\/uploads\/2025\/08\/Museo-hogar-loma-negra.jpg?fit=948%2C527&ssl=1","jetpack_sharing_enabled":true,"_links":{"self":[{"href":"https:\/\/cdnoticias.com\/index.php\/wp-json\/wp\/v2\/posts\/193672","targetHints":{"allow":["GET"]}}],"collection":[{"href":"https:\/\/cdnoticias.com\/index.php\/wp-json\/wp\/v2\/posts"}],"about":[{"href":"https:\/\/cdnoticias.com\/index.php\/wp-json\/wp\/v2\/types\/post"}],"author":[{"embeddable":true,"href":"https:\/\/cdnoticias.com\/index.php\/wp-json\/wp\/v2\/users\/4"}],"replies":[{"embeddable":true,"href":"https:\/\/cdnoticias.com\/index.php\/wp-json\/wp\/v2\/comments?post=193672"}],"version-history":[{"count":0,"href":"https:\/\/cdnoticias.com\/index.php\/wp-json\/wp\/v2\/posts\/193672\/revisions"}],"wp:featuredmedia":[{"embeddable":true,"href":"https:\/\/cdnoticias.com\/index.php\/wp-json\/wp\/v2\/media\/178847"}],"wp:attachment":[{"href":"https:\/\/cdnoticias.com\/index.php\/wp-json\/wp\/v2\/media?parent=193672"}],"wp:term":[{"taxonomy":"category","embeddable":true,"href":"https:\/\/cdnoticias.com\/index.php\/wp-json\/wp\/v2\/categories?post=193672"},{"taxonomy":"post_tag","embeddable":true,"href":"https:\/\/cdnoticias.com\/index.php\/wp-json\/wp\/v2\/tags?post=193672"}],"curies":[{"name":"wp","href":"https:\/\/api.w.org\/{rel}","templated":true}]}}