{"id":193651,"date":"2026-01-26T19:30:08","date_gmt":"2026-01-26T22:30:08","guid":{"rendered":"https:\/\/cdnoticias.com\/?p=193651"},"modified":"2026-01-26T19:30:10","modified_gmt":"2026-01-26T22:30:10","slug":"axel-regresa-a-olavarria-en-el-marco-de-su-25-tour","status":"publish","type":"post","link":"https:\/\/cdnoticias.com\/index.php\/2026\/01\/26\/axel-regresa-a-olavarria-en-el-marco-de-su-25-tour\/","title":{"rendered":"Axel regresa a Olavarr\u00eda en el marco de su \u201c25 tour\u201d"},"content":{"rendered":"\n<p>Ser\u00e1 el domingo 26 de abril en el Teatro Municipal. Entradas a la venta.&nbsp;<\/p>\n\n\n\n<hr class=\"wp-block-separator aligncenter has-alpha-channel-opacity\"\/>\n\n\n\n<p>El<strong> domingo 26 de abril a las 20:00 horas<\/strong>, el reconocido <strong>cantautor argentino Axel se presentar\u00e1 en el Teatro Municipal en el marco de su gira \u201c25 Tour\u201d,<\/strong> con la que <strong>celebra 25 a\u00f1os de trayectoria musical<\/strong> y <strong>presenta oficialmente su m\u00e1s reciente \u00e1lbum, \u201cVuelve\u201d.<\/strong><\/p>\n\n\n\n<p><\/p>\n\n\n\n<blockquote class=\"wp-block-quote is-layout-flow wp-block-quote-is-layout-flow\">\n<p>El artista sorprende al p\u00fablico con un concierto totalmente renovado, donde el impacto sonoro y visual invita a vivir un viaje \u00fanico. Con producci\u00f3n musical de Maxi Esp\u00edndola (MYA), el repertorio recorre las mejores canciones de sus nueve discos, reversionando grandes cl\u00e1sicos que marcaron su carrera.\u00a0<\/p>\n<\/blockquote>\n\n\n\n<p><\/p>\n\n\n\n<p>La puesta en escena logra plasmar la esencia de Axel sobre el escenario a trav\u00e9s de una escenograf\u00eda que resalta la naturaleza y revive las estaciones del a\u00f1o, en sinton\u00eda con el recorrido musical del show.&nbsp;<\/p>\n\n\n\n<p><\/p>\n\n\n\n<p>Durante el concierto no faltar\u00e1n canciones emblem\u00e1ticas como \u201c<strong>Amo\u201d, \u201cMiradas\u201d, \u201cTodo mi mundo\u201d, \u201cTe voy a amar\u201d, \u201cTu amor por siempre\u201d y \u201cCelebra la vida\u201d,<\/strong> junto a <strong>composiciones de su nuevo material discogr\u00e1fico.<\/strong> El show se presenta como una experiencia profundamente emocional y una oportunidad para reencontrarse con el p\u00fablico y celebrar el camino transitado.<\/p>\n\n\n\n<p><\/p>\n\n\n\n<p><strong>Entradas (numeradas en plateas y palcos)<\/strong>:<\/p>\n\n\n\n<ul class=\"wp-block-list\">\n<li><strong>Platea baja<\/strong>: $77.000<\/li>\n<\/ul>\n\n\n\n<ul class=\"wp-block-list\">\n<li><strong>Platea alta<\/strong>: $55.000<\/li>\n<\/ul>\n\n\n\n<ul class=\"wp-block-list\">\n<li><strong>Sillas de palcos<\/strong>: $71.500<\/li>\n<\/ul>\n\n\n\n<ul class=\"wp-block-list\">\n<li><strong>Pullman<\/strong>: $44.000<\/li>\n<\/ul>\n\n\n\n<p><strong>Puntos de venta<\/strong>:<\/p>\n\n\n\n<ul class=\"wp-block-list\">\n<li>Tecnocentro (Rivadavia 3065), en efectivo.<\/li>\n<\/ul>\n\n\n\n<ul class=\"wp-block-list\">\n<li>Teatro Municipal (Rivadavia 2780), con tarjetas de cr\u00e9dito, d\u00e9bito y billeteras virtuales.<\/li>\n<\/ul>\n\n\n\n<ul class=\"wp-block-list\">\n<li>De manera online a trav\u00e9s de www.articket.com.ar, con cr\u00e9dito y d\u00e9bito.<\/li>\n<\/ul>\n\n\n\n<p><\/p>\n\n\n\n<p><strong>Entradas para personas con discapacidad<\/strong><\/p>\n\n\n\n<p>Se informa que <strong>se entregar\u00e1n entradas a personas que presenten CUD (Certificado \u00danico de Discapacidad) a partir del primer d\u00eda h\u00e1bil del mes en el que se desarrolla el evento<\/strong>. La entrega ser\u00e1 <strong>presencial, en la boleter\u00eda del Teatro Municipal<\/strong>, de lunes a viernes de 8:30 a 16:00 horas, seg\u00fan disponibilidad.<\/p>\n\n\n\n<p><\/p>\n","protected":false},"excerpt":{"rendered":"<p>Ser\u00e1 el domingo 26 de abril en el Teatro Municipal. Entradas a la venta.&nbsp; El domingo 26 de abril a<\/p>\n","protected":false},"author":6,"featured_media":193653,"comment_status":"closed","ping_status":"closed","sticky":false,"template":"","format":"standard","meta":{"_jetpack_memberships_contains_paid_content":false,"footnotes":""},"categories":[9,1],"tags":[],"class_list":["post-193651","post","type-post","status-publish","format-standard","has-post-thumbnail","hentry","category-cultura","category-portada"],"jetpack_featured_media_url":"https:\/\/i0.wp.com\/cdnoticias.com\/wp-content\/uploads\/2026\/01\/axel.jpg?fit=900%2C513&ssl=1","jetpack_sharing_enabled":true,"_links":{"self":[{"href":"https:\/\/cdnoticias.com\/index.php\/wp-json\/wp\/v2\/posts\/193651","targetHints":{"allow":["GET"]}}],"collection":[{"href":"https:\/\/cdnoticias.com\/index.php\/wp-json\/wp\/v2\/posts"}],"about":[{"href":"https:\/\/cdnoticias.com\/index.php\/wp-json\/wp\/v2\/types\/post"}],"author":[{"embeddable":true,"href":"https:\/\/cdnoticias.com\/index.php\/wp-json\/wp\/v2\/users\/6"}],"replies":[{"embeddable":true,"href":"https:\/\/cdnoticias.com\/index.php\/wp-json\/wp\/v2\/comments?post=193651"}],"version-history":[{"count":0,"href":"https:\/\/cdnoticias.com\/index.php\/wp-json\/wp\/v2\/posts\/193651\/revisions"}],"wp:featuredmedia":[{"embeddable":true,"href":"https:\/\/cdnoticias.com\/index.php\/wp-json\/wp\/v2\/media\/193653"}],"wp:attachment":[{"href":"https:\/\/cdnoticias.com\/index.php\/wp-json\/wp\/v2\/media?parent=193651"}],"wp:term":[{"taxonomy":"category","embeddable":true,"href":"https:\/\/cdnoticias.com\/index.php\/wp-json\/wp\/v2\/categories?post=193651"},{"taxonomy":"post_tag","embeddable":true,"href":"https:\/\/cdnoticias.com\/index.php\/wp-json\/wp\/v2\/tags?post=193651"}],"curies":[{"name":"wp","href":"https:\/\/api.w.org\/{rel}","templated":true}]}}