{"id":193648,"date":"2026-01-26T18:00:04","date_gmt":"2026-01-26T21:00:04","guid":{"rendered":"https:\/\/cdnoticias.com\/?p=193648"},"modified":"2026-01-26T18:00:06","modified_gmt":"2026-01-26T21:00:06","slug":"descubri-la-ciudad-con-caminatas-guiadas-por-parques-y-monumentos","status":"publish","type":"post","link":"https:\/\/cdnoticias.com\/index.php\/2026\/01\/26\/descubri-la-ciudad-con-caminatas-guiadas-por-parques-y-monumentos\/","title":{"rendered":"Descubr\u00ed la ciudad con caminatas guiadas por parques y monumentos"},"content":{"rendered":"\n<p>La pr\u00f3xima jornada ser\u00e1 el jueves 29 de enero con punto de partida desde el Monumento a San Mart\u00edn (Brown y V\u00e9lez Sarsfield), ubicado en Plaza Aguado. Inscripci\u00f3n abierta.&nbsp;<\/p>\n\n\n\n<hr class=\"wp-block-separator aligncenter has-alpha-channel-opacity\"\/>\n\n\n\n<p>El Municipio de Olavarr\u00eda, a trav\u00e9s de la Coordinaci\u00f3n de Turismo, invita a participar de una <strong>nueva edici\u00f3n del paseo guiado\u00a0 \u201cMonumentos Parques y Puentes\u201d.\u00a0<\/strong><\/p>\n\n\n\n<p><\/p>\n\n\n\n<p>La propuesta que se lleva a cabo en el marco del <strong>programa \u201cOlavarr\u00eda en verano\u201d<\/strong>, consiste en una <strong>caminata guiada gratuita dise\u00f1ada para que vecinos, vecinas y visitantes puedan profundizar en el conocimiento del patrimonio hist\u00f3rico, cultural y geogr\u00e1fico de nuestra ciudad.<\/strong><\/p>\n\n\n\n<p><\/p>\n\n\n\n<blockquote class=\"wp-block-quote is-layout-flow wp-block-quote-is-layout-flow\">\n<p>La actividad propone un recorrido por hitos representativos, monumentos y el entorno natural local, permitiendo disfrutar del paisaje y las historias que forjaron la identidad del Partido. En esta ocasi\u00f3n, el itinerario estar\u00e1 centrado en parques, monumentos y puentes.<\/p>\n<\/blockquote>\n\n\n\n<p><\/p>\n\n\n\n<p>La jornada ser\u00e1 el pr\u00f3ximo<strong> jueves 29 de enero, a partir de las 19.00 horas,<\/strong> con <strong>punto de partida desde el Monumento a San Mart\u00edn <\/strong>(Brown y V\u00e9lez Sarsfield), ubicado en <strong>Plaza Aguado.<\/strong><\/p>\n\n\n\n<p><\/p>\n\n\n\n<blockquote class=\"wp-block-quote is-layout-flow wp-block-quote-is-layout-flow\">\n<p>El recorrido de 2,5 km tendr\u00e1 una duraci\u00f3n aproximada de 2 horas, el nivel de dificultad es bajo teniendo en cuenta que es una salida familiar, donde se visitar\u00e1n distintos puntos de inter\u00e9s tur\u00edsticos.<\/p>\n<\/blockquote>\n\n\n\n<p><\/p>\n\n\n\n<p>Es importante destacar que para la realizaci\u00f3n de dicha actividad <strong>no se requiere contar con experiencia previa. <\/strong>Se trata de una <strong>propuesta abierta a toda la comunidad<\/strong>, de la que tambi\u00e9n podr\u00e1n participar ni\u00f1os y ni\u00f1as, a partir de los 8 a\u00f1os, quienes deber\u00e1n estar acompa\u00f1ados por un adulto responsable.<\/p>\n\n\n\n<p><\/p>\n\n\n\n<p>Dicha propuesta tiene <strong>cupo para 25 personas.<\/strong> Aquellas personas interesadas en participar, podr\u00e1n inscribirse de manera online, a trav\u00e9s del <a href=\"https:\/\/docs.google.com\/forms\/d\/e\/1FAIpQLSeiqhXLZ9Jxi4-Pq4cQoR0uM-KPsIjnEWjarElaW-8GGXAqUg\/viewform\" target=\"_blank\" rel=\"noreferrer noopener\">siguiente formulario<\/a>.<\/p>\n\n\n\n<p><\/p>\n\n\n\n<p><strong>Informaci\u00f3n \u00fatil<\/strong><\/p>\n\n\n\n<p>Aquellas personas que deseen sumarse al grupo de WhatsApp para enterarse de todas las novedades deber\u00e1n ingresar en el siguiente <a href=\"https:\/\/chat.whatsapp.com\/DNStpJoFKiHI0OF7Smi7kC\" target=\"_blank\" rel=\"noreferrer noopener\"><strong>link<\/strong><\/a><strong>.<\/strong><\/p>\n\n\n\n<p><\/p>\n\n\n\n<p><strong>Oficina de Turismo de Olavarr\u00eda<\/strong><\/p>\n\n\n\n<p>Se encuentra ubicada en el Centro Cultural \u201cSan Jos\u00e9\u201d (Riobamba 2949), los d\u00edas h\u00e1biles de lunes a viernes de 7 a 13 horas, s\u00e1bados domingos y feriados de 18 a 21 horas. Whatsapp: 2284 15 69-5796. Coordinaci\u00f3n de Turismo al correo turismo@olavarria.gov.ar<\/p>\n\n\n\n<p><\/p>\n","protected":false},"excerpt":{"rendered":"<p>La pr\u00f3xima jornada ser\u00e1 el jueves 29 de enero con punto de partida desde el Monumento a San Mart\u00edn (Brown<\/p>\n","protected":false},"author":6,"featured_media":109393,"comment_status":"closed","ping_status":"closed","sticky":false,"template":"","format":"standard","meta":{"_jetpack_memberships_contains_paid_content":false,"footnotes":""},"categories":[9,1],"tags":[],"class_list":["post-193648","post","type-post","status-publish","format-standard","has-post-thumbnail","hentry","category-cultura","category-portada"],"jetpack_featured_media_url":"https:\/\/i0.wp.com\/cdnoticias.com\/wp-content\/uploads\/2024\/02\/san-martin-monumento-jpg.png?fit=987%2C550&ssl=1","jetpack_sharing_enabled":true,"_links":{"self":[{"href":"https:\/\/cdnoticias.com\/index.php\/wp-json\/wp\/v2\/posts\/193648","targetHints":{"allow":["GET"]}}],"collection":[{"href":"https:\/\/cdnoticias.com\/index.php\/wp-json\/wp\/v2\/posts"}],"about":[{"href":"https:\/\/cdnoticias.com\/index.php\/wp-json\/wp\/v2\/types\/post"}],"author":[{"embeddable":true,"href":"https:\/\/cdnoticias.com\/index.php\/wp-json\/wp\/v2\/users\/6"}],"replies":[{"embeddable":true,"href":"https:\/\/cdnoticias.com\/index.php\/wp-json\/wp\/v2\/comments?post=193648"}],"version-history":[{"count":0,"href":"https:\/\/cdnoticias.com\/index.php\/wp-json\/wp\/v2\/posts\/193648\/revisions"}],"wp:featuredmedia":[{"embeddable":true,"href":"https:\/\/cdnoticias.com\/index.php\/wp-json\/wp\/v2\/media\/109393"}],"wp:attachment":[{"href":"https:\/\/cdnoticias.com\/index.php\/wp-json\/wp\/v2\/media?parent=193648"}],"wp:term":[{"taxonomy":"category","embeddable":true,"href":"https:\/\/cdnoticias.com\/index.php\/wp-json\/wp\/v2\/categories?post=193648"},{"taxonomy":"post_tag","embeddable":true,"href":"https:\/\/cdnoticias.com\/index.php\/wp-json\/wp\/v2\/tags?post=193648"}],"curies":[{"name":"wp","href":"https:\/\/api.w.org\/{rel}","templated":true}]}}