{"id":193635,"date":"2026-01-24T17:03:43","date_gmt":"2026-01-24T20:03:43","guid":{"rendered":"https:\/\/cdnoticias.com\/?p=193635"},"modified":"2026-01-25T10:30:27","modified_gmt":"2026-01-25T13:30:27","slug":"operativos-de-control-de-cargas-se-labraron-cinco-actas-de-infraccion","status":"publish","type":"post","link":"https:\/\/cdnoticias.com\/index.php\/2026\/01\/24\/operativos-de-control-de-cargas-se-labraron-cinco-actas-de-infraccion\/","title":{"rendered":"Operativos de Control de Cargas: se labraron cinco actas de infracci\u00f3n"},"content":{"rendered":"\n<p>Fue este viernes sobre el Camino Vecinal N\u00b0 078-17, a la altura del cruce con el kil\u00f3metro 13 del enlace N\u00e9stor Kirchner, y en la intersecci\u00f3n de los denominados Camino De los Volquetes y Camino Blanco.<\/p>\n\n\n\n<hr class=\"wp-block-separator aligncenter has-alpha-channel-opacity\"\/>\n\n\n\n<p>En la jornada de este viernes se realizaron<strong> operativos de control de cargas,<\/strong> llevados a cabo mediante la <strong>disposici\u00f3n de puestos fijos<\/strong> que fueron ubicados en puntos estrat\u00e9gicos del Partido.\u00a0<\/p>\n\n\n\n<p><\/p>\n\n\n\n<p>Las tareas se realizaron de manera conjunta entre las Secretar\u00edas de Protecci\u00f3n Ciudadana y Desarrollo Econ\u00f3mico y Productivo, junto a personal de Miner\u00eda del Gobierno de la Provincia de Buenos Aires.<\/p>\n\n\n\n<p><\/p>\n\n\n\n<p>De acuerdo con lo que se detall\u00f3, los dispositivos se realizaron en horas de la ma\u00f1ana<strong> sobre el Camino Vecinal N\u00b0 078-17, a la altura del cruce con el kil\u00f3metro 13 del enlace N\u00e9stor Kirchner, <\/strong>y en la intersecci\u00f3n de los denominados <strong>Camino De los Volquetes y Camino Blanco.<\/strong><\/p>\n\n\n\n<p><\/p>\n\n\n\n<blockquote class=\"wp-block-quote is-layout-flow wp-block-quote-is-layout-flow\">\n<p>En la ocasi\u00f3n se llev\u00f3 a cabo no s\u00f3lo el control de cargas, sino tambi\u00e9n el pesaje de unidades y el pedido de la documentaci\u00f3n obligatoria, tanto para la circulaci\u00f3n como para el tr\u00e1nsito de materiales.<\/p>\n<\/blockquote>\n\n\n\n<p><\/p>\n\n\n\n<p>En ese marco, <strong>se labraron 2 actas de infracci\u00f3n por circular con carga destapada, <\/strong>adem\u00e1s de<strong> otras 3 por hacerlo con faltante de licencia y\/o categor\u00eda para el veh\u00edculo en cuesti\u00f3n,<\/strong> adem\u00e1s de otras faltas a la Ley Nacional de Tr\u00e1nsito N\u00b0 24.449.\u00a0<\/p>\n\n\n\n<p><\/p>\n\n\n\n<blockquote class=\"wp-block-quote is-layout-flow wp-block-quote-is-layout-flow\">\n<p>Por \u00faltimo, se detall\u00f3 que tambi\u00e9n se iniciaron 3 actas por no poseer la Gu\u00eda Minera, documento que habilita precisamente el tr\u00e1nsito y traslado de materiales. Todo lo actuado fue puesto a disposici\u00f3n del Juzgado de Faltas Local.<\/p>\n<\/blockquote>\n\n\n\n<p><\/p>\n\n\n\n<p>Por \u00faltimo, se detall\u00f3 que estos operativos tienen por objetivo &#8220;<em>no s\u00f3lo controlar el cumplimiento de las normativas vigentes en materia vial y de transporte de minerales, sino tambi\u00e9n detectar evasiones impositivas, resguardar el estado de caminos e incrementar los esfuerzos preventivos de delitos o faltas en general&#8221;.<\/em><\/p>\n\n\n\n<p><\/p>\n","protected":false},"excerpt":{"rendered":"<p>Fue este viernes sobre el Camino Vecinal N\u00b0 078-17, a la altura del cruce con el kil\u00f3metro 13 del enlace<\/p>\n","protected":false},"author":6,"featured_media":193637,"comment_status":"closed","ping_status":"closed","sticky":false,"template":"","format":"standard","meta":{"_jetpack_memberships_contains_paid_content":false,"footnotes":""},"categories":[14,1],"tags":[],"class_list":["post-193635","post","type-post","status-publish","format-standard","has-post-thumbnail","hentry","category-policiales","category-portada"],"jetpack_featured_media_url":"https:\/\/i0.wp.com\/cdnoticias.com\/wp-content\/uploads\/2026\/01\/infracciones.jpg?fit=900%2C551&ssl=1","jetpack_sharing_enabled":true,"_links":{"self":[{"href":"https:\/\/cdnoticias.com\/index.php\/wp-json\/wp\/v2\/posts\/193635","targetHints":{"allow":["GET"]}}],"collection":[{"href":"https:\/\/cdnoticias.com\/index.php\/wp-json\/wp\/v2\/posts"}],"about":[{"href":"https:\/\/cdnoticias.com\/index.php\/wp-json\/wp\/v2\/types\/post"}],"author":[{"embeddable":true,"href":"https:\/\/cdnoticias.com\/index.php\/wp-json\/wp\/v2\/users\/6"}],"replies":[{"embeddable":true,"href":"https:\/\/cdnoticias.com\/index.php\/wp-json\/wp\/v2\/comments?post=193635"}],"version-history":[{"count":0,"href":"https:\/\/cdnoticias.com\/index.php\/wp-json\/wp\/v2\/posts\/193635\/revisions"}],"wp:featuredmedia":[{"embeddable":true,"href":"https:\/\/cdnoticias.com\/index.php\/wp-json\/wp\/v2\/media\/193637"}],"wp:attachment":[{"href":"https:\/\/cdnoticias.com\/index.php\/wp-json\/wp\/v2\/media?parent=193635"}],"wp:term":[{"taxonomy":"category","embeddable":true,"href":"https:\/\/cdnoticias.com\/index.php\/wp-json\/wp\/v2\/categories?post=193635"},{"taxonomy":"post_tag","embeddable":true,"href":"https:\/\/cdnoticias.com\/index.php\/wp-json\/wp\/v2\/tags?post=193635"}],"curies":[{"name":"wp","href":"https:\/\/api.w.org\/{rel}","templated":true}]}}