{"id":193626,"date":"2026-01-24T14:17:56","date_gmt":"2026-01-24T17:17:56","guid":{"rendered":"https:\/\/cdnoticias.com\/?p=193626"},"modified":"2026-01-24T17:03:57","modified_gmt":"2026-01-24T20:03:57","slug":"la-lista-amarilla-se-sumo-al-pedido-de-uso-responsable-y-solidario-de-recursos","status":"publish","type":"post","link":"https:\/\/cdnoticias.com\/index.php\/2026\/01\/24\/la-lista-amarilla-se-sumo-al-pedido-de-uso-responsable-y-solidario-de-recursos\/","title":{"rendered":"La Lista Amarilla se sum\u00f3 al pedido de \u201cuso responsable y solidario\u201d de recursos"},"content":{"rendered":"<p>En el contexto de la ola de calor, la agrupaci\u00f3n subray\u00f3 los pedidos expresados por Coopelectric para el uso de agua y energ\u00eda.<!--more--><\/p>\n<hr \/>\n\n\n<p>La <strong>Lista Amarilla <\/strong>se sum\u00f3 al pedido de<strong> \u201cuso responsable y solidario\u201d de recursos<\/strong> que present\u00f3 Coopelectric en el contexto de la <a href=\"https:\/\/cdnoticias.com\/index.php\/2026\/01\/24\/doble-alerta-para-olavarria-este-sabado-por-calor-y-por-tormenta\/\" target=\"_blank\" rel=\"noreferrer noopener\">ola de calor<\/a> que afecta a Olavarr\u00eda.<\/p>\n\n\n\n<p><\/p>\n\n\n\n<p>\u201cAnte la <strong>alerta amarilla por temperaturas extremas emitida para la ciudad de Olavarr\u00eda<\/strong>, desde la Lista Amarilla conducci\u00f3n de Coopelectric expresamos nuestro <strong>acompa\u00f1amiento al pedido realizado por la Cooperativa <\/strong>a la comunidad, convocando a un <strong>uso racional y solidario de los servicios de agua y energ\u00eda el\u00e9ctrica\u201d<\/strong> indic\u00f3 la agrupaci\u00f3n.<\/p>\n\n\n\n<p><\/p>\n\n\n\n<blockquote class=\"wp-block-quote is-layout-flow wp-block-quote-is-layout-flow\">\n<p>Se destac\u00f3 que \u201clas altas temperaturas generan una presi\u00f3n adicional sobre los sistemas de provisi\u00f3n de servicios esenciales. En ese contexto, resulta fundamental reforzar la conciencia colectiva y el compromiso ciudadano para evitar consumos desmedidos que puedan derivar en inconvenientes o interrupciones que afectan al conjunto de los usuarios\u201d.<\/p>\n<\/blockquote>\n\n\n\n<p><\/p>\n\n\n\n<figure class=\"wp-block-embed is-type-wp-embed is-provider-central-de-noticias-olavarr-a wp-block-embed-central-de-noticias-olavarr-a\"><div class=\"wp-block-embed__wrapper\">\n<blockquote class=\"wp-embedded-content\" data-secret=\"al8zUrDT2P\"><a href=\"https:\/\/cdnoticias.com\/index.php\/2026\/01\/23\/con-la-alerta-amarilla-coopelectric-reitero-el-pedido-de-uso-racional-de-los-recursos\/\">Con la alerta amarilla, Coopelectric reiter\u00f3 el pedido de \u201cuso racional\u201d de los recursos<\/a><\/blockquote><iframe loading=\"lazy\" class=\"wp-embedded-content\" sandbox=\"allow-scripts\" security=\"restricted\" style=\"position: absolute; visibility: hidden;\" title=\"&#8220;Con la alerta amarilla, Coopelectric reiter\u00f3 el pedido de \u201cuso racional\u201d de los recursos&#8221; &#8212; Central de Noticias | Olavarr\u00eda\" src=\"https:\/\/cdnoticias.com\/index.php\/2026\/01\/23\/con-la-alerta-amarilla-coopelectric-reitero-el-pedido-de-uso-racional-de-los-recursos\/embed\/#?secret=fEbsJkR6uo#?secret=al8zUrDT2P\" data-secret=\"al8zUrDT2P\" width=\"600\" height=\"338\" frameborder=\"0\" marginwidth=\"0\" marginheight=\"0\" scrolling=\"no\"><\/iframe>\n<\/div><\/figure>\n\n\n\n<p><\/p>\n\n\n\n<blockquote class=\"wp-block-quote is-layout-flow wp-block-quote-is-layout-flow\">\n<p>\u201cDesde la Lista Amarilla consideramos que el cuidado de los recursos comunes es una responsabilidad compartida entre la cooperativa y los vecinos, y que la adopci\u00f3n de h\u00e1bitos responsables \u2014<em>como la moderaci\u00f3n en el uso del aire acondicionado, la eficiencia energ\u00e9tica en los hogares y el uso responsable del agua potable<\/em>\u2014 contribuye a sostener la prestaci\u00f3n de los servicios en condiciones equitativas\u201d comunic\u00f3.<\/p>\n<\/blockquote>\n\n\n\n<p><\/p>\n\n\n\n<p>Se agreg\u00f3 que \u201casimismo, entendemos que estas situaciones ponen de manifiesto la<strong> importancia de fortalecer una mirada solidaria<\/strong>, priorizando el acceso de todos los vecinos a servicios esenciales, especialmente en per\u00edodos de alta demanda\u201d.<\/p>\n\n\n\n<p><\/p>\n\n\n\n<p>Finalmente, se plante\u00f3: \u201creafirmamos nuestro compromiso con una Coopelectric<strong> al servicio de la comunidad<\/strong>, basada en la <strong>responsabilidad social, la sustentabilidad y la participaci\u00f3n<\/strong>, convencidos de que el esfuerzo conjunto es el camino para enfrentar los desaf\u00edos que imponen las condiciones clim\u00e1ticas extremas\u201d.<\/p>\n\n\n\n<p><\/p>\n\n\n\n<figure class=\"wp-block-embed is-type-wp-embed is-provider-central-de-noticias-olavarr-a wp-block-embed-central-de-noticias-olavarr-a\"><div class=\"wp-block-embed__wrapper\">\n<blockquote class=\"wp-embedded-content\" data-secret=\"pDt40o5fgI\"><a href=\"https:\/\/cdnoticias.com\/index.php\/2026\/01\/24\/calor-y-salud-que-hacer-y-que-no-para-evitar-una-descompensacion\/\">Calor y salud: qu\u00e9 hacer y qu\u00e9 no para evitar una descompensaci\u00f3n<\/a><\/blockquote><iframe loading=\"lazy\" class=\"wp-embedded-content\" sandbox=\"allow-scripts\" security=\"restricted\" style=\"position: absolute; visibility: hidden;\" title=\"&#8220;Calor y salud: qu\u00e9 hacer y qu\u00e9 no para evitar una descompensaci\u00f3n&#8221; &#8212; Central de Noticias | Olavarr\u00eda\" src=\"https:\/\/cdnoticias.com\/index.php\/2026\/01\/24\/calor-y-salud-que-hacer-y-que-no-para-evitar-una-descompensacion\/embed\/#?secret=xw9AzMpEXM#?secret=pDt40o5fgI\" data-secret=\"pDt40o5fgI\" width=\"600\" height=\"338\" frameborder=\"0\" marginwidth=\"0\" marginheight=\"0\" scrolling=\"no\"><\/iframe>\n<\/div><\/figure>\n","protected":false},"excerpt":{"rendered":"<p>En el contexto de la ola de calor, la agrupaci\u00f3n subray\u00f3 los pedidos expresados por Coopelectric para el uso de<\/p>\n","protected":false},"author":4,"featured_media":121076,"comment_status":"closed","ping_status":"closed","sticky":false,"template":"","format":"standard","meta":{"_jetpack_memberships_contains_paid_content":false,"footnotes":""},"categories":[5,1],"tags":[],"class_list":["post-193626","post","type-post","status-publish","format-standard","has-post-thumbnail","hentry","category-informacion-general","category-portada"],"jetpack_featured_media_url":"https:\/\/i0.wp.com\/cdnoticias.com\/wp-content\/uploads\/2024\/07\/lista-amarilla-coopelectric-vanesa-andreis-07.jpg?fit=800%2C445&ssl=1","jetpack_sharing_enabled":true,"_links":{"self":[{"href":"https:\/\/cdnoticias.com\/index.php\/wp-json\/wp\/v2\/posts\/193626","targetHints":{"allow":["GET"]}}],"collection":[{"href":"https:\/\/cdnoticias.com\/index.php\/wp-json\/wp\/v2\/posts"}],"about":[{"href":"https:\/\/cdnoticias.com\/index.php\/wp-json\/wp\/v2\/types\/post"}],"author":[{"embeddable":true,"href":"https:\/\/cdnoticias.com\/index.php\/wp-json\/wp\/v2\/users\/4"}],"replies":[{"embeddable":true,"href":"https:\/\/cdnoticias.com\/index.php\/wp-json\/wp\/v2\/comments?post=193626"}],"version-history":[{"count":0,"href":"https:\/\/cdnoticias.com\/index.php\/wp-json\/wp\/v2\/posts\/193626\/revisions"}],"wp:featuredmedia":[{"embeddable":true,"href":"https:\/\/cdnoticias.com\/index.php\/wp-json\/wp\/v2\/media\/121076"}],"wp:attachment":[{"href":"https:\/\/cdnoticias.com\/index.php\/wp-json\/wp\/v2\/media?parent=193626"}],"wp:term":[{"taxonomy":"category","embeddable":true,"href":"https:\/\/cdnoticias.com\/index.php\/wp-json\/wp\/v2\/categories?post=193626"},{"taxonomy":"post_tag","embeddable":true,"href":"https:\/\/cdnoticias.com\/index.php\/wp-json\/wp\/v2\/tags?post=193626"}],"curies":[{"name":"wp","href":"https:\/\/api.w.org\/{rel}","templated":true}]}}