{"id":193623,"date":"2026-01-24T20:06:17","date_gmt":"2026-01-24T23:06:17","guid":{"rendered":"https:\/\/cdnoticias.com\/?p=193623"},"modified":"2026-01-24T20:06:19","modified_gmt":"2026-01-24T23:06:19","slug":"azul-tendra-su-propia-planta-dosificadora-de-hormigon","status":"publish","type":"post","link":"https:\/\/cdnoticias.com\/index.php\/2026\/01\/24\/azul-tendra-su-propia-planta-dosificadora-de-hormigon\/","title":{"rendered":"Azul tendr\u00e1 su propia planta dosificadora de hormig\u00f3n"},"content":{"rendered":"<p>Se inici\u00f3 la obra para la implantaci\u00f3n con la que contar\u00e1 el municipio que tendr\u00e1 una capacidad de producci\u00f3n de 30m3 de concreto por hora. Se financi\u00f3 con el aporte del Tesoro Provincial de 130 millones de pesos.<!--more--><\/p>\n<hr \/>\n<p>\u00a0<\/p>\n\n\n<p>Este jueves en el Obrador Municipal, comenzaron los trabajos para la<strong> implantaci\u00f3n de la planta dosificadora de hormig\u00f3n <\/strong>con la que contar\u00e1 el <strong>Municipio de Azul<\/strong>.<\/p>\n\n\n\n<p><\/p>\n\n\n\n<p>Al respecto, la firma Juan Casta\u00f1ares -empresa adjudicataria de la obra- est\u00e1 ejecutando las<strong> bases de concreto<\/strong> sobre las que se colocar\u00e1 la mencionada planta m\u00f3vil, la cual tendr\u00e1 una <strong>capacidad de producci\u00f3n de 30m3 de concreto por hora.<\/strong><\/p>\n\n\n\n<p><\/p>\n\n\n\n<p>Asimismo, se dispondr\u00e1 el <strong>silo de acopio de cemento<\/strong> que podr\u00e1 albergar hasta<strong> 52m3 de material.<\/strong><\/p>\n\n\n\n<p><\/p>\n\n\n\n<p>Se trata de la <strong>etapa previa de las tareas que comenzar\u00e1n con la llegada de la planta y la cabina de comando<\/strong> de la misma; acciones que tienen un plazo de ejecuci\u00f3n de 30 d\u00edas.<\/p>\n\n\n\n<p><\/p>\n\n\n\n<blockquote class=\"wp-block-quote is-layout-flow wp-block-quote-is-layout-flow\">\n<p>La obra se financi\u00f3 con el aporte del Tesoro Provincial de 130 millones de pesos no reembolsables. Se destac\u00f3 que los fondos fueron recibidos \u201ctras las gestiones realizadas por el intendente Nelson Sombra ante el gobernador Axel Kicillof\u201d.<\/p>\n<\/blockquote>\n\n\n\n<p><\/p>\n\n\n\n<h2 class=\"wp-block-heading\">Caracter\u00edsticas t\u00e9cnicas<\/h2>\n\n\n\n<p><\/p>\n\n\n\n<p>La planta dosificadora de concreto por peso estar\u00e1 compuesta por <em>una tolva de acopio de \u00e1ridos de acero estructural, recubrimiento anticorrosivo y placas antidesgaste, b\u00e1scula dosificadora de \u00e1ridos con sistema de pesaje electr\u00f3nico, b\u00e1scula dosificadora de cemento, cinta transportadora, sistema de dosificaci\u00f3n de agua, circuito neum\u00e1tico completo, dosificador de aditivos, tablero de potencia, software y sistema de comando.<\/em><\/p>\n\n\n\n<p><\/p>\n\n\n\n<p>En tanto, el silo de acopio de cemento ser\u00e1 de<em> acero, con escalera y barandas en el techo, cono inferior con aireadores neum\u00e1ticos comandados desde la planta, sistemas de carga y descarga y sistemas de nivel para monitoreo<\/em>.<\/p>\n\n\n\n<p><\/p>\n\n\n\n<p>Fuente y foto: <em>diario El Tiempo<\/em><\/p>\n","protected":false},"excerpt":{"rendered":"<p>Se inici\u00f3 la obra para la implantaci\u00f3n con la que contar\u00e1 el municipio que tendr\u00e1 una capacidad de producci\u00f3n de<\/p>\n","protected":false},"author":4,"featured_media":193624,"comment_status":"closed","ping_status":"closed","sticky":false,"template":"","format":"standard","meta":{"_jetpack_memberships_contains_paid_content":false,"footnotes":""},"categories":[5,1],"tags":[],"class_list":["post-193623","post","type-post","status-publish","format-standard","has-post-thumbnail","hentry","category-informacion-general","category-portada"],"jetpack_featured_media_url":"https:\/\/i0.wp.com\/cdnoticias.com\/wp-content\/uploads\/2026\/01\/diario-el-tiempo-planta-de-hormigon-azul.jpg?fit=955%2C537&ssl=1","jetpack_sharing_enabled":true,"_links":{"self":[{"href":"https:\/\/cdnoticias.com\/index.php\/wp-json\/wp\/v2\/posts\/193623","targetHints":{"allow":["GET"]}}],"collection":[{"href":"https:\/\/cdnoticias.com\/index.php\/wp-json\/wp\/v2\/posts"}],"about":[{"href":"https:\/\/cdnoticias.com\/index.php\/wp-json\/wp\/v2\/types\/post"}],"author":[{"embeddable":true,"href":"https:\/\/cdnoticias.com\/index.php\/wp-json\/wp\/v2\/users\/4"}],"replies":[{"embeddable":true,"href":"https:\/\/cdnoticias.com\/index.php\/wp-json\/wp\/v2\/comments?post=193623"}],"version-history":[{"count":0,"href":"https:\/\/cdnoticias.com\/index.php\/wp-json\/wp\/v2\/posts\/193623\/revisions"}],"wp:featuredmedia":[{"embeddable":true,"href":"https:\/\/cdnoticias.com\/index.php\/wp-json\/wp\/v2\/media\/193624"}],"wp:attachment":[{"href":"https:\/\/cdnoticias.com\/index.php\/wp-json\/wp\/v2\/media?parent=193623"}],"wp:term":[{"taxonomy":"category","embeddable":true,"href":"https:\/\/cdnoticias.com\/index.php\/wp-json\/wp\/v2\/categories?post=193623"},{"taxonomy":"post_tag","embeddable":true,"href":"https:\/\/cdnoticias.com\/index.php\/wp-json\/wp\/v2\/tags?post=193623"}],"curies":[{"name":"wp","href":"https:\/\/api.w.org\/{rel}","templated":true}]}}