{"id":193609,"date":"2026-01-25T13:31:39","date_gmt":"2026-01-25T16:31:39","guid":{"rendered":"https:\/\/cdnoticias.com\/?p=193609"},"modified":"2026-01-25T20:56:26","modified_gmt":"2026-01-25T23:56:26","slug":"olavarria-en-verano-baile-y-musica-para-este-domingo","status":"publish","type":"post","link":"https:\/\/cdnoticias.com\/index.php\/2026\/01\/25\/olavarria-en-verano-baile-y-musica-para-este-domingo\/","title":{"rendered":"\u201cOlavarr\u00eda en Verano\u201d: baile y m\u00fasica para este domingo"},"content":{"rendered":"<p>Bailes en la Plaza en Sierras Bayas, talleres en el Museo D\u00e1maso Arce y en el Museo de las Ciencias y propuestas con bandas musicales.<!--more--><\/p>\n<hr \/>\n<p>\u00a0<\/p>\n\n\n<p>El Municipio de Olavarr\u00eda impulsa el <strong>programa \u201cOlavarr\u00eda en Verano\u201d <\/strong>con propuestas culturales, art\u00edsticas, recreativas y deportivas, organizadas por distintas \u00e1reas que se desarrollan de <strong>manera totalmente gratuita.<\/strong><\/p>\n\n\n\n<p><\/p>\n\n\n\n<p>El cronograma completo se encuentra disponible en www.olavarria.gov.ar y <a href=\"https:\/\/www.olavarria.gov.ar\/agenda-de-verano\/\" target=\"_blank\" rel=\"noreferrer noopener\">se puede acceder a trav\u00e9s del siguiente link<\/a>.<br><\/p>\n\n\n\n<p>Las propuestas para<strong> este domingo:<\/strong><\/p>\n\n\n\n<p><\/p>\n\n\n\n<h2 class=\"wp-block-heading\">18:00 horas. Bailes en la Plaza en el Paseo de Artesanos de Sierras Bayas<\/h2>\n\n\n\n<p><\/p>\n\n\n\n<p>Desde la Delegaci\u00f3n Municipal de Sierras Bayas se invit\u00f3 a toda la comunidad a participar de la nueva jornada del ciclo \u201cBailes en la Plaza\u201d. La propuesta comenzar\u00e1 a las 18 horas con la presentaci\u00f3n de la <strong>banda \u201cSangre Cumbiera\u201d en el Paseo de Artesanos (Rivadavia entre Julio A. Roca y Colombo)<\/strong>.<\/p>\n\n\n\n<p><\/p>\n\n\n\n<p>El evento contar\u00e1 con <strong>servicio de cantina <\/strong>y es organizado conjuntamente por la Delegaci\u00f3n Municipal de Sierras Bayas y las distintas instituciones del pueblo.<\/p>\n\n\n\n<p><\/p>\n\n\n\n<h2 class=\"wp-block-heading\">19:30 horas. Sala fl\u00faor. Taller Algas en Movimiento en el Museo D\u00e1maso Arce<\/h2>\n\n\n\n<p><\/p>\n\n\n\n<p>La<strong> sala fl\u00faor<\/strong> nos invita a descubrir el arte desde una <strong>manera sensorial, despertando la creatividad y curiosidad<\/strong> de las y los visitantes. En el taller del domingo<strong> se intervendr\u00e1n algas con diferentes texturas<\/strong> para dar movimiento.<\/p>\n\n\n\n<p><\/p>\n\n\n\n<p>No requiere inscripci\u00f3n. <strong>Para todas las edades<\/strong>. Cupos limitados: se permitir\u00e1 ingresar en grupos de 10.<\/p>\n\n\n\n<p><\/p>\n\n\n\n<h2 class=\"wp-block-heading\">20 horas. Ciencia entre tod@s en el Museo de las Ciencias<\/h2>\n\n\n\n<p><\/p>\n\n\n\n<p>1) <strong>Observaci\u00f3n astron\u00f3mica<\/strong> (en caso de que el tiempo lo permita, en reemplazo ser\u00eda charla sobre astronom\u00eda) 2) <strong>Biodetectives<\/strong> (b\u00fasqueda de seres vivos en las inmediaciones del museo) 3) <strong>Paleont\u00f3log@ por un d\u00eda<\/strong> (b\u00fasqueda de r\u00e9plicas de piezas f\u00f3siles en areneros)<\/p>\n\n\n\n<p><\/p>\n\n\n\n<p>Por orden de llegada. Cupo limitado.<\/p>\n\n\n\n<p><\/p>\n\n\n\n<h2 class=\"wp-block-heading\">20 horas. \u201cM\u00fasica en el MDA\u201d en el Museo D\u00e1maso Arce<\/h2>\n\n\n\n<p><\/p>\n\n\n\n<p>En el marco del ciclo se presentar\u00e1n distintos <strong>ensambles pertenecientes a la Escuela Municipal de M\u00fasica: Va de Nuevo, Ensamble de Rock y Five O\u00b4Clock.<\/strong><\/p>\n\n\n\n<p><\/p>\n\n\n\n<p>No requiere inscripci\u00f3n. Para todo p\u00fablico.<\/p>\n\n\n\n<p><\/p>\n\n\n\n<h2 class=\"wp-block-heading\">20:30 horas. M\u00fasica bajo las estrellas en el patio del Centro Cultural \u201cSan Jos\u00e9\u201d<\/h2>\n\n\n\n<p><\/p>\n\n\n\n<p>En el marco del ciclo de \u201cM\u00fasica bajo las estrellas\u201d se presentar\u00e1n <strong>Emilia Larregina, Rom\u00e1n Cea y Nawel.<\/strong><\/p>\n\n\n\n<p><\/p>\n","protected":false},"excerpt":{"rendered":"<p>Bailes en la Plaza en Sierras Bayas, talleres en el Museo D\u00e1maso Arce y en el Museo de las Ciencias<\/p>\n","protected":false},"author":4,"featured_media":12040,"comment_status":"closed","ping_status":"closed","sticky":false,"template":"","format":"standard","meta":{"_jetpack_memberships_contains_paid_content":false,"footnotes":""},"categories":[9],"tags":[],"class_list":["post-193609","post","type-post","status-publish","format-standard","has-post-thumbnail","hentry","category-cultura"],"jetpack_featured_media_url":"https:\/\/i0.wp.com\/cdnoticias.com\/wp-content\/uploads\/2021\/01\/Museo-Damaso-Arce-1024x678-1024x678.jpg?fit=1024%2C678&ssl=1","jetpack_sharing_enabled":true,"_links":{"self":[{"href":"https:\/\/cdnoticias.com\/index.php\/wp-json\/wp\/v2\/posts\/193609","targetHints":{"allow":["GET"]}}],"collection":[{"href":"https:\/\/cdnoticias.com\/index.php\/wp-json\/wp\/v2\/posts"}],"about":[{"href":"https:\/\/cdnoticias.com\/index.php\/wp-json\/wp\/v2\/types\/post"}],"author":[{"embeddable":true,"href":"https:\/\/cdnoticias.com\/index.php\/wp-json\/wp\/v2\/users\/4"}],"replies":[{"embeddable":true,"href":"https:\/\/cdnoticias.com\/index.php\/wp-json\/wp\/v2\/comments?post=193609"}],"version-history":[{"count":0,"href":"https:\/\/cdnoticias.com\/index.php\/wp-json\/wp\/v2\/posts\/193609\/revisions"}],"wp:featuredmedia":[{"embeddable":true,"href":"https:\/\/cdnoticias.com\/index.php\/wp-json\/wp\/v2\/media\/12040"}],"wp:attachment":[{"href":"https:\/\/cdnoticias.com\/index.php\/wp-json\/wp\/v2\/media?parent=193609"}],"wp:term":[{"taxonomy":"category","embeddable":true,"href":"https:\/\/cdnoticias.com\/index.php\/wp-json\/wp\/v2\/categories?post=193609"},{"taxonomy":"post_tag","embeddable":true,"href":"https:\/\/cdnoticias.com\/index.php\/wp-json\/wp\/v2\/tags?post=193609"}],"curies":[{"name":"wp","href":"https:\/\/api.w.org\/{rel}","templated":true}]}}