{"id":193607,"date":"2026-01-24T10:02:41","date_gmt":"2026-01-24T13:02:41","guid":{"rendered":"https:\/\/cdnoticias.com\/?p=193607"},"modified":"2026-01-24T14:18:26","modified_gmt":"2026-01-24T17:18:26","slug":"olavarria-en-verano-museos-y-musica-a-cielo-abierto-para-disfrutar-este-sabado","status":"publish","type":"post","link":"https:\/\/cdnoticias.com\/index.php\/2026\/01\/24\/olavarria-en-verano-museos-y-musica-a-cielo-abierto-para-disfrutar-este-sabado\/","title":{"rendered":"\u201cOlavarr\u00eda en Verano\u201d: museos y m\u00fasica a cielo abierto para disfrutar este s\u00e1bado"},"content":{"rendered":"<p>Museos de Loma Negra, Colonia Hinojo y Olavarr\u00eda ofrecen variadas propuestas con recorridos hist\u00f3ricos, art\u00edsticos y cient\u00edficos. Adem\u00e1s, el ciclo M\u00fasica en Bicentenario.<!--more--><\/p>\n<hr \/>\n\n\n<p>El Municipio de Olavarr\u00eda impulsa el<strong> programa \u201cOlavarr\u00eda en Verano\u201d <\/strong>con propuestas culturales, art\u00edsticas, recreativas y deportivas, organizadas por distintas \u00e1reas que se desarrollan de manera <strong>totalmente gratuita.<\/strong><\/p>\n\n\n\n<p><\/p>\n\n\n\n<p>El <strong>cronograma completo<\/strong> se encuentra disponible en www.olavarria.gov.ar y <a href=\"https:\/\/www.olavarria.gov.ar\/agenda-de-verano\/\">se puede acceder a trav\u00e9s del siguiente link<\/a>.<\/p>\n\n\n\n<p><\/p>\n\n\n\n<p>Las propuestas para<strong> este s\u00e1bado:<\/strong><\/p>\n\n\n\n<p><\/p>\n\n\n\n<h2 class=\"wp-block-heading\">18 horas. Tardecita de Museo en el Museo Hogar de Loma Negra<\/h2>\n\n\n\n<p><\/p>\n\n\n\n<p>Tardecitas de museo es un encuentro que se realiza en las localidades con la comunidad en la que se disfruta de <strong>artesanos locales, foodtruck, m\u00fasica en vivo baile, talleres de arte, visitas guiadas<\/strong>. Propuestas para toda la familia.<\/p>\n\n\n\n<p><\/p>\n\n\n\n<p>No requiere inscripci\u00f3n, para todo p\u00fablico.<\/p>\n\n\n\n<p><\/p>\n\n\n\n<h2 class=\"wp-block-heading\">18 horas. Tardecita de Museo en el Museo de los alemanes del Volga Ariel Chierico<\/h2>\n\n\n\n<p><\/p>\n\n\n\n<p>Tardecitas de museo es un encuentro que se realiza en las localidades con la comunidad en la que se disfruta de <strong>artesanos locales, foodtruck, m\u00fasica en vivo baile, talleres de arte, visitas guiadas<\/strong>. Propuestas para toda la familia.<\/p>\n\n\n\n<p><\/p>\n\n\n\n<p>No requiere inscripci\u00f3n, para todo p\u00fablico.<\/p>\n\n\n\n<p><\/p>\n\n\n\n<h2 class=\"wp-block-heading\">19:30 horas. Sala fl\u00faor: Taller Peces en el Museo D\u00e1maso Arce<\/h2>\n\n\n\n<p><\/p>\n\n\n\n<p>La sala fl\u00faor invita a<strong> descubrir el arte desde una manera sensorial<\/strong>, despertando la creatividad y curiosidad de las y los visitantes. En el taller del s\u00e1bado <strong>se intervendr\u00e1n peces colgantes<\/strong> con rodillos para generar texturas.<\/p>\n\n\n\n<p><\/p>\n\n\n\n<p>No requiere inscripci\u00f3n. Para todas las edades. Cupos limitados: se permitir\u00e1 ingresar en grupos de 10.<\/p>\n\n\n\n<p><\/p>\n\n\n\n<h2 class=\"wp-block-heading\">20 horas. Ciencia entre tod@s en el Museo de las Ciencias<\/h2>\n\n\n\n<p><\/p>\n\n\n\n<p>1) <strong>Observaci\u00f3n astron\u00f3mica <\/strong>(en caso de que el tiempo lo permita, en reemplazo ser\u00eda charla sobre astronom\u00eda) 2) <strong>Biodetectives<\/strong> (b\u00fasqueda de seres vivos en las inmediaciones del museo) 3) <strong>Paleont\u00f3log@ por un d\u00eda<\/strong> (b\u00fasqueda de r\u00e9plicas de piezas f\u00f3siles en areneros)<\/p>\n\n\n\n<p><\/p>\n\n\n\n<p>Por orden de llegada. Cupo limitado.<\/p>\n\n\n\n<p><\/p>\n\n\n\n<h2 class=\"wp-block-heading\">20 horas. M\u00fasica en Bicentenario en las escalinatas de la Casa del Bicentenario<\/h2>\n\n\n\n<p><\/p>\n\n\n\n<p>En el marco de ciclo de m\u00fasica en vivo se presentar\u00e1n las bandas<strong> La Sexta Napolitana, Otra Vuelta y Caos.<\/strong><\/p>\n\n\n\n<p><\/p>\n","protected":false},"excerpt":{"rendered":"<p>Museos de Loma Negra, Colonia Hinojo y Olavarr\u00eda ofrecen variadas propuestas con recorridos hist\u00f3ricos, art\u00edsticos y cient\u00edficos. Adem\u00e1s, el ciclo<\/p>\n","protected":false},"author":4,"featured_media":192827,"comment_status":"closed","ping_status":"closed","sticky":false,"template":"","format":"standard","meta":{"_jetpack_memberships_contains_paid_content":false,"footnotes":""},"categories":[9,1],"tags":[],"class_list":["post-193607","post","type-post","status-publish","format-standard","has-post-thumbnail","hentry","category-cultura","category-portada"],"jetpack_featured_media_url":"https:\/\/i0.wp.com\/cdnoticias.com\/wp-content\/uploads\/2026\/01\/colonia-hinojo-aniversario-15-museo-de-los-alemanes-del-volga.jpg?fit=1000%2C556&ssl=1","jetpack_sharing_enabled":true,"_links":{"self":[{"href":"https:\/\/cdnoticias.com\/index.php\/wp-json\/wp\/v2\/posts\/193607","targetHints":{"allow":["GET"]}}],"collection":[{"href":"https:\/\/cdnoticias.com\/index.php\/wp-json\/wp\/v2\/posts"}],"about":[{"href":"https:\/\/cdnoticias.com\/index.php\/wp-json\/wp\/v2\/types\/post"}],"author":[{"embeddable":true,"href":"https:\/\/cdnoticias.com\/index.php\/wp-json\/wp\/v2\/users\/4"}],"replies":[{"embeddable":true,"href":"https:\/\/cdnoticias.com\/index.php\/wp-json\/wp\/v2\/comments?post=193607"}],"version-history":[{"count":0,"href":"https:\/\/cdnoticias.com\/index.php\/wp-json\/wp\/v2\/posts\/193607\/revisions"}],"wp:featuredmedia":[{"embeddable":true,"href":"https:\/\/cdnoticias.com\/index.php\/wp-json\/wp\/v2\/media\/192827"}],"wp:attachment":[{"href":"https:\/\/cdnoticias.com\/index.php\/wp-json\/wp\/v2\/media?parent=193607"}],"wp:term":[{"taxonomy":"category","embeddable":true,"href":"https:\/\/cdnoticias.com\/index.php\/wp-json\/wp\/v2\/categories?post=193607"},{"taxonomy":"post_tag","embeddable":true,"href":"https:\/\/cdnoticias.com\/index.php\/wp-json\/wp\/v2\/tags?post=193607"}],"curies":[{"name":"wp","href":"https:\/\/api.w.org\/{rel}","templated":true}]}}