{"id":19360,"date":"2021-04-20T12:59:00","date_gmt":"2021-04-20T15:59:00","guid":{"rendered":"http:\/\/www.centraldenoticias.com.ar\/?p=19360"},"modified":"2021-04-20T12:59:00","modified_gmt":"2021-04-20T15:59:00","slug":"se-suspendio-el-recital-de-el-plan-de-la-mariposa","status":"publish","type":"post","link":"https:\/\/cdnoticias.com\/index.php\/2021\/04\/20\/se-suspendio-el-recital-de-el-plan-de-la-mariposa\/","title":{"rendered":"Se suspendi\u00f3 el recital de El Plan de la Mariposa"},"content":{"rendered":"<p>El recital iba a llevarse a cabo el pr\u00f3ximo 30 de abril en el Teatro Municipal. El mismo fue cancelado por la situaci\u00f3n sanitaria local.<\/p>\n<p><!--more--><\/p>\n<hr \/>\n<p>El show previsto de <strong>El\u00a0Plan de la Mariposa<\/strong> fue <strong>suspendido<\/strong> debido a la situaci\u00f3n sanitaria actual.<\/p>\n<p>&nbsp;<\/p>\n<p>El recital se iba a realizar el pr\u00f3ximo<strong> 30 de abril en el Teatro Municipal<\/strong>. La banda reconocida El Plan de la Mariposa visito Olavarr\u00eda al menos <strong>dos veces<\/strong> en a\u00f1os anteriores.<\/p>\n<p><img data-recalc-dims=\"1\" loading=\"lazy\" decoding=\"async\" class=\"aligncenter wp-image-19362 size-full\" src=\"https:\/\/i0.wp.com\/cdnoticias.com\/wp-content\/uploads\/2021\/04\/el-plan-la-mariposa.jpg?resize=800%2C439&#038;ssl=1\" alt=\"\" width=\"800\" height=\"439\" srcset=\"https:\/\/i0.wp.com\/cdnoticias.com\/wp-content\/uploads\/2021\/04\/el-plan-la-mariposa.jpg?w=887&amp;ssl=1 887w, https:\/\/i0.wp.com\/cdnoticias.com\/wp-content\/uploads\/2021\/04\/el-plan-la-mariposa.jpg?resize=300%2C165&amp;ssl=1 300w, https:\/\/i0.wp.com\/cdnoticias.com\/wp-content\/uploads\/2021\/04\/el-plan-la-mariposa.jpg?resize=768%2C422&amp;ssl=1 768w\" sizes=\"auto, (max-width: 800px) 100vw, 800px\" \/><\/p>\n<p>&nbsp;<\/p>\n<p>Desde el Teatro Municipal se aclar\u00f3 que se realizar\u00e1 la <strong>devoluci\u00f3n de entradas<\/strong>\u00a0de <strong>martes a jueves de 8 a 12 horas<\/strong>.<\/p>\n<p>&nbsp;<\/p>\n","protected":false},"excerpt":{"rendered":"<p>El recital iba a llevarse a cabo el pr\u00f3ximo 30 de abril en el Teatro Municipal. El mismo fue cancelado<\/p>\n","protected":false},"author":6,"featured_media":19361,"comment_status":"closed","ping_status":"closed","sticky":false,"template":"","format":"standard","meta":{"_jetpack_memberships_contains_paid_content":false,"footnotes":""},"categories":[9,1],"tags":[],"class_list":["post-19360","post","type-post","status-publish","format-standard","has-post-thumbnail","hentry","category-cultura","category-portada"],"jetpack_featured_media_url":"https:\/\/i0.wp.com\/cdnoticias.com\/wp-content\/uploads\/2021\/04\/123135023_4039881652705585_6787254584010028906_o.jpg?fit=1893%2C1262&ssl=1","jetpack_sharing_enabled":true,"_links":{"self":[{"href":"https:\/\/cdnoticias.com\/index.php\/wp-json\/wp\/v2\/posts\/19360","targetHints":{"allow":["GET"]}}],"collection":[{"href":"https:\/\/cdnoticias.com\/index.php\/wp-json\/wp\/v2\/posts"}],"about":[{"href":"https:\/\/cdnoticias.com\/index.php\/wp-json\/wp\/v2\/types\/post"}],"author":[{"embeddable":true,"href":"https:\/\/cdnoticias.com\/index.php\/wp-json\/wp\/v2\/users\/6"}],"replies":[{"embeddable":true,"href":"https:\/\/cdnoticias.com\/index.php\/wp-json\/wp\/v2\/comments?post=19360"}],"version-history":[{"count":0,"href":"https:\/\/cdnoticias.com\/index.php\/wp-json\/wp\/v2\/posts\/19360\/revisions"}],"wp:featuredmedia":[{"embeddable":true,"href":"https:\/\/cdnoticias.com\/index.php\/wp-json\/wp\/v2\/media\/19361"}],"wp:attachment":[{"href":"https:\/\/cdnoticias.com\/index.php\/wp-json\/wp\/v2\/media?parent=19360"}],"wp:term":[{"taxonomy":"category","embeddable":true,"href":"https:\/\/cdnoticias.com\/index.php\/wp-json\/wp\/v2\/categories?post=19360"},{"taxonomy":"post_tag","embeddable":true,"href":"https:\/\/cdnoticias.com\/index.php\/wp-json\/wp\/v2\/tags?post=19360"}],"curies":[{"name":"wp","href":"https:\/\/api.w.org\/{rel}","templated":true}]}}