{"id":193598,"date":"2026-01-23T19:44:03","date_gmt":"2026-01-23T22:44:03","guid":{"rendered":"https:\/\/cdnoticias.com\/?p=193598"},"modified":"2026-01-24T11:45:24","modified_gmt":"2026-01-24T14:45:24","slug":"hallazgo-de-nadia-montanez-la-fiscal-descarto-indicios-de-una-muerte-violenta","status":"publish","type":"post","link":"https:\/\/cdnoticias.com\/index.php\/2026\/01\/23\/hallazgo-de-nadia-montanez-la-fiscal-descarto-indicios-de-una-muerte-violenta\/","title":{"rendered":"Hallazgo de Nadia Monta\u00f1ez: la fiscal descart\u00f3 indicios de una muerte violenta"},"content":{"rendered":"\n<p>La titular de la UFI N\u00b015, Julia Mar\u00eda Sebasti\u00e1n, brind\u00f3 precisiones sobre la investigaci\u00f3n tras el hallazgo del cuerpo de la mujer desaparecida desde el 1\u00b0 de enero y confirm\u00f3 que, en principio, est\u00e1 descartada la hip\u00f3tesis de homicidio. Se habr\u00eda quitado la vida.<\/p>\n\n\n\n<hr class=\"wp-block-separator aligncenter has-alpha-channel-opacity\"\/>\n\n\n\n<p>La fiscal <strong>Julia Mar\u00eda Sebasti\u00e1n<\/strong>, titular de la Unidad Funcional de Instrucci\u00f3n N\u00b0 15, recibi\u00f3 este viernes a periodistas de Diario La Ma\u00f1ana de Bol\u00edvar en su despacho para ampliar informaci\u00f3n vinculada con el<strong> hallazgo del cuerpo sin vida de Nadia Monta\u00f1ez, ocurrido el mi\u00e9rcoles pasado, luego de su desaparici\u00f3n registrada el primer d\u00eda del a\u00f1o.<\/strong><\/p>\n\n\n\n<p><\/p>\n\n\n\n<p>Tal como se inform\u00f3,<strong> el cuerpo de la mujer de 39 a\u00f1os fue localizado en un zanj\u00f3n que corre paralelo a la Ruta Nacional 226, a unos 300 metros del ingreso a la rotonda con la avenida Calfucur\u00e1. El hallazgo se produjo durante un segundo rastrillaje en el sector, que ya hab\u00eda sido inspeccionado con anterioridad, en el marco de un procedimiento dispuesto por la propia fiscal.<\/strong><\/p>\n\n\n\n<p><\/p>\n\n\n\n<p>Sebasti\u00e1n explic\u00f3 que el \u00faltimo dato certero con el que contaba la investigaci\u00f3n era la visualizaci\u00f3n de Monta\u00f1ez en inmediaciones de la rotonda el mismo 1 de enero, a trav\u00e9s de c\u00e1maras de seguridad.<em> \u201cLa \u00faltima c\u00e1mara que toma su imagen lo hace en inmediaciones de la estaci\u00f3n de servicio Shell, el mismo 1 de enero a las 7.30 de la ma\u00f1ana, aproximadamente\u201d<\/em>, precis\u00f3.<\/p>\n\n\n\n<p><\/p>\n\n\n\n<p><strong>Con posterioridad a esa fecha surgieron distintos testimonios que indicaban supuestos avistamientos de la mujer en la ciudad de Olavarr\u00eda.<\/strong> Sin embargo, la fiscal se\u00f1al\u00f3 que todos esos datos fueron corroborados y finalmente descartados. En ese marco se realizaron rastrillajes en distintos barrios olavarrienses y tambi\u00e9n en la localidad de Sierra Chica, sin resultados positivos.<em> \u201cPudo haber sucedido que esos testimonios los diera gente que no la hab\u00eda visto recientemente a Nadia Monta\u00f1ez o que directamente no la conocieran\u201d,<\/em> indic\u00f3, aclarando que igualmente fue necesario agotar cada pista investigativa.<\/p>\n\n\n\n<p><\/p>\n\n\n\n<p>El mi\u00e9rcoles 21, en horas de la ma\u00f1ana, se llev\u00f3 a cabo una reuni\u00f3n en la Fiscal\u00eda, en la que se resolvi\u00f3 ordenar un nuevo rastrillaje en la zona donde finalmente se produjo el hallazgo. La decisi\u00f3n se bas\u00f3 en que ese era el \u00fanico lugar donde exist\u00eda certeza absoluta de haber sido vista por \u00faltima vez. <em><strong>\u201cEse d\u00eda tuvimos reuniones con el hijo de Monta\u00f1ez, con su ex pareja, y cuando todos se retiraron qued\u00f3 el grupo de polic\u00edas a cargo del subinspector Orellano, con quienes volvimos a repasar las certezas que ten\u00edamos\u201d<\/strong><\/em>, explic\u00f3.<\/p>\n\n\n\n<p><\/p>\n\n\n\n<blockquote class=\"wp-block-quote is-layout-flow wp-block-quote-is-layout-flow\">\n<p>La fiscal aclar\u00f3 que el lugar ya hab\u00eda sido rastrillado previamente, aunque en aquella oportunidad las condiciones dificultaron la b\u00fasqueda. \u201cEl sitio estaba con pastizales muy altos y con mucha agua acumulada\u201d, se\u00f1al\u00f3.<\/p>\n<\/blockquote>\n\n\n\n<p><\/p>\n\n\n\n<p>En relaci\u00f3n al desenlace,<strong> Sebasti\u00e1n sostuvo que \u201clamentablemente no fue el querido\u201d, aunque indic\u00f3 que el resultado es coherente con la conducta previa de la mujer, ya que, seg\u00fan datos incorporados a la causa, Monta\u00f1ez habr\u00eda manifestado intenciones de quitarse la vida antes de ausentarse de su domicilio.<\/strong><\/p>\n\n\n\n<p><\/p>\n\n\n\n<p>Sobre las hip\u00f3tesis vinculadas a la causa de la muerte, la fiscal inform\u00f3 que, de acuerdo a los resultados de la autopsia realizada por el doctor Ezequiel Terrera y a la tomograf\u00eda efectuada, <strong>no se registraron lesiones traum\u00e1ticas en el cuerpo. Adem\u00e1s, los indicios relevados en el lugar permiten establecer que la muerte habr\u00eda ocurrido all\u00ed mismo, sin se\u00f1ales de traslado del cad\u00e1ver<\/strong>. Entre otros elementos, mencion\u00f3 la presencia de l\u00edquidos propios del estado de descomposici\u00f3n sin signos de arrastre. Tambi\u00e9n indic\u00f3 que, por el avanzado deterioro del cuerpo, fue necesario solicitar la intervenci\u00f3n de Bomberos Voluntarios y utilizar tablas met\u00e1licas para evitar su desintegraci\u00f3n durante el retiro.<\/p>\n\n\n\n<p><\/p>\n\n\n\n<p>Respecto a la data de la muerte, precis\u00f3 que, debido al estado de descomposici\u00f3n, solo pudo establecerse de manera aproximada, estim\u00e1ndose entre 15 y 20 d\u00edas, lo que coincide con la fecha de la desaparici\u00f3n.<\/p>\n\n\n\n<p><\/p>\n\n\n\n<p>Sebasti\u00e1n confirm\u00f3 adem\u00e1s que<strong> junto al cuerpo se hallaron m\u00e1s de seis bl\u00edsteres vac\u00edos de medicaci\u00f3n, lo que coincide con el testimonio de la ex pareja de Monta\u00f1ez, quien hab\u00eda indicado que la mujer se llev\u00f3 esa medicaci\u00f3n al momento de ausentarse de su hogar<\/strong>. Las muestras recolectadas fueron remitidas a Azul y posteriormente a la Asesor\u00eda Pericial de La Plata para la realizaci\u00f3n de estudios histopatol\u00f3gicos y toxicol\u00f3gicos, cuyos resultados a\u00fan se aguardan.<\/p>\n\n\n\n<p><\/p>\n\n\n\n<p>Finalmente, la fiscal indic\u00f3 que la causa contin\u00faa caratulada como averiguaci\u00f3n de causales de muerte. <em><strong>\u201cNo hay ning\u00fan indicio que diga que se trat\u00f3 de una muerte violenta\u201d,<\/strong><\/em> afirm\u00f3, y agreg\u00f3 que incluso se hall\u00f3 dinero entre las pertenencias de la mujer y que su ropa no presentaba desgarros.<strong> En ese marco, se\u00f1al\u00f3 que, en principio, la hip\u00f3tesis de homicidio se encuentra descartada.<\/strong><\/p>\n\n\n\n<p><\/p>\n","protected":false},"excerpt":{"rendered":"<p>La titular de la UFI N\u00b015, Julia Mar\u00eda Sebasti\u00e1n, brind\u00f3 precisiones sobre la investigaci\u00f3n tras el hallazgo del cuerpo de<\/p>\n","protected":false},"author":2,"featured_media":193599,"comment_status":"closed","ping_status":"closed","sticky":false,"template":"","format":"standard","meta":{"_jetpack_memberships_contains_paid_content":false,"footnotes":""},"categories":[14,1],"tags":[],"class_list":["post-193598","post","type-post","status-publish","format-standard","has-post-thumbnail","hentry","category-policiales","category-portada"],"jetpack_featured_media_url":"https:\/\/i0.wp.com\/cdnoticias.com\/wp-content\/uploads\/2026\/01\/fiscal-bolivar-sebastian.jpg?fit=994%2C555&ssl=1","jetpack_sharing_enabled":true,"_links":{"self":[{"href":"https:\/\/cdnoticias.com\/index.php\/wp-json\/wp\/v2\/posts\/193598","targetHints":{"allow":["GET"]}}],"collection":[{"href":"https:\/\/cdnoticias.com\/index.php\/wp-json\/wp\/v2\/posts"}],"about":[{"href":"https:\/\/cdnoticias.com\/index.php\/wp-json\/wp\/v2\/types\/post"}],"author":[{"embeddable":true,"href":"https:\/\/cdnoticias.com\/index.php\/wp-json\/wp\/v2\/users\/2"}],"replies":[{"embeddable":true,"href":"https:\/\/cdnoticias.com\/index.php\/wp-json\/wp\/v2\/comments?post=193598"}],"version-history":[{"count":0,"href":"https:\/\/cdnoticias.com\/index.php\/wp-json\/wp\/v2\/posts\/193598\/revisions"}],"wp:featuredmedia":[{"embeddable":true,"href":"https:\/\/cdnoticias.com\/index.php\/wp-json\/wp\/v2\/media\/193599"}],"wp:attachment":[{"href":"https:\/\/cdnoticias.com\/index.php\/wp-json\/wp\/v2\/media?parent=193598"}],"wp:term":[{"taxonomy":"category","embeddable":true,"href":"https:\/\/cdnoticias.com\/index.php\/wp-json\/wp\/v2\/categories?post=193598"},{"taxonomy":"post_tag","embeddable":true,"href":"https:\/\/cdnoticias.com\/index.php\/wp-json\/wp\/v2\/tags?post=193598"}],"curies":[{"name":"wp","href":"https:\/\/api.w.org\/{rel}","templated":true}]}}