{"id":193591,"date":"2026-01-23T18:52:54","date_gmt":"2026-01-23T21:52:54","guid":{"rendered":"https:\/\/cdnoticias.com\/?p=193591"},"modified":"2026-01-23T18:52:56","modified_gmt":"2026-01-23T21:52:56","slug":"participacion-isabel-neris-lopez-viuda-de-telechea-isa-q-e-p-d","status":"publish","type":"post","link":"https:\/\/cdnoticias.com\/index.php\/2026\/01\/23\/participacion-isabel-neris-lopez-viuda-de-telechea-isa-q-e-p-d\/","title":{"rendered":"PARTICIPACI\u00d3N &#8211; Isabel Neris Lopez viuda de Telechea \u201cIsa\u201d (Q.E.P.D.)"},"content":{"rendered":"\n<hr class=\"wp-block-separator aligncenter has-alpha-channel-opacity\"\/>\n\n\n\n<p>Ten\u00eda 85 a\u00f1os. La Facultad de Ciencias de la Salud de la UNICEN lamenta profundamente el fallecimiento de Isabel L\u00f3pez y acompa\u00f1a en este doloroso momento a la trabajadora nodocente Patricia Telechea y a su familia, expresando sus m\u00e1s sinceras condolencias.<\/p>\n","protected":false},"excerpt":{"rendered":"<p>Ten\u00eda 85 a\u00f1os. La Facultad de Ciencias de la Salud de la UNICEN lamenta profundamente el fallecimiento de Isabel L\u00f3pez<\/p>\n","protected":false},"author":2,"featured_media":100390,"comment_status":"closed","ping_status":"closed","sticky":false,"template":"","format":"standard","meta":{"_jetpack_memberships_contains_paid_content":false,"footnotes":""},"categories":[10],"tags":[],"class_list":["post-193591","post","type-post","status-publish","format-standard","has-post-thumbnail","hentry","category-necrologicas"],"jetpack_featured_media_url":"https:\/\/i0.wp.com\/cdnoticias.com\/wp-content\/uploads\/2023\/10\/necrologicas-390-x-240.jpg?fit=390%2C240&ssl=1","jetpack_sharing_enabled":true,"_links":{"self":[{"href":"https:\/\/cdnoticias.com\/index.php\/wp-json\/wp\/v2\/posts\/193591","targetHints":{"allow":["GET"]}}],"collection":[{"href":"https:\/\/cdnoticias.com\/index.php\/wp-json\/wp\/v2\/posts"}],"about":[{"href":"https:\/\/cdnoticias.com\/index.php\/wp-json\/wp\/v2\/types\/post"}],"author":[{"embeddable":true,"href":"https:\/\/cdnoticias.com\/index.php\/wp-json\/wp\/v2\/users\/2"}],"replies":[{"embeddable":true,"href":"https:\/\/cdnoticias.com\/index.php\/wp-json\/wp\/v2\/comments?post=193591"}],"version-history":[{"count":0,"href":"https:\/\/cdnoticias.com\/index.php\/wp-json\/wp\/v2\/posts\/193591\/revisions"}],"wp:featuredmedia":[{"embeddable":true,"href":"https:\/\/cdnoticias.com\/index.php\/wp-json\/wp\/v2\/media\/100390"}],"wp:attachment":[{"href":"https:\/\/cdnoticias.com\/index.php\/wp-json\/wp\/v2\/media?parent=193591"}],"wp:term":[{"taxonomy":"category","embeddable":true,"href":"https:\/\/cdnoticias.com\/index.php\/wp-json\/wp\/v2\/categories?post=193591"},{"taxonomy":"post_tag","embeddable":true,"href":"https:\/\/cdnoticias.com\/index.php\/wp-json\/wp\/v2\/tags?post=193591"}],"curies":[{"name":"wp","href":"https:\/\/api.w.org\/{rel}","templated":true}]}}