{"id":193581,"date":"2026-01-25T11:30:04","date_gmt":"2026-01-25T14:30:04","guid":{"rendered":"https:\/\/cdnoticias.com\/?p=193581"},"modified":"2026-01-25T20:56:29","modified_gmt":"2026-01-25T23:56:29","slug":"olavarria-en-verano-agenda-cultural-del-lunes-26-de-enero-al-domingo-1o-de-febrero","status":"publish","type":"post","link":"https:\/\/cdnoticias.com\/index.php\/2026\/01\/25\/olavarria-en-verano-agenda-cultural-del-lunes-26-de-enero-al-domingo-1o-de-febrero\/","title":{"rendered":"\u201cOlavarr\u00eda en Verano\u201d: agenda cultural del lunes 26 de enero al domingo 1\u00ba de febrero"},"content":{"rendered":"\n<p>Habr\u00e1 m\u00e1s de una treintena de opciones para elegir, para todos los gustos y edades. Cronograma completo.&nbsp;<\/p>\n\n\n\n<hr class=\"wp-block-separator aligncenter has-alpha-channel-opacity\"\/>\n\n\n\n<p>El Municipio de Olavarr\u00eda invita a disfrutar de las diferentes actividades del Programa Municipal<strong> \u201cOlavarr\u00eda en Verano\u201d,<\/strong> que tiene innumerables<strong> propuestas culturales, art\u00edsticas, recreativas y deportivas,<\/strong> organizadas por distintas \u00e1reas municipales, que se desarrollan durante todo el receso estival <strong>de manera totalmente gratuita.<\/strong><\/p>\n\n\n\n<p><\/p>\n\n\n\n<p>A continuaci\u00f3n se detallan las actividades que se desarrollar\u00e1n<strong> desde el lunes 26 de enero hasta el domingo 1\u00ba de febrero,<\/strong> con m\u00e1s de una treintena de opciones para elegir, para todos los gustos y edades. <\/p>\n\n\n\n<p><\/p>\n\n\n\n<p><strong>Lunes 26 de enero<\/strong><\/p>\n\n\n\n<ul class=\"wp-block-list\">\n<li>9 horas. Taller de Plater\u00eda. Museo Hogar Loma Negra<\/li>\n<\/ul>\n\n\n\n<p>En el taller se profundizar\u00e1 la t\u00e9cnica de cincelado en \u201calto relieve\u201d en la construcci\u00f3n de cuchillos. No requiere inscripci\u00f3n, a partir de 18 a\u00f1os en adelante.<\/p>\n\n\n\n<ul class=\"wp-block-list\">\n<li>18:00 horas. Taller de Dibujo complementario. Escuela de Orfebrer\u00eda (Bol\u00edvar 3332)<\/li>\n<\/ul>\n\n\n\n<p>Se desarrollar\u00e1n t\u00e9cnicas de dibujo aplicadas a la producci\u00f3n de diferentes piezas artesanales. A partir de 14 a\u00f1os en adelante. Inscripci\u00f3n mediante formulario. <a href=\"https:\/\/pem.olavarria.gov.ar\/sistema-formularios\/#\/form\/QRgl471azj\/wdbYLzdaG3\" target=\"_blank\" rel=\"noreferrer noopener\">Click aqu\u00ed<\/a><\/p>\n\n\n\n<p><strong>Martes 27 de enero<\/strong><\/p>\n\n\n\n<ul class=\"wp-block-list\">\n<li>9 horas. Taller de Plater\u00eda. Museo Hogar Loma Negra<\/li>\n<\/ul>\n\n\n\n<p>En el taller se profundizar\u00e1 la t\u00e9cnica de cincelado en \u201calto relieve\u201d en la construcci\u00f3n de cuchillos. No requiere inscripci\u00f3n, a partir de 18 a\u00f1os en adelante.<\/p>\n\n\n\n<ul class=\"wp-block-list\">\n<li>17 horas. \u201cMovimiento aut\u00e9ntico (respiraciones, flexibilidad, estiramientos, Yoga, Pilates, Euton\u00eda y T\u00e9cnica Alexander)\u201d. Plaza Principal de Espigas<\/li>\n<\/ul>\n\n\n\n<p>Propuesta a cargo de la profesora M\u00f3nica Rossi. No requiere inscripci\u00f3n, para adolescentes, j\u00f3venes y adultos. Llevar colchoneta.<\/p>\n\n\n\n<ul class=\"wp-block-list\">\n<li>19 horas. Clase de Kundalini Yoga<\/li>\n<\/ul>\n\n\n\n<p>Plaza Principal de Recalde. Propuesta a cargo de la profesora Monica Rossi. No requiere inscripci\u00f3n, para adolescentes, j\u00f3venes y adultos. Llevar colchoneta.<\/p>\n\n\n\n<p><strong>Martes 27 de enero<\/strong><\/p>\n\n\n\n<ul class=\"wp-block-list\">\n<li>19 horas. Clase abierta de Danzas Folkl\u00f3ricas. Sal\u00f3n Quincho de Recalde<\/li>\n<\/ul>\n\n\n\n<p>Propuesta a cargo del Prof. Esteban Salguero. No requiere inscripci\u00f3n, para todo p\u00fablico.<\/p>\n\n\n\n<p><strong>Mi\u00e9rcoles 28 de enero<\/strong><\/p>\n\n\n\n<ul class=\"wp-block-list\">\n<li>8 horas. Taller de Marroquiner\u00eda. Escuela de Orfebrer\u00eda (Bol\u00edvar 3332)<\/li>\n<\/ul>\n\n\n\n<p>Se desarrollar\u00e1n t\u00e9cnicas del oficio aplicadas a diferentes piezas artesanales. A partir de 14 a\u00f1os en adelante. Inscripci\u00f3n mediante formulario. <a href=\"https:\/\/pem.olavarria.gov.ar\/sistema-formularios\/#\/form\/QRgl471azj\/08wYgw9Y3x\" target=\"_blank\" rel=\"noreferrer noopener\">Click aqu\u00ed<\/a><\/p>\n\n\n\n<ul class=\"wp-block-list\">\n<li>9:30 a 11:30 horas. Taller de Poes\u00eda y Narrativa.<\/li>\n<\/ul>\n\n\n\n<p>Centro Cultural San Jos\u00e9. No requiere inscripci\u00f3n. Para adultos y j\u00f3venes.<\/p>\n\n\n\n<ul class=\"wp-block-list\">\n<li>10 horas. Arte en Vacaciones.<\/li>\n<\/ul>\n\n\n\n<p>Museo Municipal de Espigas, Museo de la Piedra Emma Occhi de Sierra Chica, Museo de Colonia San Miguel, Museo de Colonia Hinojo, Museo Hogar Loma Negra y Museo de la Estaci\u00f3n de Sierras Bayas.<\/p>\n\n\n\n<p>Actividad para crear pintar e imaginar, a trav\u00e9s de diferentes materiales se realizaran actividades art\u00edsticas para infancias. No requiere inscripci\u00f3n, para ni\u00f1eces de entre 5 y 10 a\u00f1os.<\/p>\n\n\n\n<ul class=\"wp-block-list\">\n<li>16 horas. Taller de Telar. Escuela de Orfebrer\u00eda (Bol\u00edvar 3332)<\/li>\n<\/ul>\n\n\n\n<p>Se desarrollar\u00e1n t\u00e9cnicas del oficio aplicadas a diferentes piezas artesanales. A partir de 14 a\u00f1os edad. Inscripci\u00f3n mediante formulario. <a href=\"https:\/\/pem.olavarria.gov.ar\/sistema-formularios\/#\/form\/QRgl471azj\/7R1YbDOa95\" target=\"_blank\" rel=\"noreferrer noopener\">Click aqu\u00ed<\/a><\/p>\n\n\n\n<ul class=\"wp-block-list\">\n<li>16 horas. Taller de Tallado en madera. Escuela de Orfebrer\u00eda (Bol\u00edvar 3332)<\/li>\n<\/ul>\n\n\n\n<p>Se desarrollar\u00e1n t\u00e9cnicas del oficio aplicadas a diferentes piezas artesanales. A partir de 14 a\u00f1os edad. Inscripci\u00f3n mediante formulario. <a href=\"https:\/\/pem.olavarria.gov.ar\/sistema-formularios\/#\/form\/QRgl471azj\/zdmYeDzlPB\" target=\"_blank\" rel=\"noreferrer noopener\">Click aqu\u00ed<\/a><\/p>\n\n\n\n<ul class=\"wp-block-list\">\n<li>18:30 horas. Clase abierta de Danzas Folkl\u00f3ricas. Centro Cultural Sierras Bayas<\/li>\n<\/ul>\n\n\n\n<p>Clases abiertas de danzas Folkl\u00f3ricas a cargo del Profesor Juan Jos\u00e9 Rivas. No requiere inscripci\u00f3n. Clase para principiantes adolescentes, j\u00f3venes y adultos.<\/p>\n\n\n\n<ul class=\"wp-block-list\">\n<li>18:30 horas. Clase abierta de salsa y bachata.<\/li>\n<\/ul>\n\n\n\n<p>Plaza Aguado- Monumento a San Mart\u00edn. Clase abierta de Salsa y Bachata a cargo del profesor Mauricio Vega.<\/p>\n\n\n\n<p>No requiere inscripci\u00f3n, para adolescentes, j\u00f3venes y adultos.<\/p>\n\n\n\n<ul class=\"wp-block-list\">\n<li>19 horas. \u201cRespiraciones (desde las neurociencias) Comunicaci\u00f3n Celestial\u201d. Museo de las Ciencias<\/li>\n<\/ul>\n\n\n\n<p>Propuesta a cargo de la profesora M\u00f3nica Rossi. No requiere inscripci\u00f3n, para adolescentes, j\u00f3venes y adultos. Llevar colchoneta.<\/p>\n\n\n\n<ul class=\"wp-block-list\">\n<li>19 horas. Taller de Danza y Arte. Museo D\u00e1maso Arce<\/li>\n<\/ul>\n\n\n\n<p>Propuesta a cargo de los profesores Delia Ortega y Lucas Serantes. No requiere inscripci\u00f3n, para ni\u00f1eces de entre 5 a 12 a\u00f1os.<\/p>\n\n\n\n<ul class=\"wp-block-list\">\n<li>19:30 horas<\/li>\n<\/ul>\n\n\n\n<p>Clase abierta de Danzas Folkl\u00f3ricas. Centro Cultural Sierras Bayas<\/p>\n\n\n\n<p>Clases abiertas de danzas Folkl\u00f3ricas a cargo del Profesor Juan Jos\u00e9 Rivas. No requiere inscripci\u00f3n. Clase para personas conocimientos previos en danzas folkl\u00f3ricas.<\/p>\n\n\n\n<ul class=\"wp-block-list\">\n<li>19:30 horas. Apertura de Sala fl\u00faor \u201cBajo el mar\u201d. Taller \u201cIluminamos el mar\u201d. Museo D\u00e1maso Arce<\/li>\n<\/ul>\n\n\n\n<p>La sala fl\u00faor nos invita a descubrir el arte desde una manera sensorial, despertando la creatividad y curiosidad de las y los visitantes. Este mi\u00e9rcoles 28 de enero se brindar\u00e1 el Taller \u201cIluminamos el mar\u201d, en dos turnos. De 19:30 a 20:00 horas y de 20:15 a 20:45 horas, con una propuesta de intervenci\u00f3n art\u00edstica con mucho color y diferentes texturas. No requiere inscripci\u00f3n. Por orden de llegada. Para todas las edades. Cupos limitados: se permitir\u00e1 ingresar en grupos de 10.<\/p>\n\n\n\n<p><strong>Jueves 29 de enero<\/strong><\/p>\n\n\n\n<ul class=\"wp-block-list\">\n<li>8 horas. Taller de Marroquiner\u00eda. Escuela de Orfebrer\u00eda (Bol\u00edvar 3332)<\/li>\n<\/ul>\n\n\n\n<p>Se desarrollar\u00e1n t\u00e9cnicas del oficio aplicadas a diferentes piezas artesanales. A partir de 14 a\u00f1os en adelante. Inscripci\u00f3n mediante formulario. <a href=\"https:\/\/pem.olavarria.gov.ar\/sistema-formularios\/#\/form\/QRgl471azj\/08wYgw9Y3x\" target=\"_blank\" rel=\"noreferrer noopener\">Click aqu\u00ed<\/a><\/p>\n\n\n\n<ul class=\"wp-block-list\">\n<li>16:00 horas. Taller de Dibujo complementario. Escuela de Orfebrer\u00eda (Bol\u00edvar 3332)<\/li>\n<\/ul>\n\n\n\n<p>Se desarrollar\u00e1n t\u00e9cnicas de dibujo aplicadas a la producci\u00f3n de diferentes piezas artesanales. A partir de 14 a\u00f1os en adelante. Inscripci\u00f3n mediante formulario. <a href=\"https:\/\/pem.olavarria.gov.ar\/sistema-formularios\/#\/form\/QRgl471azj\/wdbYLzdaG3\" target=\"_blank\" rel=\"noreferrer noopener\">Click aqu\u00ed<\/a>. <\/p>\n\n\n\n<ul class=\"wp-block-list\">\n<li>16 horas. Taller de Tallado en madera. Escuela de Orfebrer\u00eda (Bol\u00edvar 3332)<\/li>\n<\/ul>\n\n\n\n<p>Se desarrollar\u00e1n t\u00e9cnicas del oficio aplicadas a diferentes piezas artesanales. A partir de 14 a\u00f1os edad. Inscripci\u00f3n mediante formulario. <a href=\"https:\/\/pem.olavarria.gov.ar\/sistema-formularios\/#\/form\/QRgl471azj\/zdmYeDzlPB\" target=\"_blank\" rel=\"noreferrer noopener\">Click aqu\u00ed<\/a><\/p>\n\n\n\n<ul class=\"wp-block-list\">\n<li>18:00 horas. Taller \u201cEl Polo te visita\u201d. Club de Loma Negra<\/li>\n<\/ul>\n\n\n\n<p>Talleres referidos a las tem\u00e1ticas del Polo. Se incluyen actividades del Bioparque, del CIIT y del Museo de las Ciencias. No requiere inscripci\u00f3n, para todo p\u00fablico.<\/p>\n\n\n\n<ul class=\"wp-block-list\">\n<li>18:30 horas. Clase abierta de Danza Urbana. Casa del Bicentenario<\/li>\n<\/ul>\n\n\n\n<p>Clase a cargo de la profesora Zaira Casta\u00f1ares. No requiere inscripci\u00f3n. Para adolescentes y adultos.<\/p>\n\n\n\n<ul class=\"wp-block-list\">\n<li>18:30 horas. Taller de Danzas \u00c1rabes. Centro Cultural San Jos\u00e9<\/li>\n<\/ul>\n\n\n\n<p>Taller a cargo de las profesoras Sara Abdala y Yesica Castillo. No requiere inscripci\u00f3n. Para adolescentes, j\u00f3venes y adultos. No es necesario tener conocimientos previos en la danza.<\/p>\n\n\n\n<ul class=\"wp-block-list\">\n<li>18:30 horas. \u201cRespiraciones y estiramientos \u2013 Meditaci\u00f3n\u201d. Centro Cultural Sierras Bayas<\/li>\n<\/ul>\n\n\n\n<p>Propuesta a cargo de la profesora M\u00f3nica Rossi. No requiere inscripci\u00f3n, para adolescentes, j\u00f3venes y adultos. Llevar colchoneta.<\/p>\n\n\n\n<ul class=\"wp-block-list\">\n<li>19 horas. Paseo guiado&nbsp; \u201cMonumentos Parques y Puentes\u201d. Monumento a San Mart\u00edn (Brown y V\u00e9lez Sarsfield)<\/li>\n<\/ul>\n\n\n\n<p>Consiste en una caminata guiada gratuita dise\u00f1ada para que vecinos, vecinas y visitantes puedan profundizar en el conocimiento del patrimonio hist\u00f3rico, cultural y geogr\u00e1fico de nuestra ciudad. El recorrido de 2,5 km tendr\u00e1 una duraci\u00f3n aproximada de 2 horas, el nivel de dificultad es bajo teniendo en cuenta que es una salida familiar, donde se visitar\u00e1n distintos puntos de inter\u00e9s tur\u00edsticos.<\/p>\n\n\n\n<p>Cupo: 25 personas. Aquellas personas interesadas en participar, podr\u00e1n inscribirse de manera online, a trav\u00e9s del <a href=\"https:\/\/docs.google.com\/forms\/d\/e\/1FAIpQLSeiqhXLZ9Jxi4-Pq4cQoR0uM-KPsIjnEWjarElaW-8GGXAqUg\/viewform\" target=\"_blank\" rel=\"noreferrer noopener\">siguiente formulario<\/a>.<\/p>\n\n\n\n<ul class=\"wp-block-list\">\n<li>19 horas. \u201cAventuras en movimiento- Taller de juego y danza\u201d. Museo D\u00e1maso Arce<\/li>\n<\/ul>\n\n\n\n<p>Taller a cargo de la profesora Yanina Sanabria. No requiere inscripci\u00f3n. Para ni\u00f1eces, de 5 a 12 a\u00f1os.<\/p>\n\n\n\n<ul class=\"wp-block-list\">\n<li>19:30 horas. Verano de Pel\u00edcula<\/li>\n<\/ul>\n\n\n\n<p>Pel\u00edcula: The Italian Job (Peter Collinson, 1971). Museo Hermanos Emiliozzi. En conjunto con Sebasti\u00e1n Magallanes se realiza un ciclo de pel\u00edculas para los amantes de los fierros. No requiere inscripci\u00f3n. Para personas mayores de 13 a\u00f1os.<\/p>\n\n\n\n<ul class=\"wp-block-list\">\n<li>19:30 horas. Apertura Sala fl\u00faor \u201cBajo el mar\u201d. Museo D\u00e1maso Arce<\/li>\n<\/ul>\n\n\n\n<p>La sala fl\u00faor nos invita a descubrir el arte desde una manera sensorial, despertando la creatividad y curiosidad de las y los visitantes. No requiere inscripci\u00f3n. Por orden de llegada. Para todas las edades. Cupos limitados: se permitir\u00e1 ingresar en grupos de 10.<\/p>\n\n\n\n<ul class=\"wp-block-list\">\n<li>21:00 horas. Torneo de Ajedrez (suma de puntos libre). Club Social<\/li>\n<\/ul>\n\n\n\n<p>No requiere inscripci\u00f3n, para todo p\u00fablico (sin l\u00edmite de edad)<\/p>\n\n\n\n<p><strong>Viernes 30 de enero<\/strong><\/p>\n\n\n\n<ul class=\"wp-block-list\">\n<li>8 y 17 horas. Taller de Soguer\u00eda. Escuela de Orfebrer\u00eda (Bol\u00edvar 3332)<\/li>\n<\/ul>\n\n\n\n<p>Se desarrollar\u00e1n t\u00e9cnicas del oficio aplicadas a diferentes piezas artesanales. Inscripci\u00f3n mediante formulario, a partir de 14 a\u00f1os de edad.<\/p>\n\n\n\n<ul class=\"wp-block-list\">\n<li>16 horas. Taller de Telar. Escuela de Orfebrer\u00eda (Bol\u00edvar 3332)<\/li>\n<\/ul>\n\n\n\n<p>Se desarrollar\u00e1n t\u00e9cnicas del oficio aplicadas a diferentes piezas artesanales. A partir de 14 a\u00f1os edad. Inscripci\u00f3n mediante formulario. <a href=\"https:\/\/pem.olavarria.gov.ar\/sistema-formularios\/#\/form\/QRgl471azj\/7R1YbDOa95\" target=\"_blank\" rel=\"noreferrer noopener\">Click aqu\u00ed<\/a><\/p>\n\n\n\n<ul class=\"wp-block-list\">\n<li>18 horas. Taller al aire libre. Biblioteca y Plaza de Sierras Bayas<\/li>\n<\/ul>\n\n\n\n<p>No requiere inscripci\u00f3n, a partir de los 6 a\u00f1os de edad en adelante.<\/p>\n\n\n\n<ul class=\"wp-block-list\">\n<li>18 horas. Tardecitas de Museos. Museo de la Estaci\u00f3n de Sierras Bayas<\/li>\n<\/ul>\n\n\n\n<p>Tardecitas de museo es un encuentro que se realiza en las localidades con la comunidad en la que se disfruta de artesanos locales, foodtrucks, m\u00fasica en vivo baile, talleres de arte, visitas guiadas. Propuestas para toda la familia. No requiere inscripci\u00f3n. Para todo p\u00fablico.<\/p>\n\n\n\n<ul class=\"wp-block-list\">\n<li>18:30 horas. TAP: Clase abierta y presentaci\u00f3n. Centro Cultural Municipal San Jos\u00e9<\/li>\n<\/ul>\n\n\n\n<p>Clase abierta de TAP a cargo de la prof. Aldana Espelet. No es necesario tener conocimientos previos en la danza. No requiere inscripci\u00f3n, para personas adultas.<\/p>\n\n\n\n<ul class=\"wp-block-list\">\n<li>18:30 horas. Relajaci\u00f3n en movimiento. Centro Cultural Hinojo<\/li>\n<\/ul>\n\n\n\n<p>Propuesta a cargo de la profesora de Kundalini Yoga, M\u00f3nica Rossi. No requiere inscripci\u00f3n, para adolescentes, j\u00f3venes y adultos. Llevar colchoneta.<\/p>\n\n\n\n<ul class=\"wp-block-list\">\n<li>21:00 horas. Ciclo de Cine Argentino Bajo las Estrellas. Centro Cultural \u201cSan Jos\u00e9\u201d (patio)<\/li>\n<\/ul>\n\n\n\n<p>Pel\u00edcula: \u201cUn oso rojo\u201d (dir. Israel Adri\u00e1n Caetano, 2002). Proyecciones aptas para personas mayores de 16 a\u00f1os.&nbsp; Programado por Sebasti\u00e1n Magallanes, director del Festival Latinoamericano de Cine de Olavarr\u00eda (FeLCO). Se suspende por lluvia<\/p>\n\n\n\n<p><strong>S\u00e1bado 31 de enero<\/strong><\/p>\n\n\n\n<ul class=\"wp-block-list\">\n<li>18 horas. Aniversario MDA. Museo D\u00e1maso Arce<\/li>\n<\/ul>\n\n\n\n<p>Celebramos un nuevo aniversario con m\u00fasica en vivo, foodtrucks, artesanos locales. Presentaci\u00f3n de la Escuela Municipal de Orfebrer\u00eda, artistas locales y una nueva exposici\u00f3n en sala. Para todo p\u00fablico.<\/p>\n\n\n\n<ul class=\"wp-block-list\">\n<li>19:30 horas. Apertura Sala fl\u00faor \u201cBajo el mar\u201d. Museo D\u00e1maso Arce<\/li>\n<\/ul>\n\n\n\n<p>La sala fl\u00faor nos invita a descubrir el arte desde una manera sensorial, despertando la creatividad y curiosidad de las y los visitantes. No requiere inscripci\u00f3n. Por orden de llegada. Para todas las edades. Cupos limitados: se permitir\u00e1 ingresar en grupos de 10.<\/p>\n\n\n\n<ul class=\"wp-block-list\">\n<li>20 horas. Visita guiada \u201cBichos en la noche\u201d. Bioparque La M\u00e1xima<\/li>\n<\/ul>\n\n\n\n<p>Se trata de una visita guiada por el parque para descubrir la diversidad de insectos y peque\u00f1os invertebrados con actividad nocturna. La actividad busca promover la observaci\u00f3n directa mediante un laboratorio vivo e incentivar la ciencia ciudadana a trav\u00e9s del monitoreo participativo. No requiere inscripci\u00f3n, a partir de 6 a\u00f1os en adelante. P\u00fablico general.<\/p>\n\n\n\n<p><strong>Domingo 1\u00ba de febrero<\/strong><\/p>\n\n\n\n<ul class=\"wp-block-list\">\n<li>19:30 horas. Apertura Sala fl\u00faor \u201cBajo el mar\u201d. Museo D\u00e1maso Arce<\/li>\n<\/ul>\n\n\n\n<p>La sala fl\u00faor nos invita a descubrir el arte desde una manera sensorial, despertando la creatividad y curiosidad de las y los visitantes. De mi\u00e9rcoles a domingo. Se extender\u00e1 hasta el domingo 1\u00ba de febrero. No requiere inscripci\u00f3n. Por orden de llegada. Para todas las edades. Cupos limitados: se permitir\u00e1 ingresar en grupos de 10.<\/p>\n\n\n\n<ul class=\"wp-block-list\">\n<li>20 horas. Visita guiada \u201cSafari nocturno\u201d. Bioparque Municipal La M\u00e1xima<\/li>\n<\/ul>\n\n\n\n<p>Visitas guiadas nocturnas que incluyen aspectos sensoriales y que permite explorar el bioparque desde una perspectiva diferente, descubriendo aspectos del comportamiento animal que permanecen ocultos durante el d\u00eda. No requiere inscripci\u00f3n. P\u00fablico en general<\/p>\n\n\n\n<ul class=\"wp-block-list\">\n<li>20 horas. M\u00fasica en el Bicentenario. Casa del Bicentenario (escalinatas)<\/li>\n<\/ul>\n\n\n\n<p>Se presentar\u00e1n las bandas Jalea, Las Aves Gigantes, La Familia Berm\u00fadez.<\/p>\n","protected":false},"excerpt":{"rendered":"<p>Habr\u00e1 m\u00e1s de una treintena de opciones para elegir, para todos los gustos y edades. Cronograma completo.&nbsp; El Municipio de<\/p>\n","protected":false},"author":6,"featured_media":192696,"comment_status":"closed","ping_status":"closed","sticky":false,"template":"","format":"standard","meta":{"_jetpack_memberships_contains_paid_content":false,"footnotes":""},"categories":[9],"tags":[],"class_list":["post-193581","post","type-post","status-publish","format-standard","has-post-thumbnail","hentry","category-cultura"],"jetpack_featured_media_url":"https:\/\/i0.wp.com\/cdnoticias.com\/wp-content\/uploads\/2026\/01\/olavarriaenverano-mda.jpg?fit=900%2C596&ssl=1","jetpack_sharing_enabled":true,"_links":{"self":[{"href":"https:\/\/cdnoticias.com\/index.php\/wp-json\/wp\/v2\/posts\/193581","targetHints":{"allow":["GET"]}}],"collection":[{"href":"https:\/\/cdnoticias.com\/index.php\/wp-json\/wp\/v2\/posts"}],"about":[{"href":"https:\/\/cdnoticias.com\/index.php\/wp-json\/wp\/v2\/types\/post"}],"author":[{"embeddable":true,"href":"https:\/\/cdnoticias.com\/index.php\/wp-json\/wp\/v2\/users\/6"}],"replies":[{"embeddable":true,"href":"https:\/\/cdnoticias.com\/index.php\/wp-json\/wp\/v2\/comments?post=193581"}],"version-history":[{"count":0,"href":"https:\/\/cdnoticias.com\/index.php\/wp-json\/wp\/v2\/posts\/193581\/revisions"}],"wp:featuredmedia":[{"embeddable":true,"href":"https:\/\/cdnoticias.com\/index.php\/wp-json\/wp\/v2\/media\/192696"}],"wp:attachment":[{"href":"https:\/\/cdnoticias.com\/index.php\/wp-json\/wp\/v2\/media?parent=193581"}],"wp:term":[{"taxonomy":"category","embeddable":true,"href":"https:\/\/cdnoticias.com\/index.php\/wp-json\/wp\/v2\/categories?post=193581"},{"taxonomy":"post_tag","embeddable":true,"href":"https:\/\/cdnoticias.com\/index.php\/wp-json\/wp\/v2\/tags?post=193581"}],"curies":[{"name":"wp","href":"https:\/\/api.w.org\/{rel}","templated":true}]}}