{"id":19356,"date":"2021-04-20T12:04:46","date_gmt":"2021-04-20T15:04:46","guid":{"rendered":"http:\/\/www.centraldenoticias.com.ar\/?p=19356"},"modified":"2021-04-20T12:04:46","modified_gmt":"2021-04-20T15:04:46","slug":"distribuidoras-electricas-no-podran-cortar-el-servicio-a-grupos-vulnerables-por-falta-de-pago","status":"publish","type":"post","link":"https:\/\/cdnoticias.com\/index.php\/2021\/04\/20\/distribuidoras-electricas-no-podran-cortar-el-servicio-a-grupos-vulnerables-por-falta-de-pago\/","title":{"rendered":"Distribuidoras el\u00e9ctricas no podr\u00e1n cortar el servicio a grupos vulnerables por falta de pago"},"content":{"rendered":"<p>El Ministerio de Infraestructura y Servicios P\u00fablicos firm\u00f3 la resoluci\u00f3n que impide la interrupci\u00f3n del suministro.<\/p>\n<p><!--more--><\/p>\n<hr \/>\n<p>El Ministerio de Infraestructura y Servicios P\u00fablicos estableci\u00f3 que<strong> las distribuidoras del servicio el\u00e9ctrico<\/strong> bajo su jurisdicci\u00f3n <strong>no podr\u00e1n, en el contexto de la emergencia sanitaria<\/strong>, <strong>disponer de la suspensi\u00f3n o el corte del suministro de energ\u00eda el\u00e9ctrica en caso de mora o falta de pago<\/strong> de hasta tres facturas consecutivas con vencimientos desde el 1\u00b0 de marzo de 2020.<\/p>\n<p>&nbsp;<\/p>\n<p>Los usuarios alcanzados por la Resoluci\u00f3n fueron publicados en el Bolet\u00edn Oficial y son los siguientes: <strong>beneficiarios de la Asignaci\u00f3n Universal por Hijo<\/strong> (AUH) y<strong> la Asignaci\u00f3n por Embarazo<\/strong> y<strong> beneficiarios de Pensiones no Contributivas<\/strong> que perciban ingresos mensuales brutos <strong>no superiores a dos veces el Salario M\u00ednimo Vital y M\u00f3vil.<\/strong><\/p>\n<p>&nbsp;<\/p>\n<p>La medida tambi\u00e9n alcanza a usuarios inscriptos en el R\u00e9gimen de <strong>Monotributo Social, jubilados, pensionados y trabajadores en relaci\u00f3n de dependencia<\/strong> que perciban una <strong>remuneraci\u00f3n bruta menor o igual dos Salarios M\u00ednimos Vitales y M\u00f3viles.<\/strong><\/p>\n<p><img data-recalc-dims=\"1\" loading=\"lazy\" decoding=\"async\" class=\"aligncenter wp-image-19357 size-full\" src=\"https:\/\/i0.wp.com\/cdnoticias.com\/wp-content\/uploads\/2021\/04\/energia-696x464.jpg?resize=696%2C464&#038;ssl=1\" alt=\"\" width=\"696\" height=\"464\" srcset=\"https:\/\/i0.wp.com\/cdnoticias.com\/wp-content\/uploads\/2021\/04\/energia-696x464.jpg?resize=696%2C464&amp;ssl=1 696w, https:\/\/i0.wp.com\/cdnoticias.com\/wp-content\/uploads\/2021\/04\/energia-696x464.jpg?resize=300%2C200&amp;ssl=1 300w, https:\/\/i0.wp.com\/cdnoticias.com\/wp-content\/uploads\/2021\/04\/energia-696x464.jpg?resize=272%2C182&amp;ssl=1 272w\" sizes=\"auto, (max-width: 696px) 100vw, 696px\" \/><\/p>\n<p>&nbsp;<\/p>\n<p>As\u00ed como tambi\u00e9n<strong> trabajadores monotributistas<\/strong> inscriptos en una categor\u00eda cuyo ingreso anual mensualizado <strong>no supere en dos veces el Salario M\u00ednimo Vital y M\u00f3vil<\/strong> y usuarios que perciben<strong> seguro de desempleo<\/strong>; <strong>Electrodependientes,<\/strong> beneficiarios de la <strong>Ley N\u00b0 27.351<\/strong>; usuarios incorporados en el<strong> R\u00e9gimen Especial de Seguridad Social para Empleados de Casas Particulares (Ley N\u00b0 26.844)<\/strong> y <strong>exentos en el pago de ABL<\/strong> o tributos locales de igual naturaleza.<\/p>\n<p>&nbsp;<\/p>\n<p>Por otro lado, los <strong>usuarios alcanzados no residenciales<\/strong> son:<\/p>\n<p>&nbsp;<\/p>\n<p>&#8211;<strong>Las Micro, Peque\u00f1as y Medianas Empresas<\/strong> (MiPyMES), conforme lo dispuesto por la Ley N\u00b0 25.300 afectadas en la emergencia, seg\u00fan lo establezca la reglamentaci\u00f3n;<\/p>\n<p>&nbsp;<\/p>\n<p>&#8211;<strong>Las Cooperativas de Trabajo o Empresas Recuperadas<\/strong> inscriptas en el Instituto Nacional de Asociativismo Y Econom\u00eda Social (INAES) afectadas en la emergencia, seg\u00fan lo establezca la reglamentaci\u00f3n;<\/p>\n<p>&nbsp;<\/p>\n<p>&#8211;<strong>Las instituciones de salud, p\u00fablicas y privadas afectadas en la emergencia<\/strong>, seg\u00fan lo establezca la reglamentaci\u00f3n;<\/p>\n<p>&nbsp;<\/p>\n<p>&#8211;<strong>Las Entidades de Bien P\u00fablico<\/strong> que contribuyan a la <strong>elaboraci\u00f3n y distribuci\u00f3n de alimentos<\/strong> en el marco de la emergencia alimentaria.<\/p>\n<p>&nbsp;<\/p>\n<p>Por \u00faltimo, el Ministerio de Infraestructura y Servicios P\u00fablicos facult\u00f3 al Organismo de Control de Energ\u00eda El\u00e9ctrica de la Provincia de Buenos Aires (OCEBA) a determinar las pautas y condiciones para la implementaci\u00f3n de las medidas adoptadas.<\/p>\n<p>&nbsp;<\/p>\n<p>Fuente:\u00a0<em>Agencia DIB<\/em><\/p>\n<p>&nbsp;<\/p>\n<p>&nbsp;<\/p>\n","protected":false},"excerpt":{"rendered":"<p>El Ministerio de Infraestructura y Servicios P\u00fablicos firm\u00f3 la resoluci\u00f3n que impide la interrupci\u00f3n del suministro.<\/p>\n","protected":false},"author":6,"featured_media":19358,"comment_status":"closed","ping_status":"closed","sticky":false,"template":"","format":"standard","meta":{"_jetpack_memberships_contains_paid_content":false,"footnotes":""},"categories":[5,1],"tags":[],"class_list":["post-19356","post","type-post","status-publish","format-standard","has-post-thumbnail","hentry","category-informacion-general","category-portada"],"jetpack_featured_media_url":"https:\/\/i0.wp.com\/cdnoticias.com\/wp-content\/uploads\/2021\/04\/foto-energia.jpg?fit=1706%2C960&ssl=1","jetpack_sharing_enabled":true,"_links":{"self":[{"href":"https:\/\/cdnoticias.com\/index.php\/wp-json\/wp\/v2\/posts\/19356","targetHints":{"allow":["GET"]}}],"collection":[{"href":"https:\/\/cdnoticias.com\/index.php\/wp-json\/wp\/v2\/posts"}],"about":[{"href":"https:\/\/cdnoticias.com\/index.php\/wp-json\/wp\/v2\/types\/post"}],"author":[{"embeddable":true,"href":"https:\/\/cdnoticias.com\/index.php\/wp-json\/wp\/v2\/users\/6"}],"replies":[{"embeddable":true,"href":"https:\/\/cdnoticias.com\/index.php\/wp-json\/wp\/v2\/comments?post=19356"}],"version-history":[{"count":0,"href":"https:\/\/cdnoticias.com\/index.php\/wp-json\/wp\/v2\/posts\/19356\/revisions"}],"wp:featuredmedia":[{"embeddable":true,"href":"https:\/\/cdnoticias.com\/index.php\/wp-json\/wp\/v2\/media\/19358"}],"wp:attachment":[{"href":"https:\/\/cdnoticias.com\/index.php\/wp-json\/wp\/v2\/media?parent=19356"}],"wp:term":[{"taxonomy":"category","embeddable":true,"href":"https:\/\/cdnoticias.com\/index.php\/wp-json\/wp\/v2\/categories?post=19356"},{"taxonomy":"post_tag","embeddable":true,"href":"https:\/\/cdnoticias.com\/index.php\/wp-json\/wp\/v2\/tags?post=19356"}],"curies":[{"name":"wp","href":"https:\/\/api.w.org\/{rel}","templated":true}]}}