{"id":193548,"date":"2026-01-23T11:54:55","date_gmt":"2026-01-23T14:54:55","guid":{"rendered":"https:\/\/cdnoticias.com\/?p=193548"},"modified":"2026-01-23T12:16:08","modified_gmt":"2026-01-23T15:16:08","slug":"con-la-alerta-amarilla-coopelectric-reitero-el-pedido-de-uso-racional-de-los-recursos","status":"publish","type":"post","link":"https:\/\/cdnoticias.com\/index.php\/2026\/01\/23\/con-la-alerta-amarilla-coopelectric-reitero-el-pedido-de-uso-racional-de-los-recursos\/","title":{"rendered":"Con la alerta amarilla, Coopelectric reiter\u00f3 el pedido de \u201cuso racional\u201d de los recursos"},"content":{"rendered":"<p>Las recomendaciones para el uso del agua y la electricidad ante las altas \u201ctemperaturas extremas\u201d previstas.<!--more--><\/p>\n<hr \/>\n\n\n<p>El <a href=\"https:\/\/cdnoticias.com\/index.php\/2026\/01\/23\/ola-de-calor-olavarria-en-alerta-por-tercer-dia-consecutivo\/\" target=\"_blank\" rel=\"noreferrer noopener\">Servicio Meteorol\u00f3gico Nacional ubic\u00f3 a <strong>Olavarr\u00eda bajo alerta amarilla<\/strong><\/a><strong> por \u201ctemperaturas extremas\u201d <\/strong>y se prev\u00e9n para los pr\u00f3ximos siete d\u00edas marcas t\u00e9rmicas por encima de los 32\u00ba. En ese marco, <strong>Coopelectric reiter\u00f3 su pedido de \u201cuso racional\u201d de los recursos<\/strong>.<\/p>\n\n\n\n<p><\/p>\n\n\n\n<p>\u201cFrente a las altas temperaturas pronosticadas por el Servicio Meteorol\u00f3gico Nacional para los pr\u00f3ximos d\u00edas, desde Coopelectric <strong>reiteramos la necesidad de hacer un uso racional y solidario del agua y la energ\u00eda\u201d<\/strong> se indic\u00f3 desde la cooperativa.<\/p>\n\n\n\n<p><\/p>\n\n\n\n<figure class=\"wp-block-embed is-type-wp-embed is-provider-central-de-noticias-olavarr-a wp-block-embed-central-de-noticias-olavarr-a\"><div class=\"wp-block-embed__wrapper\">\n<blockquote class=\"wp-embedded-content\" data-secret=\"zlo2IER7Dn\"><a href=\"https:\/\/cdnoticias.com\/index.php\/2026\/01\/23\/crece-el-riesgo-de-incendios-en-la-provincia-de-buenos-aires\/\">Crece el riesgo de incendios en la provincia de Buenos Aires<\/a><\/blockquote><iframe loading=\"lazy\" class=\"wp-embedded-content\" sandbox=\"allow-scripts\" security=\"restricted\" style=\"position: absolute; visibility: hidden;\" title=\"&#8220;Crece el riesgo de incendios en la provincia de Buenos Aires&#8221; &#8212; Central de Noticias | Olavarr\u00eda\" src=\"https:\/\/cdnoticias.com\/index.php\/2026\/01\/23\/crece-el-riesgo-de-incendios-en-la-provincia-de-buenos-aires\/embed\/#?secret=C8t2Px3eLR#?secret=zlo2IER7Dn\" data-secret=\"zlo2IER7Dn\" width=\"600\" height=\"338\" frameborder=\"0\" marginwidth=\"0\" marginheight=\"0\" scrolling=\"no\"><\/iframe>\n<\/div><\/figure>\n\n\n\n<p><\/p>\n\n\n\n<p>La prestadora de los servicios expuso una serie de<strong> recomendaciones:<\/strong><\/p>\n\n\n\n<p><\/p>\n\n\n\n<ul class=\"wp-block-list\">\n<li>Graduar el aire acondicionado en 24\u00b0.<\/li>\n\n\n\n<li>Utilizar l\u00e1mparas led en la iluminaci\u00f3n de tu hogar.<\/li>\n\n\n\n<li>No dejar luces encendidas en espacios sin uso.<\/li>\n\n\n\n<li>Mantener los televisores apagados en aquellos ambientes en los cuales no se est\u00e1n utilizando.<\/li>\n\n\n\n<li>No llenar las piletas con agua de la red y mantenerla utilizando los productos adecuados.<\/li>\n\n\n\n<li>En las horas de mayor temperatura evitar el riego, el lavado de autos y veredas.<\/li>\n<\/ul>\n\n\n\n<p><\/p>\n\n\n\n<blockquote class=\"wp-block-quote is-layout-flow wp-block-quote-is-layout-flow\">\n<p>Se destac\u00f3 que \u201cel consumo desmedido puede derivar en inconvenientes o interrupciones de los servicios esenciales. Por ello, apelamos al compromiso colectivo, al consumo responsable y solidario de nuestros recursos\u201d.<\/p>\n<\/blockquote>\n\n\n\n<p><\/p>\n\n\n\n<figure class=\"wp-block-embed is-type-wp-embed is-provider-central-de-noticias-olavarr-a wp-block-embed-central-de-noticias-olavarr-a\"><div class=\"wp-block-embed__wrapper\">\n<blockquote class=\"wp-embedded-content\" data-secret=\"vbarsE6M2z\"><a href=\"https:\/\/cdnoticias.com\/index.php\/2026\/01\/23\/ola-de-calor-olavarria-en-alerta-por-tercer-dia-consecutivo\/\">Ola de calor: Olavarr\u00eda en alerta por tercer d\u00eda consecutivo<\/a><\/blockquote><iframe loading=\"lazy\" class=\"wp-embedded-content\" sandbox=\"allow-scripts\" security=\"restricted\" style=\"position: absolute; visibility: hidden;\" title=\"&#8220;Ola de calor: Olavarr\u00eda en alerta por tercer d\u00eda consecutivo&#8221; &#8212; Central de Noticias | Olavarr\u00eda\" src=\"https:\/\/cdnoticias.com\/index.php\/2026\/01\/23\/ola-de-calor-olavarria-en-alerta-por-tercer-dia-consecutivo\/embed\/#?secret=h28E6cjBje#?secret=vbarsE6M2z\" data-secret=\"vbarsE6M2z\" width=\"600\" height=\"338\" frameborder=\"0\" marginwidth=\"0\" marginheight=\"0\" scrolling=\"no\"><\/iframe>\n<\/div><\/figure>\n\n\n\n<p><\/p>\n\n\n\n<p>Por reclamos de <strong>Energ\u00eda El\u00e9ctrica y Obras Sanitarias<\/strong> los usuarios podr\u00e1n comunicarse durante las 24 horas v\u00eda <strong>WhastsApp al 2284-230707<\/strong>. Un asistente virtual los guiar\u00e1 para ingresar los datos a la plataforma de gesti\u00f3n de reclamos. En ambos casos tambi\u00e9n podr\u00e1n enviar un <strong>mensaje de texto al 15-680000<\/strong>.<\/p>\n\n\n\n<p><\/p>\n\n\n\n<p>Por reclamos de Energ\u00eda El\u00e9ctrica los usuarios tambi\u00e9n podr\u00e1n comunicarse telef\u00f3nicamente durante las 24 horas al 412305\/306 y por reclamos t\u00e9cnicos de Obras Sanitarias al 411222\/212.<\/p>\n","protected":false},"excerpt":{"rendered":"<p>Las recomendaciones para el uso del agua y la electricidad ante las altas \u201ctemperaturas extremas\u201d previstas.<\/p>\n","protected":false},"author":4,"featured_media":2673,"comment_status":"closed","ping_status":"closed","sticky":false,"template":"","format":"standard","meta":{"_jetpack_memberships_contains_paid_content":false,"footnotes":""},"categories":[5,1],"tags":[],"class_list":["post-193548","post","type-post","status-publish","format-standard","has-post-thumbnail","hentry","category-informacion-general","category-portada"],"jetpack_featured_media_url":"https:\/\/i0.wp.com\/cdnoticias.com\/wp-content\/uploads\/2020\/09\/bajapresiondeagua.jpg?fit=960%2C540&ssl=1","jetpack_sharing_enabled":true,"_links":{"self":[{"href":"https:\/\/cdnoticias.com\/index.php\/wp-json\/wp\/v2\/posts\/193548","targetHints":{"allow":["GET"]}}],"collection":[{"href":"https:\/\/cdnoticias.com\/index.php\/wp-json\/wp\/v2\/posts"}],"about":[{"href":"https:\/\/cdnoticias.com\/index.php\/wp-json\/wp\/v2\/types\/post"}],"author":[{"embeddable":true,"href":"https:\/\/cdnoticias.com\/index.php\/wp-json\/wp\/v2\/users\/4"}],"replies":[{"embeddable":true,"href":"https:\/\/cdnoticias.com\/index.php\/wp-json\/wp\/v2\/comments?post=193548"}],"version-history":[{"count":0,"href":"https:\/\/cdnoticias.com\/index.php\/wp-json\/wp\/v2\/posts\/193548\/revisions"}],"wp:featuredmedia":[{"embeddable":true,"href":"https:\/\/cdnoticias.com\/index.php\/wp-json\/wp\/v2\/media\/2673"}],"wp:attachment":[{"href":"https:\/\/cdnoticias.com\/index.php\/wp-json\/wp\/v2\/media?parent=193548"}],"wp:term":[{"taxonomy":"category","embeddable":true,"href":"https:\/\/cdnoticias.com\/index.php\/wp-json\/wp\/v2\/categories?post=193548"},{"taxonomy":"post_tag","embeddable":true,"href":"https:\/\/cdnoticias.com\/index.php\/wp-json\/wp\/v2\/tags?post=193548"}],"curies":[{"name":"wp","href":"https:\/\/api.w.org\/{rel}","templated":true}]}}