{"id":193535,"date":"2026-01-23T11:06:08","date_gmt":"2026-01-23T14:06:08","guid":{"rendered":"https:\/\/cdnoticias.com\/?p=193535"},"modified":"2026-01-23T16:30:34","modified_gmt":"2026-01-23T19:30:34","slug":"crece-el-riesgo-de-incendios-en-la-provincia-de-buenos-aires","status":"publish","type":"post","link":"https:\/\/cdnoticias.com\/index.php\/2026\/01\/23\/crece-el-riesgo-de-incendios-en-la-provincia-de-buenos-aires\/","title":{"rendered":"Crece el riesgo de incendios en la provincia de Buenos Aires"},"content":{"rendered":"<p>Mientras las temperaturas seguir\u00e1n en ascenso durante el fin de semana, Olavarr\u00eda est\u00e1 entre las zonas con \u201criesgo extremo de incendios\u201d. El reporte del Servicio Nacional de Manejo del Fuego y el SMN.<!--more--><\/p>\n<hr \/>\n\n\n<p>Mientras este viernes<a href=\"https:\/\/cdnoticias.com\/index.php\/2026\/01\/23\/ola-de-calor-olavarria-en-alerta-por-tercer-dia-consecutivo\/\" target=\"_blank\" rel=\"noreferrer noopener\"> medio pa\u00eds tiene alerta amarilla por temperaturas extremas<\/a>, la <strong>provincia de Buenos Aires<\/strong> entrar\u00e1 en un<strong> fin de semana de calor extremo<\/strong> que, en algunos casos, se extender\u00e1 hasta durante toda la semana que viene.<\/p>\n\n\n\n<p><\/p>\n\n\n\n<p>En este contexto de calor extremo, <strong>los riesgos sobre posibles incendios en campos bonaerenses suben<\/strong>. De hecho de acuerdo al <strong>reporte del Servicio Nacional de Manejo del Fuego (SNMF) y el SMN hay \u201criesgo extremo de incendios\u201d <\/strong>en varias provincias argentinas y puntualmente en <strong>casi todos los municipios bonaerenses.<\/strong><\/p>\n\n\n\n<p><\/p>\n\n\n\n<figure class=\"wp-block-image size-full\"><img data-recalc-dims=\"1\" loading=\"lazy\" decoding=\"async\" width=\"450\" height=\"578\" src=\"https:\/\/i0.wp.com\/cdnoticias.com\/wp-content\/uploads\/2026\/01\/mapa-de-riesgo-de-incendios-01.jpg?resize=450%2C578&#038;ssl=1\" alt=\"\" class=\"wp-image-193536\" srcset=\"https:\/\/i0.wp.com\/cdnoticias.com\/wp-content\/uploads\/2026\/01\/mapa-de-riesgo-de-incendios-01.jpg?w=450&amp;ssl=1 450w, https:\/\/i0.wp.com\/cdnoticias.com\/wp-content\/uploads\/2026\/01\/mapa-de-riesgo-de-incendios-01.jpg?resize=234%2C300&amp;ssl=1 234w\" sizes=\"auto, (max-width: 450px) 100vw, 450px\" \/><\/figure>\n\n\n\n<p><\/p>\n\n\n\n<blockquote class=\"wp-block-quote is-layout-flow wp-block-quote-is-layout-flow\">\n<p>Solamente en una parte del sur bonaerense est\u00e1 bajo la categor\u00eda \u201criesgo muy alto\u201d, pero el resto tiene alerta m\u00e1xima para las pr\u00f3ximas 48 horas, entre ellos Olavarr\u00eda. En este sentido, las autoridades vienen advirtiendo que la situaci\u00f3n deber\u00eda considerarse \u201cpotencialmente explosiva o extremadamente cr\u00edtica\u201d.<\/p>\n<\/blockquote>\n\n\n\n<p><\/p>\n\n\n\n<p>Cabe destacar que las <strong>condiciones para el riesgo extremo<\/strong> se dan ante<strong> m\u00e1s de 30 grados <\/strong>de temperatura, <strong>menos del 30% de humedad<\/strong> y <strong>vientos superiores a los 30 km\/h<\/strong>. Bajo estas condiciones, la zona afectada se convierte en un polvor\u00edn donde <strong>rastrojos de cosecha y pasturas bajas<\/strong> pueden arder a gran velocidad.<\/p>\n\n\n\n<p><\/p>\n\n\n\n<p>Cuando el <strong>riesgo es se\u00f1alado como \u201cmuy alto\u201d<\/strong>, se estima que <strong>\u201clas condiciones de quema son cr\u00edticas<\/strong>, pueden ocurrir coronamientos y fuegos de copa intermitentes en bosques\u201d, mientras que el <strong>peligro \u201cextremo\u201d <\/strong>implica que <strong>\u201cla situaci\u00f3n deber\u00eda considerarse potencialmente \u00b4explosiva\u00b4 o extremadamente cr\u00edtica\u201d<\/strong>.<\/p>\n\n\n\n<p><\/p>\n\n\n\n<p>Fuente: <em>Agencia DIB<\/em><\/p>\n\n\n\n<figure class=\"wp-block-embed is-type-wp-embed is-provider-central-de-noticias-olavarr-a wp-block-embed-central-de-noticias-olavarr-a\"><div class=\"wp-block-embed__wrapper\">\n<blockquote class=\"wp-embedded-content\" data-secret=\"RPA9vLNhGD\"><a href=\"https:\/\/cdnoticias.com\/index.php\/2026\/01\/23\/ola-de-calor-olavarria-en-alerta-por-tercer-dia-consecutivo\/\">Ola de calor: Olavarr\u00eda en alerta por tercer d\u00eda consecutivo<\/a><\/blockquote><iframe loading=\"lazy\" class=\"wp-embedded-content\" sandbox=\"allow-scripts\" security=\"restricted\" style=\"position: absolute; visibility: hidden;\" title=\"&#8220;Ola de calor: Olavarr\u00eda en alerta por tercer d\u00eda consecutivo&#8221; &#8212; Central de Noticias | Olavarr\u00eda\" src=\"https:\/\/cdnoticias.com\/index.php\/2026\/01\/23\/ola-de-calor-olavarria-en-alerta-por-tercer-dia-consecutivo\/embed\/#?secret=llQN6uZjmz#?secret=RPA9vLNhGD\" data-secret=\"RPA9vLNhGD\" width=\"600\" height=\"338\" frameborder=\"0\" marginwidth=\"0\" marginheight=\"0\" scrolling=\"no\"><\/iframe>\n<\/div><\/figure>\n","protected":false},"excerpt":{"rendered":"<p>Mientras las temperaturas seguir\u00e1n en ascenso durante el fin de semana, Olavarr\u00eda est\u00e1 entre las zonas con \u201criesgo extremo de<\/p>\n","protected":false},"author":4,"featured_media":193537,"comment_status":"closed","ping_status":"closed","sticky":false,"template":"","format":"standard","meta":{"_jetpack_memberships_contains_paid_content":false,"footnotes":""},"categories":[5,1],"tags":[],"class_list":["post-193535","post","type-post","status-publish","format-standard","has-post-thumbnail","hentry","category-informacion-general","category-portada"],"jetpack_featured_media_url":"https:\/\/i0.wp.com\/cdnoticias.com\/wp-content\/uploads\/2026\/01\/mapa-de-riesgo-de-incendios-00.jpg?fit=1000%2C557&ssl=1","jetpack_sharing_enabled":true,"_links":{"self":[{"href":"https:\/\/cdnoticias.com\/index.php\/wp-json\/wp\/v2\/posts\/193535","targetHints":{"allow":["GET"]}}],"collection":[{"href":"https:\/\/cdnoticias.com\/index.php\/wp-json\/wp\/v2\/posts"}],"about":[{"href":"https:\/\/cdnoticias.com\/index.php\/wp-json\/wp\/v2\/types\/post"}],"author":[{"embeddable":true,"href":"https:\/\/cdnoticias.com\/index.php\/wp-json\/wp\/v2\/users\/4"}],"replies":[{"embeddable":true,"href":"https:\/\/cdnoticias.com\/index.php\/wp-json\/wp\/v2\/comments?post=193535"}],"version-history":[{"count":0,"href":"https:\/\/cdnoticias.com\/index.php\/wp-json\/wp\/v2\/posts\/193535\/revisions"}],"wp:featuredmedia":[{"embeddable":true,"href":"https:\/\/cdnoticias.com\/index.php\/wp-json\/wp\/v2\/media\/193537"}],"wp:attachment":[{"href":"https:\/\/cdnoticias.com\/index.php\/wp-json\/wp\/v2\/media?parent=193535"}],"wp:term":[{"taxonomy":"category","embeddable":true,"href":"https:\/\/cdnoticias.com\/index.php\/wp-json\/wp\/v2\/categories?post=193535"},{"taxonomy":"post_tag","embeddable":true,"href":"https:\/\/cdnoticias.com\/index.php\/wp-json\/wp\/v2\/tags?post=193535"}],"curies":[{"name":"wp","href":"https:\/\/api.w.org\/{rel}","templated":true}]}}