{"id":193532,"date":"2026-01-23T14:17:37","date_gmt":"2026-01-23T17:17:37","guid":{"rendered":"https:\/\/cdnoticias.com\/?p=193532"},"modified":"2026-01-23T14:17:39","modified_gmt":"2026-01-23T17:17:39","slug":"macondo-festeja-20-anos-y-ya-organiza-su-carnaval","status":"publish","type":"post","link":"https:\/\/cdnoticias.com\/index.php\/2026\/01\/23\/macondo-festeja-20-anos-y-ya-organiza-su-carnaval\/","title":{"rendered":"Macondo festeja 20 a\u00f1os y ya organiza su carnaval"},"content":{"rendered":"<p>Convocatoria abierta para actores y actrices, para la realizaci\u00f3n de m\u00e1scaras y para la construcci\u00f3n del Rey Momo. Este s\u00e1bado a las 19 en el Club Pueblo Nuevo.<!--more--><\/p>\n<hr \/>\n<p>\u00a0<\/p>\n\n\n<p>La <strong>Mutual de Arte Popular Macondo<\/strong> est\u00e1 con doble festejo: <strong>celebra sus 20 a\u00f1os de trayectoria<\/strong> y ya organiza su pr\u00f3xima edici\u00f3n del <strong>carnaval.<\/strong><\/p>\n\n\n\n<p><\/p>\n\n\n\n<p>Es la primera acci\u00f3n para los festejos: <strong>la organizaci\u00f3n de su carnaval n\u00famero 19.<\/strong><\/p>\n\n\n\n<p><\/p>\n\n\n\n<blockquote class=\"wp-block-quote is-layout-flow wp-block-quote-is-layout-flow\">\n<p>Para ello se convoc\u00f3 a una reuni\u00f3n a realizarse este s\u00e1bado a las 19 horas, en instalaciones del Club Pueblo Nuevo, Necochea y Chacabuco.<\/p>\n<\/blockquote>\n\n\n\n<p><\/p>\n\n\n\n<p>Se invit\u00f3 a sumarse a <strong>actores y actrices<\/strong>, a interesados en la <strong>realizaci\u00f3n de m\u00e1scaras<\/strong> y para la <strong>construcci\u00f3n del Rey Momo<\/strong>. Pueden comunicarse al 2284-583744 o dirigirse el s\u00e1bado al lugar mencionado.<\/p>\n","protected":false},"excerpt":{"rendered":"<p>Convocatoria abierta para actores y actrices, para la realizaci\u00f3n de m\u00e1scaras y para la construcci\u00f3n del Rey Momo. Este s\u00e1bado<\/p>\n","protected":false},"author":4,"featured_media":193533,"comment_status":"closed","ping_status":"closed","sticky":false,"template":"","format":"standard","meta":{"_jetpack_memberships_contains_paid_content":false,"footnotes":""},"categories":[9,1],"tags":[],"class_list":["post-193532","post","type-post","status-publish","format-standard","has-post-thumbnail","hentry","category-cultura","category-portada"],"jetpack_featured_media_url":"https:\/\/i0.wp.com\/cdnoticias.com\/wp-content\/uploads\/2026\/01\/WhatsApp-Image-2026-01-21-at-12.04.07.jpeg?fit=940%2C788&ssl=1","jetpack_sharing_enabled":true,"_links":{"self":[{"href":"https:\/\/cdnoticias.com\/index.php\/wp-json\/wp\/v2\/posts\/193532","targetHints":{"allow":["GET"]}}],"collection":[{"href":"https:\/\/cdnoticias.com\/index.php\/wp-json\/wp\/v2\/posts"}],"about":[{"href":"https:\/\/cdnoticias.com\/index.php\/wp-json\/wp\/v2\/types\/post"}],"author":[{"embeddable":true,"href":"https:\/\/cdnoticias.com\/index.php\/wp-json\/wp\/v2\/users\/4"}],"replies":[{"embeddable":true,"href":"https:\/\/cdnoticias.com\/index.php\/wp-json\/wp\/v2\/comments?post=193532"}],"version-history":[{"count":0,"href":"https:\/\/cdnoticias.com\/index.php\/wp-json\/wp\/v2\/posts\/193532\/revisions"}],"wp:featuredmedia":[{"embeddable":true,"href":"https:\/\/cdnoticias.com\/index.php\/wp-json\/wp\/v2\/media\/193533"}],"wp:attachment":[{"href":"https:\/\/cdnoticias.com\/index.php\/wp-json\/wp\/v2\/media?parent=193532"}],"wp:term":[{"taxonomy":"category","embeddable":true,"href":"https:\/\/cdnoticias.com\/index.php\/wp-json\/wp\/v2\/categories?post=193532"},{"taxonomy":"post_tag","embeddable":true,"href":"https:\/\/cdnoticias.com\/index.php\/wp-json\/wp\/v2\/tags?post=193532"}],"curies":[{"name":"wp","href":"https:\/\/api.w.org\/{rel}","templated":true}]}}