{"id":193527,"date":"2026-01-23T09:47:09","date_gmt":"2026-01-23T12:47:09","guid":{"rendered":"https:\/\/cdnoticias.com\/?p=193527"},"modified":"2026-01-23T11:07:25","modified_gmt":"2026-01-23T14:07:25","slug":"ola-de-calor-olavarria-en-alerta-por-tercer-dia-consecutivo","status":"publish","type":"post","link":"https:\/\/cdnoticias.com\/index.php\/2026\/01\/23\/ola-de-calor-olavarria-en-alerta-por-tercer-dia-consecutivo\/","title":{"rendered":"Ola de calor: Olavarr\u00eda en alerta por tercer d\u00eda consecutivo"},"content":{"rendered":"<p>Del noreste al sur, hay 13 provincias en alerta amarilla por \u201ctemperaturas extremas\u201d. Para nuestra ciudad la m\u00e1xima pronosticada es de 33\u00ba.<!--more--><\/p>\n<hr \/>\n\n\n<p>Se ampl\u00eda la cantidad de <strong>provincias y regiones<\/strong> que el Servicio Meteorol\u00f3gico Nacional incluye en el <strong>mapa de alerta por \u201ctemperaturas extremas\u201d<\/strong>. Este viernes son <strong>13 provincias <\/strong>para las que se emiti\u00f3 la advertencia que alcanza a casi toda la regi\u00f3n noreste del pa\u00eds y tambi\u00e9n sectores de la Patagonia.<\/p>\n\n\n\n<p><\/p>\n\n\n\n<p>La <strong>provincia de Buenos Aires<\/strong> est\u00e1 <strong>casi toda pintada de amarillo<\/strong>: del centro al norte se esperan marcas t\u00e9rmicas que superen el promedio.<\/p>\n\n\n\n<figure class=\"wp-block-embed is-type-rich is-provider-twitter wp-block-embed-twitter\"><div class=\"wp-block-embed__wrapper\">\n<div class=\"embed-twitter\"><blockquote class=\"twitter-tweet\" data-width=\"550\" data-dnt=\"true\"><p lang=\"es\" dir=\"ltr\">23 ENE I \u26a0\ufe0f<a href=\"https:\/\/twitter.com\/hashtag\/Alertas?src=hash&amp;ref_src=twsrc%5Etfw\">#Alertas<\/a> para hoy:<br><br>\u26c8\ufe0f <a href=\"https:\/\/twitter.com\/hashtag\/Tormenta?src=hash&amp;ref_src=twsrc%5Etfw\">#Tormenta<\/a><br>\u26a0\ufe0fLluvias intensas<br>\ud83d\udfe740-70 mm con r\u00e1fagas \u2265 100 km\/h<br>\ud83d\udfe820-50 mm con r\u00e1fagas cercanas a 90 km\/h en algunos sectores <br>\ud83e\uddca Granizo<br><br>\ud83e\udd75 Temperaturas extremas: <a href=\"https:\/\/twitter.com\/hashtag\/Calor?src=hash&amp;ref_src=twsrc%5Etfw\">#Calor<\/a><br>\ud83d\udfe8 Efecto leve a moderado en la salud<br><br>+ info \ud83d\udc49 <a href=\"https:\/\/t.co\/GRjfngFWuF\">https:\/\/t.co\/GRjfngFWuF<\/a> <a href=\"https:\/\/t.co\/H68VFQFMoy\">pic.twitter.com\/H68VFQFMoy<\/a><\/p>&mdash; SMN Argentina (@SMN_Argentina) <a href=\"https:\/\/twitter.com\/SMN_Argentina\/status\/2014656844900307112?ref_src=twsrc%5Etfw\">January 23, 2026<\/a><\/blockquote><script async src=\"https:\/\/platform.twitter.com\/widgets.js\" charset=\"utf-8\"><\/script><\/div>\n<\/div><\/figure>\n\n\n\n<blockquote class=\"wp-block-quote is-layout-flow wp-block-quote-is-layout-flow\">\n<p>De esta manera, Olavarr\u00eda est\u00e1 en alerta por tercer d\u00eda consecutivo. En el marco de una nueva ola de calor, la m\u00e1xima pronosticada para este viernes es de 33\u00ba.<\/p>\n<\/blockquote>\n\n\n\n<p><\/p>\n\n\n\n<p>La alerta de nivel amarillo significa <strong>\u201cefecto leve a moderado en la salud\u201d<\/strong>. Las temperaturas pueden ser peligrosas, sobre todo para los<strong> grupos de riesgo, como ni\u00f1os y ni\u00f1as, personas mayores de 65 a\u00f1os, con enfermedades cr\u00f3nicas.<\/strong><\/p>\n\n\n\n<p><\/p>\n\n\n\n<figure class=\"wp-block-embed is-type-wp-embed is-provider-central-de-noticias-olavarr-a wp-block-embed-central-de-noticias-olavarr-a\"><div class=\"wp-block-embed__wrapper\">\n<blockquote class=\"wp-embedded-content\" data-secret=\"9bAxM6jBRf\"><a href=\"https:\/\/cdnoticias.com\/index.php\/2026\/01\/23\/crece-el-riesgo-de-incendios-en-la-provincia-de-buenos-aires\/\">Crece el riesgo de incendios en la provincia de Buenos Aires<\/a><\/blockquote><iframe loading=\"lazy\" class=\"wp-embedded-content\" sandbox=\"allow-scripts\" security=\"restricted\" style=\"position: absolute; visibility: hidden;\" title=\"&#8220;Crece el riesgo de incendios en la provincia de Buenos Aires&#8221; &#8212; Central de Noticias | Olavarr\u00eda\" src=\"https:\/\/cdnoticias.com\/index.php\/2026\/01\/23\/crece-el-riesgo-de-incendios-en-la-provincia-de-buenos-aires\/embed\/#?secret=CWUTBhsBdf#?secret=9bAxM6jBRf\" data-secret=\"9bAxM6jBRf\" width=\"600\" height=\"338\" frameborder=\"0\" marginwidth=\"0\" marginheight=\"0\" scrolling=\"no\"><\/iframe>\n<\/div><\/figure>\n\n\n\n<p><\/p>\n","protected":false},"excerpt":{"rendered":"<p>Del noreste al sur, hay 13 provincias en alerta amarilla por \u201ctemperaturas extremas\u201d. Para nuestra ciudad la m\u00e1xima pronosticada es<\/p>\n","protected":false},"author":4,"featured_media":192139,"comment_status":"closed","ping_status":"closed","sticky":false,"template":"","format":"standard","meta":{"_jetpack_memberships_contains_paid_content":false,"footnotes":""},"categories":[5,1],"tags":[],"class_list":["post-193527","post","type-post","status-publish","format-standard","has-post-thumbnail","hentry","category-informacion-general","category-portada"],"jetpack_featured_media_url":"https:\/\/i0.wp.com\/cdnoticias.com\/wp-content\/uploads\/2026\/01\/centro-comercios-ventas-sol-calor-00.jpg?fit=1000%2C556&ssl=1","jetpack_sharing_enabled":true,"_links":{"self":[{"href":"https:\/\/cdnoticias.com\/index.php\/wp-json\/wp\/v2\/posts\/193527","targetHints":{"allow":["GET"]}}],"collection":[{"href":"https:\/\/cdnoticias.com\/index.php\/wp-json\/wp\/v2\/posts"}],"about":[{"href":"https:\/\/cdnoticias.com\/index.php\/wp-json\/wp\/v2\/types\/post"}],"author":[{"embeddable":true,"href":"https:\/\/cdnoticias.com\/index.php\/wp-json\/wp\/v2\/users\/4"}],"replies":[{"embeddable":true,"href":"https:\/\/cdnoticias.com\/index.php\/wp-json\/wp\/v2\/comments?post=193527"}],"version-history":[{"count":0,"href":"https:\/\/cdnoticias.com\/index.php\/wp-json\/wp\/v2\/posts\/193527\/revisions"}],"wp:featuredmedia":[{"embeddable":true,"href":"https:\/\/cdnoticias.com\/index.php\/wp-json\/wp\/v2\/media\/192139"}],"wp:attachment":[{"href":"https:\/\/cdnoticias.com\/index.php\/wp-json\/wp\/v2\/media?parent=193527"}],"wp:term":[{"taxonomy":"category","embeddable":true,"href":"https:\/\/cdnoticias.com\/index.php\/wp-json\/wp\/v2\/categories?post=193527"},{"taxonomy":"post_tag","embeddable":true,"href":"https:\/\/cdnoticias.com\/index.php\/wp-json\/wp\/v2\/tags?post=193527"}],"curies":[{"name":"wp","href":"https:\/\/api.w.org\/{rel}","templated":true}]}}