{"id":193521,"date":"2026-01-24T09:43:54","date_gmt":"2026-01-24T12:43:54","guid":{"rendered":"https:\/\/cdnoticias.com\/?p=193521"},"modified":"2026-01-24T09:43:56","modified_gmt":"2026-01-24T12:43:56","slug":"nutricionistas-y-odontologos-bonaerenses-firmaron-un-convenio-para-impulsar-la-salud-integral","status":"publish","type":"post","link":"https:\/\/cdnoticias.com\/index.php\/2026\/01\/24\/nutricionistas-y-odontologos-bonaerenses-firmaron-un-convenio-para-impulsar-la-salud-integral\/","title":{"rendered":"Nutricionistas y odont\u00f3logos bonaerenses firmaron un convenio para impulsar la salud integral"},"content":{"rendered":"\n<p>El acuerdo entre ambos colegios profesionales prev\u00e9 acciones conjuntas de formaci\u00f3n y producci\u00f3n de materiales, con foco en la salud p\u00fablica y el trabajo interdisciplinario en la provincia.<\/p>\n\n\n\n<hr class=\"wp-block-separator has-alpha-channel-opacity\"\/>\n\n\n\n<p>Las autoridades del <strong>Colegio de Nutricionistas de la Provincia de Buenos Aires y del Colegio de Odont\u00f3logos bonaerense<\/strong> firmaron un convenio de cooperaci\u00f3n institucional con el objetivo de fortalecer el trabajo conjunto entre ambas profesiones y promover una mirada integral de la salud.<\/p>\n\n\n\n<p><\/p>\n\n\n\n<p>El acuerdo fue suscripto por la<strong> presidenta del Colegio de Nutricionistas bonaerense, Laura Salzman, y su par del Colegio de Odont\u00f3logos, Diego Biscioni.<\/strong> La iniciativa se inscribe en una l\u00ednea de trabajo orientada al crecimiento institucional y a la construcci\u00f3n de acuerdos entre distintas disciplinas del \u00e1mbito de la salud.<\/p>\n\n\n\n<p><\/p>\n\n\n\n<p>\u201cEste convenio es parte de una l\u00ednea de trabajo que venimos sosteniendo, basada en el crecimiento institucional y en la construcci\u00f3n de acuerdos entre profesiones\u201d, se\u00f1al\u00f3 Salzman. En ese marco,<strong> remarc\u00f3 la importancia de la articulaci\u00f3n entre nutrici\u00f3n y salud bucal para fortalecer una mirada integral de la salud <\/strong>y para aportar, desde los colegios profesionales, a las pol\u00edticas p\u00fablicas de la provincia de Buenos Aires.<\/p>\n\n\n\n<p><\/p>\n\n\n\n<blockquote class=\"wp-block-quote is-layout-flow wp-block-quote-is-layout-flow\">\n<p>Uno de los ejes centrales del convenio es el abordaje interdisciplinario de los procesos de salud, reconociendo la relaci\u00f3n entre la nutrici\u00f3n y la salud bucal como un componente clave en las estrategias de prevenci\u00f3n y promoci\u00f3n.<\/p>\n<\/blockquote>\n\n\n\n<p><\/p>\n\n\n\n<p>A partir de este acuerdo, se prev\u00e9 el desarrollo de <strong>acciones conjuntas de formaci\u00f3n, la producci\u00f3n de materiales audiovisuales y la elaboraci\u00f3n de gu\u00edas y orientaciones destinadas tanto a profesionales como a la comunidad.<\/strong> Estas iniciativas tendr\u00e1n especial atenci\u00f3n en la salud p\u00fablica y en poblaciones espec\u00edficas, como las personas embarazadas.<\/p>\n\n\n\n<p><\/p>\n\n\n\n<p>Asimismo, el convenio apunta a potenciar los<strong> v\u00ednculos institucionales entre ambos colegios profesionales, <\/strong>fortaleciendo su rol en la construcci\u00f3n de pol\u00edticas de salud y en la defensa del ejercicio profesional en el \u00e1mbito de la provincia.<\/p>\n\n\n\n<p><\/p>\n\n\n\n<p>Desde el Colegio de Nutricionistas bonaerense destacaron que la firma del acuerdo reafirma el <strong>compromiso con una salud integral, de calidad y con enfoque de derechos,<\/strong> as\u00ed como con una participaci\u00f3n activa de los colegios profesionales en las agendas de salud p\u00fablica.<\/p>\n\n\n\n<p><\/p>\n","protected":false},"excerpt":{"rendered":"<p>El acuerdo entre ambos colegios profesionales prev\u00e9 acciones conjuntas de formaci\u00f3n y producci\u00f3n de materiales, con foco en la salud<\/p>\n","protected":false},"author":5,"featured_media":193522,"comment_status":"closed","ping_status":"closed","sticky":false,"template":"","format":"standard","meta":{"_jetpack_memberships_contains_paid_content":false,"footnotes":""},"categories":[5,1],"tags":[],"class_list":["post-193521","post","type-post","status-publish","format-standard","has-post-thumbnail","hentry","category-informacion-general","category-portada"],"jetpack_featured_media_url":"https:\/\/i0.wp.com\/cdnoticias.com\/wp-content\/uploads\/2026\/01\/convenio-odontologos.png?fit=800%2C445&ssl=1","jetpack_sharing_enabled":true,"_links":{"self":[{"href":"https:\/\/cdnoticias.com\/index.php\/wp-json\/wp\/v2\/posts\/193521","targetHints":{"allow":["GET"]}}],"collection":[{"href":"https:\/\/cdnoticias.com\/index.php\/wp-json\/wp\/v2\/posts"}],"about":[{"href":"https:\/\/cdnoticias.com\/index.php\/wp-json\/wp\/v2\/types\/post"}],"author":[{"embeddable":true,"href":"https:\/\/cdnoticias.com\/index.php\/wp-json\/wp\/v2\/users\/5"}],"replies":[{"embeddable":true,"href":"https:\/\/cdnoticias.com\/index.php\/wp-json\/wp\/v2\/comments?post=193521"}],"version-history":[{"count":0,"href":"https:\/\/cdnoticias.com\/index.php\/wp-json\/wp\/v2\/posts\/193521\/revisions"}],"wp:featuredmedia":[{"embeddable":true,"href":"https:\/\/cdnoticias.com\/index.php\/wp-json\/wp\/v2\/media\/193522"}],"wp:attachment":[{"href":"https:\/\/cdnoticias.com\/index.php\/wp-json\/wp\/v2\/media?parent=193521"}],"wp:term":[{"taxonomy":"category","embeddable":true,"href":"https:\/\/cdnoticias.com\/index.php\/wp-json\/wp\/v2\/categories?post=193521"},{"taxonomy":"post_tag","embeddable":true,"href":"https:\/\/cdnoticias.com\/index.php\/wp-json\/wp\/v2\/tags?post=193521"}],"curies":[{"name":"wp","href":"https:\/\/api.w.org\/{rel}","templated":true}]}}