{"id":193511,"date":"2026-01-22T19:41:16","date_gmt":"2026-01-22T22:41:16","guid":{"rendered":"https:\/\/cdnoticias.com\/?p=193511"},"modified":"2026-01-23T10:05:29","modified_gmt":"2026-01-23T13:05:29","slug":"hay-alerta-amarilla-por-fuertes-tormentas-para-la-noche-de-este-jueves","status":"publish","type":"post","link":"https:\/\/cdnoticias.com\/index.php\/2026\/01\/22\/hay-alerta-amarilla-por-fuertes-tormentas-para-la-noche-de-este-jueves\/","title":{"rendered":"Hay alerta amarilla por fuertes tormentas para la noche de este jueves"},"content":{"rendered":"\n<p>As\u00ed fue informado por el Servicio Meteorol\u00f3gico Nacional. En la regi\u00f3n se espera una alerta naranja, pero no alcanza a nuestro distrito.<\/p>\n\n\n\n<hr class=\"wp-block-separator aligncenter has-alpha-channel-opacity\"\/>\n\n\n\n<p>Informado por el Servicio Meteorol\u00f3gico Nacional este jueves, <strong>se anunci\u00f3 una alerta amarilla por tormentas para Olavarr\u00eda y una alerta naranja para la regi\u00f3n, que no alcanzar\u00eda a nuestra ciudad.<\/strong><\/p>\n\n\n\n<p>Seg\u00fan se detall\u00f3 desde el organismo,<em> \u201cel \u00e1rea ser\u00e1 afectada por tormentas de variada intensidad, algunas localmente fuertes. Las mismas estar\u00e1n acompa\u00f1adas por frecuente actividad el\u00e9ctrica, ocasional granizo y r\u00e1fagas intensas y r\u00e1fagas de viento que pueden alcanzar los 75 km\/h\u201d.<\/em><\/p>\n\n\n\n<blockquote class=\"wp-block-quote is-layout-flow wp-block-quote-is-layout-flow\">\n<p>Adem\u00e1s, se prev\u00e9n valores de precipitaci\u00f3n acumulada entre 20 y 40 mm, que pueden ser superados en forma puntual.<\/p>\n<\/blockquote>\n\n\n\n<p>En La Pampa y la zona oeste de la Provincia de Buenos Aires, en tanto, <strong>se anunci\u00f3 una alerta naranja por estos fen\u00f3menos clim\u00e1ticos: de hecho, alcanza a distritos como Coronel Su\u00e1rez, Trenque Lauquen, Guamin\u00ed, Coronel Pringles, Bah\u00eda Blanca, entre otros, pero no llegar\u00eda a Olavarr\u00eda en principio.<\/strong><\/p>\n","protected":false},"excerpt":{"rendered":"<p>As\u00ed fue informado por el Servicio Meteorol\u00f3gico Nacional. En la regi\u00f3n se espera una alerta naranja, pero no alcanza a<\/p>\n","protected":false},"author":2,"featured_media":165643,"comment_status":"closed","ping_status":"closed","sticky":false,"template":"","format":"standard","meta":{"_jetpack_memberships_contains_paid_content":false,"footnotes":""},"categories":[5],"tags":[],"class_list":["post-193511","post","type-post","status-publish","format-standard","has-post-thumbnail","hentry","category-informacion-general"],"jetpack_featured_media_url":"https:\/\/i0.wp.com\/cdnoticias.com\/wp-content\/uploads\/2025\/03\/lluvia-tormenta-4-de-marzo-2025-e-plaza-central.jpg?fit=1000%2C556&ssl=1","jetpack_sharing_enabled":true,"_links":{"self":[{"href":"https:\/\/cdnoticias.com\/index.php\/wp-json\/wp\/v2\/posts\/193511","targetHints":{"allow":["GET"]}}],"collection":[{"href":"https:\/\/cdnoticias.com\/index.php\/wp-json\/wp\/v2\/posts"}],"about":[{"href":"https:\/\/cdnoticias.com\/index.php\/wp-json\/wp\/v2\/types\/post"}],"author":[{"embeddable":true,"href":"https:\/\/cdnoticias.com\/index.php\/wp-json\/wp\/v2\/users\/2"}],"replies":[{"embeddable":true,"href":"https:\/\/cdnoticias.com\/index.php\/wp-json\/wp\/v2\/comments?post=193511"}],"version-history":[{"count":0,"href":"https:\/\/cdnoticias.com\/index.php\/wp-json\/wp\/v2\/posts\/193511\/revisions"}],"wp:featuredmedia":[{"embeddable":true,"href":"https:\/\/cdnoticias.com\/index.php\/wp-json\/wp\/v2\/media\/165643"}],"wp:attachment":[{"href":"https:\/\/cdnoticias.com\/index.php\/wp-json\/wp\/v2\/media?parent=193511"}],"wp:term":[{"taxonomy":"category","embeddable":true,"href":"https:\/\/cdnoticias.com\/index.php\/wp-json\/wp\/v2\/categories?post=193511"},{"taxonomy":"post_tag","embeddable":true,"href":"https:\/\/cdnoticias.com\/index.php\/wp-json\/wp\/v2\/tags?post=193511"}],"curies":[{"name":"wp","href":"https:\/\/api.w.org\/{rel}","templated":true}]}}