{"id":193502,"date":"2026-01-22T20:02:15","date_gmt":"2026-01-22T23:02:15","guid":{"rendered":"https:\/\/cdnoticias.com\/?p=193502"},"modified":"2026-01-23T08:45:16","modified_gmt":"2026-01-23T11:45:16","slug":"tras-el-reclamo-de-pago-de-los-acompanantes-terapeuticos-recibieron-una-respuesta-de-ioma","status":"publish","type":"post","link":"https:\/\/cdnoticias.com\/index.php\/2026\/01\/22\/tras-el-reclamo-de-pago-de-los-acompanantes-terapeuticos-recibieron-una-respuesta-de-ioma\/","title":{"rendered":"Tras el reclamo de pago de los acompa\u00f1antes terap\u00e9uticos, recibieron una respuesta de IOMA"},"content":{"rendered":"\n<p>Asimismo, se convocar\u00e1 para la semana pr\u00f3xima a una Asamblea General, que re\u00fana a todos y todas las acompa\u00f1antes terap\u00e9uticas de nuestra ciudad.&nbsp;<\/p>\n\n\n\n<hr class=\"wp-block-separator aligncenter has-alpha-channel-opacity\"\/>\n\n\n\n<p>En un nuevo comunicado, <strong>los y las acompa\u00f1antes terap\u00e9uticos que prestan servicios a IOMA <\/strong>informaron que<a href=\"https:\/\/cdnoticias.com\/index.php\/2026\/01\/19\/acompanantes-terapeuticos-de-ioma-malestar-por-falta-de-pago-y-atraso-de-cuatro-meses\/\" target=\"_blank\" rel=\"noreferrer noopener\"> a partir del reclamo por falta de pagos presentado por la Asamblea de ATs en Lucha de Olavarr\u00eda <\/a>y prestadores de IOMA ante el Consejo Consultivo de IOMA, <strong>se obtuvo respuesta a la situaci\u00f3n particular de cada prestador.<\/strong><\/p>\n\n\n\n<p><\/p>\n\n\n\n<p><em>\u201cDicha respuesta fue posible gracias a un trabajo articulado impulsado por el Consejo Consultivo de IOMA, que tom\u00f3 nuestro reclamo y lo canaliz\u00f3 junto a referentes de Suteba de la Provincia y la Vocal\u00eda de IOMA<\/em>\u201d sostuvieron los y las acompa\u00f1antes terap\u00e9uticas.\u00a0<\/p>\n\n\n\n<p><\/p>\n\n\n\n<p>En tanto, remarcaron: <strong>\u201cAgradecemos tambi\u00e9n la recepci\u00f3n y difusi\u00f3n por parte de los medios de comunicaci\u00f3n, que hicieron posible la visibilizaci\u00f3n de esta situaci\u00f3n, siendo canales fundamentales de difusi\u00f3n y escucha\u201d.\u00a0<\/strong><\/p>\n\n\n\n<p><\/p>\n\n\n\n<blockquote class=\"wp-block-quote is-layout-flow wp-block-quote-is-layout-flow\">\n<p>&#8220;Al d\u00eda de ayer -21\/01\/26- solo 8 prestadorxs hab\u00edan percibido sus honorarios. Al d\u00eda de hoy -22\/01\/26- quienes presentaban atrasos en sus tr\u00e1mites comenzaron a observar movimientos en sus plataformas y se realiz\u00f3 un seguimiento individual de cada prestadorx. Asimismo, se nos brind\u00f3 la posibilidad de notificar los datos faltantes para dar curso a los tr\u00e1mites correspondientes\u201d detallaron en un nuevo comunicado.<\/p>\n<\/blockquote>\n\n\n\n<p><\/p>\n\n\n\n<p>Y agregaron: \u201c<em>Si bien valoramos y agradecemos la r\u00e1pida respuesta y resoluci\u00f3n, consideramos que <strong>esta modalidad exhaustiva no puede ser la forma habitual de acceso al cobro<\/strong>, ya que profundiza a\u00fan m\u00e1s la precarizaci\u00f3n de nuestra situaci\u00f3n laboral. Seguiremos atentxs a la situaci\u00f3n de cada prestadorx\u201d.\u00a0<\/em><\/p>\n\n\n\n<p><\/p>\n\n\n\n<p>Asimismo, desde la Asamblea de ATs en Lucha de Olavarr\u00eda y Prestadores de IOMA <strong>convocan para la semana pr\u00f3xima a una Asamblea General, que re\u00fana a todos y todas las acompa\u00f1antes terap\u00e9uticos de nuestra ciudad, independientemente de la obra social para la que presten servicios.\u00a0<\/strong><\/p>\n\n\n\n<p><\/p>\n\n\n\n<blockquote class=\"wp-block-quote is-layout-flow wp-block-quote-is-layout-flow\">\n<p>El objetivo es \u201cdefinir los siguientes puntos, que comenzar\u00e1n a implementarse a partir de febrero de 2026 y que deber\u00e1n ser tenidos en cuenta y respetados por familias, otros equipos, profesionales de la salud e instituciones educativas\u201d expresaron.\u00a0<\/p>\n<\/blockquote>\n\n\n\n<p><\/p>\n\n\n\n<p><strong>Temas a tratar:<\/strong><\/p>\n\n\n\n<ul class=\"wp-block-list\">\n<li>Valor hora unificado, con aumento en julio 2026 y diciembre 2026.<\/li>\n\n\n\n<li>Monotributo, seguros, vi\u00e1ticos y combustible: definici\u00f3n de si estos costos se contemplar\u00e1n dentro del presupuesto establecido o si correr\u00e1n por cuenta de las familias.<\/li>\n\n\n\n<li>Reducci\u00f3n de prestaciones en domicilios o establecimientos educativos cuando lo aprobado por las obras sociales no alcance el valor hora que entrar\u00e1 en vigencia por asamblea a partir de febrero de 2026.<\/li>\n\n\n\n<li>Vacaciones.<\/li>\n\n\n\n<li>En relaci\u00f3n con lxs ATs escolares:<\/li>\n<\/ul>\n\n\n\n<p><\/p>\n\n\n\n<p>Por \u00faltimo sostuvieron: <em>\u201cLas familias deben tener acceso y conocer la Resoluci\u00f3n 311\/16 del Consejo Federal de Educaci\u00f3n y la Ley de Educaci\u00f3n Inclusiva, donde se prioriza el derecho a la educaci\u00f3n, estableciendo que la ausencia de un\/a Acompa\u00f1ante Terap\u00e9uticx no debe impedir la asistencia, y que la instituci\u00f3n educativa debe garantizar apoyos alternativos y ajustes razonables\u201d.\u00a0<\/em><\/p>\n\n\n\n<p><\/p>\n\n\n\n<p><strong>\u201cLa decisi\u00f3n final sobre la continuidad o no del ciclo debe ser seria y basada en el progreso real, y no \u00fanicamente en la inasistencia. En caso contrario, denunciaremos dichas situaciones<\/strong>\u201d cerraron.<\/p>\n\n\n\n<p><\/p>\n","protected":false},"excerpt":{"rendered":"<p>Asimismo, se convocar\u00e1 para la semana pr\u00f3xima a una Asamblea General, que re\u00fana a todos y todas las acompa\u00f1antes terap\u00e9uticas<\/p>\n","protected":false},"author":6,"featured_media":186629,"comment_status":"closed","ping_status":"closed","sticky":false,"template":"","format":"standard","meta":{"_jetpack_memberships_contains_paid_content":false,"footnotes":""},"categories":[5,1],"tags":[],"class_list":["post-193502","post","type-post","status-publish","format-standard","has-post-thumbnail","hentry","category-informacion-general","category-portada"],"jetpack_featured_media_url":"https:\/\/i0.wp.com\/cdnoticias.com\/wp-content\/uploads\/2025\/10\/acompanantes-terapeuticos4.jpg?fit=886%2C553&ssl=1","jetpack_sharing_enabled":true,"_links":{"self":[{"href":"https:\/\/cdnoticias.com\/index.php\/wp-json\/wp\/v2\/posts\/193502","targetHints":{"allow":["GET"]}}],"collection":[{"href":"https:\/\/cdnoticias.com\/index.php\/wp-json\/wp\/v2\/posts"}],"about":[{"href":"https:\/\/cdnoticias.com\/index.php\/wp-json\/wp\/v2\/types\/post"}],"author":[{"embeddable":true,"href":"https:\/\/cdnoticias.com\/index.php\/wp-json\/wp\/v2\/users\/6"}],"replies":[{"embeddable":true,"href":"https:\/\/cdnoticias.com\/index.php\/wp-json\/wp\/v2\/comments?post=193502"}],"version-history":[{"count":0,"href":"https:\/\/cdnoticias.com\/index.php\/wp-json\/wp\/v2\/posts\/193502\/revisions"}],"wp:featuredmedia":[{"embeddable":true,"href":"https:\/\/cdnoticias.com\/index.php\/wp-json\/wp\/v2\/media\/186629"}],"wp:attachment":[{"href":"https:\/\/cdnoticias.com\/index.php\/wp-json\/wp\/v2\/media?parent=193502"}],"wp:term":[{"taxonomy":"category","embeddable":true,"href":"https:\/\/cdnoticias.com\/index.php\/wp-json\/wp\/v2\/categories?post=193502"},{"taxonomy":"post_tag","embeddable":true,"href":"https:\/\/cdnoticias.com\/index.php\/wp-json\/wp\/v2\/tags?post=193502"}],"curies":[{"name":"wp","href":"https:\/\/api.w.org\/{rel}","templated":true}]}}