{"id":193498,"date":"2026-01-22T18:51:45","date_gmt":"2026-01-22T21:51:45","guid":{"rendered":"https:\/\/cdnoticias.com\/?p=193498"},"modified":"2026-01-22T18:52:56","modified_gmt":"2026-01-22T21:52:56","slug":"festival-de-doma-y-folclore-extienden-el-plazo-de-inscripcion-para-el-certamen-de-artistas","status":"publish","type":"post","link":"https:\/\/cdnoticias.com\/index.php\/2026\/01\/22\/festival-de-doma-y-folclore-extienden-el-plazo-de-inscripcion-para-el-certamen-de-artistas\/","title":{"rendered":"Festival de Doma y Folclore: extienden el plazo de inscripci\u00f3n para el certamen de artistas\u00a0"},"content":{"rendered":"\n<p>La organizaci\u00f3n del evento anunci\u00f3 que el registro para solistas y grupos folcl\u00f3ricos permanecer\u00e1 abierto hasta el 25 de enero.<\/p>\n\n\n\n<hr class=\"wp-block-separator aligncenter has-alpha-channel-opacity\"\/>\n\n\n\n<p>Debido a la alta demanda de consultas, la <strong>organizaci\u00f3n del evento del Festival de Doma y Folclore <\/strong>anunci\u00f3 que <strong>el registro para solistas y grupos folcl\u00f3ricos permanecer\u00e1 abierto hasta el 25 de enero.\u00a0<\/strong><\/p>\n\n\n\n<p><\/p>\n\n\n\n<blockquote class=\"wp-block-quote is-layout-flow wp-block-quote-is-layout-flow\">\n<p>Los ganadores del certamen obtendr\u00e1n un lugar en la grilla oficial de la edici\u00f3n 2027, adem\u00e1s de premios en efectivo y \u00f3rdenes de compra.<\/p>\n<\/blockquote>\n\n\n\n<p><\/p>\n\n\n\n<p>De esa manera, se confirm\u00f3 una pr\u00f3rroga en la <strong>convocatoria para su tradicional certamen de artistas. <\/strong>La medida busca permitir que un<strong> mayor n\u00famero de m\u00fasicos, tanto locales como regionales,<\/strong> puedan formalizar su participaci\u00f3n en uno de los escenarios con mayor proyecci\u00f3n del pa\u00eds.<\/p>\n\n\n\n<p><\/p>\n\n\n\n<p><strong>Premios y beneficios para los participantes<\/strong><\/p>\n\n\n\n<p>El certamen no solo funciona como una<strong> plataforma de visibilidad naciona<\/strong>l, sino que ofrece incentivos directos para los proyectos musicales:<\/p>\n\n\n\n<ul class=\"wp-block-list\">\n<li>Grilla Oficial: El ganador de la jornada se asegurar\u00e1 un lugar en la programaci\u00f3n principal de la 23\u00aa edici\u00f3n del Festival en 2027.<\/li>\n<\/ul>\n\n\n\n<ul class=\"wp-block-list\">\n<li>Econ\u00f3micos: Se otorgar\u00e1n importantes premios monetarios y \u00f3rdenes de compra en efectivo.<\/li>\n<\/ul>\n\n\n\n<ul class=\"wp-block-list\">\n<li>Difusi\u00f3n: Los artistas participantes acceden a esquemas de reconocimiento y experiencia en escenarios de nivel nacional.<\/li>\n<\/ul>\n\n\n\n<p><\/p>\n\n\n\n<p>Los interesados, ya sean<strong> solistas o agrupaciones de folclore<\/strong>, deben completar el proceso antes de la nueva fecha l\u00edmite del 25 de enero. Para iniciar el tr\u00e1mite y conocer las bases y condiciones, la organizaci\u00f3n dispuso la siguiente v\u00eda de contacto: Tomy P\u00e9rez (2284 64-1511).<\/p>\n\n\n\n<p><\/p>\n\n\n\n<p>Desde la organizaci\u00f3n recordaron que es necesario cumplimentar todos los pasos administrativos requeridos para que la inscripci\u00f3n sea considerada formal y v\u00e1lida para la competencia.<\/p>\n\n\n\n<p><\/p>\n","protected":false},"excerpt":{"rendered":"<p>La organizaci\u00f3n del evento anunci\u00f3 que el registro para solistas y grupos folcl\u00f3ricos permanecer\u00e1 abierto hasta el 25 de enero.<\/p>\n","protected":false},"author":6,"featured_media":110900,"comment_status":"closed","ping_status":"closed","sticky":false,"template":"","format":"standard","meta":{"_jetpack_memberships_contains_paid_content":false,"footnotes":""},"categories":[9,1],"tags":[],"class_list":["post-193498","post","type-post","status-publish","format-standard","has-post-thumbnail","hentry","category-cultura","category-portada"],"jetpack_featured_media_url":"https:\/\/i0.wp.com\/cdnoticias.com\/wp-content\/uploads\/2024\/03\/festival-doma-folclore-primera-noche-31.jpg?fit=1000%2C646&ssl=1","jetpack_sharing_enabled":true,"_links":{"self":[{"href":"https:\/\/cdnoticias.com\/index.php\/wp-json\/wp\/v2\/posts\/193498","targetHints":{"allow":["GET"]}}],"collection":[{"href":"https:\/\/cdnoticias.com\/index.php\/wp-json\/wp\/v2\/posts"}],"about":[{"href":"https:\/\/cdnoticias.com\/index.php\/wp-json\/wp\/v2\/types\/post"}],"author":[{"embeddable":true,"href":"https:\/\/cdnoticias.com\/index.php\/wp-json\/wp\/v2\/users\/6"}],"replies":[{"embeddable":true,"href":"https:\/\/cdnoticias.com\/index.php\/wp-json\/wp\/v2\/comments?post=193498"}],"version-history":[{"count":0,"href":"https:\/\/cdnoticias.com\/index.php\/wp-json\/wp\/v2\/posts\/193498\/revisions"}],"wp:featuredmedia":[{"embeddable":true,"href":"https:\/\/cdnoticias.com\/index.php\/wp-json\/wp\/v2\/media\/110900"}],"wp:attachment":[{"href":"https:\/\/cdnoticias.com\/index.php\/wp-json\/wp\/v2\/media?parent=193498"}],"wp:term":[{"taxonomy":"category","embeddable":true,"href":"https:\/\/cdnoticias.com\/index.php\/wp-json\/wp\/v2\/categories?post=193498"},{"taxonomy":"post_tag","embeddable":true,"href":"https:\/\/cdnoticias.com\/index.php\/wp-json\/wp\/v2\/tags?post=193498"}],"curies":[{"name":"wp","href":"https:\/\/api.w.org\/{rel}","templated":true}]}}