{"id":193496,"date":"2026-01-23T08:15:43","date_gmt":"2026-01-23T11:15:43","guid":{"rendered":"https:\/\/cdnoticias.com\/?p=193496"},"modified":"2026-01-23T11:09:06","modified_gmt":"2026-01-23T14:09:06","slug":"siniestralidad-vial-en-2025-se-registraron-mas-de-90-accidentes-por-mes-y-hubo-12-victimas-fatales","status":"publish","type":"post","link":"https:\/\/cdnoticias.com\/index.php\/2026\/01\/23\/siniestralidad-vial-en-2025-se-registraron-mas-de-90-accidentes-por-mes-y-hubo-12-victimas-fatales\/","title":{"rendered":"Siniestralidad vial: en 2025 se registraron m\u00e1s de 90 accidentes por mes y hubo 12 v\u00edctimas fatales\u00a0"},"content":{"rendered":"\n<p>Asimismo, se registraron 576 personas heridas, pero \u00fanicamente 26 con lesiones que revistieron gravedad.<\/p>\n\n\n\n<hr class=\"wp-block-separator aligncenter has-alpha-channel-opacity\"\/>\n\n\n\n<p>Desde la<strong> Secretar\u00eda de Protecci\u00f3n Ciudadana del Municipio<\/strong> se emiti\u00f3 un pormenorizado detalle de la<strong> situaci\u00f3n local en materia de siniestralidad vial. <\/strong>Se trata del saldo del seguimiento que desde el \u00e1rea se realiza en la materia, un insumo estrat\u00e9gico para la realizaci\u00f3n de distintas pol\u00edticas y medidas en materia preventiva y de control del cumplimiento de las distintas legislaciones vigentes.<\/p>\n\n\n\n<p><\/p>\n\n\n\n<p>Los datos que conforman el documento provienen de los eventos que<strong> ingresan a las distintas v\u00edas de comunicaci\u00f3n<\/strong> con las que cuenta el <strong>Centro de Monitoreo Municipal.<\/strong> En ese sentido, se recuerda a la comunidad la posibilidad de contactarse ante cualquier emergencia y\/o eventualidad al <strong>419016\/17<\/strong> (tel\u00e9fonos fijos) o al <strong>2284 544817, de Vecinos en Red v\u00eda WhatsApp.<\/strong><\/p>\n\n\n\n<p><\/p>\n\n\n\n<blockquote class=\"wp-block-quote is-layout-flow wp-block-quote-is-layout-flow\">\n<p>El total de hechos viales, 1089 registrados, es cerca de un 13% menos que la cifra registrada en 2024. M\u00e1s del 70% de esos casos consistieron en choques entre veh\u00edculos, ya sea con autom\u00f3viles o ciclomotores implicados. Tal es as\u00ed que el saldo total arroja la participaci\u00f3n en los siniestros de 961 autos, 487 motos, 230 camionetas o utilitarios y 179 bicicletas, como los \u00edtems m\u00e1s relevantes.<\/p>\n<\/blockquote>\n\n\n\n<p><\/p>\n\n\n\n<p>Durante <strong>el 2025 se registraron 12 v\u00edctimas fatales por siniestros viales ocurridos en la ciudad<\/strong>, adem\u00e1s de<strong> 576 personas heridas, pero \u00fanicamente 26 con lesiones que revistieron gravedad.<\/strong><\/p>\n\n\n\n<p><\/p>\n\n\n\n<blockquote class=\"wp-block-quote is-layout-flow wp-block-quote-is-layout-flow\">\n<p>Una de las cifras m\u00e1s relevantes es que el promedio de siniestros viales en la ciudad de Olavarr\u00eda es de poco m\u00e1s de 90 por mes, una media de 3 accidentes de tr\u00e1nsito por d\u00eda.<\/p>\n<\/blockquote>\n\n\n\n<p><\/p>\n\n\n\n<p>El pormenorizado arroja otros datos interesantes, como que <strong>los martes es el d\u00eda que presentar mayor registro de casos de estas caracter\u00edsticas. <\/strong>Lo mismo sucede con la <strong>franja horario de 12 a 18, que re\u00fane cerca del 35% de los siniestros viales registrados.<\/strong> Por \u00faltimo, el informe destac\u00f3 que en el marco de siniestros viales <strong>se detectaron 12 alcoholemias positivas.<\/strong><\/p>\n\n\n\n<p><\/p>\n","protected":false},"excerpt":{"rendered":"<p>Asimismo, se registraron 576 personas heridas, pero \u00fanicamente 26 con lesiones que revistieron gravedad. Desde la Secretar\u00eda de Protecci\u00f3n Ciudadana<\/p>\n","protected":false},"author":6,"featured_media":180011,"comment_status":"closed","ping_status":"closed","sticky":false,"template":"","format":"standard","meta":{"_jetpack_memberships_contains_paid_content":false,"footnotes":""},"categories":[14,1],"tags":[],"class_list":["post-193496","post","type-post","status-publish","format-standard","has-post-thumbnail","hentry","category-policiales","category-portada"],"jetpack_featured_media_url":"https:\/\/i0.wp.com\/cdnoticias.com\/wp-content\/uploads\/2025\/08\/choque-general-paz-y-25-de-mayo-00.jpg?fit=1000%2C556&ssl=1","jetpack_sharing_enabled":true,"_links":{"self":[{"href":"https:\/\/cdnoticias.com\/index.php\/wp-json\/wp\/v2\/posts\/193496","targetHints":{"allow":["GET"]}}],"collection":[{"href":"https:\/\/cdnoticias.com\/index.php\/wp-json\/wp\/v2\/posts"}],"about":[{"href":"https:\/\/cdnoticias.com\/index.php\/wp-json\/wp\/v2\/types\/post"}],"author":[{"embeddable":true,"href":"https:\/\/cdnoticias.com\/index.php\/wp-json\/wp\/v2\/users\/6"}],"replies":[{"embeddable":true,"href":"https:\/\/cdnoticias.com\/index.php\/wp-json\/wp\/v2\/comments?post=193496"}],"version-history":[{"count":0,"href":"https:\/\/cdnoticias.com\/index.php\/wp-json\/wp\/v2\/posts\/193496\/revisions"}],"wp:featuredmedia":[{"embeddable":true,"href":"https:\/\/cdnoticias.com\/index.php\/wp-json\/wp\/v2\/media\/180011"}],"wp:attachment":[{"href":"https:\/\/cdnoticias.com\/index.php\/wp-json\/wp\/v2\/media?parent=193496"}],"wp:term":[{"taxonomy":"category","embeddable":true,"href":"https:\/\/cdnoticias.com\/index.php\/wp-json\/wp\/v2\/categories?post=193496"},{"taxonomy":"post_tag","embeddable":true,"href":"https:\/\/cdnoticias.com\/index.php\/wp-json\/wp\/v2\/tags?post=193496"}],"curies":[{"name":"wp","href":"https:\/\/api.w.org\/{rel}","templated":true}]}}