{"id":193490,"date":"2026-01-22T17:31:24","date_gmt":"2026-01-22T20:31:24","guid":{"rendered":"https:\/\/cdnoticias.com\/?p=193490"},"modified":"2026-01-22T17:31:26","modified_gmt":"2026-01-22T20:31:26","slug":"avanza-la-implementacion-del-programa-tranqueras-conectadas","status":"publish","type":"post","link":"https:\/\/cdnoticias.com\/index.php\/2026\/01\/22\/avanza-la-implementacion-del-programa-tranqueras-conectadas\/","title":{"rendered":"Avanza la implementaci\u00f3n del programa Tranqueras Conectadas"},"content":{"rendered":"\n<p>En este marco, se capacit\u00f3 a personal de diferentes \u00e1reas, encargadas de recibir y brindar asesoramiento a productores.<\/p>\n\n\n\n<hr class=\"wp-block-separator aligncenter has-alpha-channel-opacity\"\/>\n\n\n\n<p>En el marco del <strong>Programa Municipal Tranqueras Conectadas<\/strong>, se<strong> capacit\u00f3 a personal de diferentes \u00e1reas, encargadas de recibir y brindar asesoramiento a productores.<\/strong><\/p>\n\n\n\n<p><\/p>\n\n\n\n<blockquote class=\"wp-block-quote is-layout-flow wp-block-quote-is-layout-flow\">\n<p>Las jornadas de capacitaci\u00f3n se llevaron adelante en la sede del CIIT, y estuvo destinada a personal de las Delegaciones Municipales de Recalde, Espigas, de la Direcci\u00f3n de Desarrollo Agropecuario y el \u00e1rea de Gu\u00edas.<\/p>\n<\/blockquote>\n\n\n\n<p><\/p>\n\n\n\n<p>Durante el transcurso de tales jornadas,<strong> se trabaj\u00f3 sobre el llenado de formularios, <\/strong>que tienen por objetivo <strong>actualizar y rectificar la base de datos de productores. <\/strong>Estos formularios configuran una instancia previa a la colocaci\u00f3n, a cargo del Municipio, de 400 chapas identificatorias en tranqueras relevadas a lo largo de todo el partido de Olavarr\u00eda, m\u00e1s precisamente de la zona rural de <strong>Espigas, Recalde, Mapis e Iturregui.<\/strong><\/p>\n\n\n\n<p><\/p>\n\n\n\n<p>Desde la Direcci\u00f3n de Gu\u00edas se informa a productores que ya pueden acercarse a las delegaciones mencionadas, o bien a la sede de dicha Direcci\u00f3n (Sociedad Rural) o a la Oficina de Desarrollo Agropecuario, Secretar\u00eda de Desarrollo Econ\u00f3mico y Productivo.<\/p>\n\n\n\n<p><\/p>\n\n\n\n<figure class=\"wp-block-image aligncenter size-full\"><img data-recalc-dims=\"1\" loading=\"lazy\" decoding=\"async\" width=\"800\" height=\"450\" src=\"https:\/\/i0.wp.com\/cdnoticias.com\/wp-content\/uploads\/2026\/01\/tranquerasconectadas1.jpg?resize=800%2C450&#038;ssl=1\" alt=\"\" class=\"wp-image-193494\" srcset=\"https:\/\/i0.wp.com\/cdnoticias.com\/wp-content\/uploads\/2026\/01\/tranquerasconectadas1.jpg?w=900&amp;ssl=1 900w, https:\/\/i0.wp.com\/cdnoticias.com\/wp-content\/uploads\/2026\/01\/tranquerasconectadas1.jpg?resize=300%2C169&amp;ssl=1 300w, https:\/\/i0.wp.com\/cdnoticias.com\/wp-content\/uploads\/2026\/01\/tranquerasconectadas1.jpg?resize=768%2C432&amp;ssl=1 768w\" sizes=\"auto, (max-width: 800px) 100vw, 800px\" \/><\/figure>\n\n\n\n<p><\/p>\n\n\n\n<p>Una vez completos los formularios, <strong>se avanza en la colocaci\u00f3n de chapas. <\/strong>Cabe aclarar que la chapa no ser\u00e1 colocada de forma inmediatamente posterior al llenado del formulario, sino que se diagrama por zonas en funci\u00f3n de una log\u00edstica coordinada entre las \u00e1reas intervinientes.<\/p>\n\n\n\n<p><\/p>\n\n\n\n<blockquote class=\"wp-block-quote is-layout-flow wp-block-quote-is-layout-flow\">\n<p>El Programa Municipal Tranqueras Conectadas es una herramienta de georeferenciaci\u00f3n que surge a partir de la promulgaci\u00f3n de la Ordenanza 5023\/22, desarrollada \u00edntegramente por personal municipal.<\/p>\n<\/blockquote>\n\n\n\n<p><\/p>\n\n\n\n<p>Se trata de una h<strong>erramienta dise\u00f1ada e implementada desde las Direcciones de Desarrollo Agropecuario, Obras Rurales y Planificaci\u00f3n Estrat\u00e9gica, <\/strong>que <strong>permite georreferenciar establecimientos rurales del Partido<\/strong> y de esa manera optimizar no s\u00f3lo la comunicaci\u00f3n, sino tambi\u00e9n la capacidad de respuesta ante cualquier tipo de eventualidad o emergencia. <\/p>\n\n\n\n<p><\/p>\n\n\n\n<p>En este sentido, mediante dicha iniciativa <strong>se posibilita ubicar de manera r\u00e1pida y precisa los accesos a los establecimientos agropecuarios<\/strong>, <strong>mejorando la comunicaci\u00f3n ante casos de emergencia, situaciones de seguridad<\/strong> y tambi\u00e9n en los <strong>usos productivos y cotidianos de los productores.<\/strong><\/p>\n\n\n\n<p><\/p>\n\n\n\n<p>La plataforma Tranqueras Conectadas se encuentra disponible en el sitio web del Municipio <a href=\"https:\/\/mapas.olavarria.gov.ar\/tranqueras\/\" target=\"_blank\" rel=\"noreferrer noopener\"><strong>(clic aqu\u00ed).<\/strong><\/a><\/p>\n\n\n\n<p><\/p>\n","protected":false},"excerpt":{"rendered":"<p>En este marco, se capacit\u00f3 a personal de diferentes \u00e1reas, encargadas de recibir y brindar asesoramiento a productores. En el<\/p>\n","protected":false},"author":6,"featured_media":193493,"comment_status":"closed","ping_status":"closed","sticky":false,"template":"","format":"standard","meta":{"_jetpack_memberships_contains_paid_content":false,"footnotes":""},"categories":[5,1],"tags":[],"class_list":["post-193490","post","type-post","status-publish","format-standard","has-post-thumbnail","hentry","category-informacion-general","category-portada"],"jetpack_featured_media_url":"https:\/\/i0.wp.com\/cdnoticias.com\/wp-content\/uploads\/2026\/01\/tranquerasconectadas2.jpg?fit=833%2C574&ssl=1","jetpack_sharing_enabled":true,"_links":{"self":[{"href":"https:\/\/cdnoticias.com\/index.php\/wp-json\/wp\/v2\/posts\/193490","targetHints":{"allow":["GET"]}}],"collection":[{"href":"https:\/\/cdnoticias.com\/index.php\/wp-json\/wp\/v2\/posts"}],"about":[{"href":"https:\/\/cdnoticias.com\/index.php\/wp-json\/wp\/v2\/types\/post"}],"author":[{"embeddable":true,"href":"https:\/\/cdnoticias.com\/index.php\/wp-json\/wp\/v2\/users\/6"}],"replies":[{"embeddable":true,"href":"https:\/\/cdnoticias.com\/index.php\/wp-json\/wp\/v2\/comments?post=193490"}],"version-history":[{"count":0,"href":"https:\/\/cdnoticias.com\/index.php\/wp-json\/wp\/v2\/posts\/193490\/revisions"}],"wp:featuredmedia":[{"embeddable":true,"href":"https:\/\/cdnoticias.com\/index.php\/wp-json\/wp\/v2\/media\/193493"}],"wp:attachment":[{"href":"https:\/\/cdnoticias.com\/index.php\/wp-json\/wp\/v2\/media?parent=193490"}],"wp:term":[{"taxonomy":"category","embeddable":true,"href":"https:\/\/cdnoticias.com\/index.php\/wp-json\/wp\/v2\/categories?post=193490"},{"taxonomy":"post_tag","embeddable":true,"href":"https:\/\/cdnoticias.com\/index.php\/wp-json\/wp\/v2\/tags?post=193490"}],"curies":[{"name":"wp","href":"https:\/\/api.w.org\/{rel}","templated":true}]}}