{"id":19346,"date":"2021-04-20T10:38:53","date_gmt":"2021-04-20T13:38:53","guid":{"rendered":"http:\/\/www.centraldenoticias.com.ar\/?p=19346"},"modified":"2021-04-20T13:30:20","modified_gmt":"2021-04-20T16:30:20","slug":"olavarria-sigue-en-fase-3-y-habra-mas-municipios-en-fase-2","status":"publish","type":"post","link":"https:\/\/cdnoticias.com\/index.php\/2021\/04\/20\/olavarria-sigue-en-fase-3-y-habra-mas-municipios-en-fase-2\/","title":{"rendered":"Olavarr\u00eda sigue en fase 3 y habr\u00e1 m\u00e1s municipios en fase 2"},"content":{"rendered":"<p>El jefe de Gabinete dio a conocer la actualidad del sistema de fases y los cambios que regir\u00e1n desde el mi\u00e9rcoles. Para Olavarr\u00eda no habr\u00e1 modificaciones: permanecer\u00e1 en fase 3.<!--more--><\/p>\n<hr \/>\n<p>En el marco de la conferencia que semanalmente brindan las autoridades provinciales sobre la actualidad sanitaria, <strong>el jefe de Gabinete provincial, Carlos Bianco, expuso los cambios previstos para el sistema de fases a partir del mi\u00e9rcoles<\/strong>.<\/p>\n<p>&nbsp;<\/p>\n<blockquote><p>\u201cLa fase 2 es la novedad de esta semana en el marco de las fases\u201d indic\u00f3 el funcionario.<\/p><\/blockquote>\n<p>&nbsp;<\/p>\n<p>A\u00f1adi\u00f3 que tambi\u00e9n <strong>se proyectan cambios para la aplicaci\u00f3n de la fase 3 con \u201cl\u00f3gica regional\u201d<\/strong> cuya aplicaci\u00f3n comenzar\u00e1 para la zona cercana a <strong>Bah\u00eda Blanca<\/strong> y <strong>General Pueyrred\u00f3n<\/strong>. \u201cHay efectores p\u00fablicos o privados de salud que est\u00e1n cerca del colapso y nos dicen los intendentes que se puede pasar de fase pero se necesita en distritos vecinos que derivan pacientes\u201d explic\u00f3.<\/p>\n<p>&nbsp;<\/p>\n<p><img data-recalc-dims=\"1\" loading=\"lazy\" decoding=\"async\" class=\"aligncenter wp-image-19349\" src=\"https:\/\/i0.wp.com\/cdnoticias.com\/wp-content\/uploads\/2021\/04\/conferencia-fases-00.jpg?resize=750%2C417&#038;ssl=1\" alt=\"\" width=\"750\" height=\"417\" srcset=\"https:\/\/i0.wp.com\/cdnoticias.com\/wp-content\/uploads\/2021\/04\/conferencia-fases-00.jpg?resize=300%2C167&amp;ssl=1 300w, https:\/\/i0.wp.com\/cdnoticias.com\/wp-content\/uploads\/2021\/04\/conferencia-fases-00.jpg?w=750&amp;ssl=1 750w\" sizes=\"auto, (max-width: 750px) 100vw, 750px\" \/><\/p>\n<p>&nbsp;<\/p>\n<p><strong>En fase 2 habr\u00e1 38 municipios<\/strong>: a los municipios del AMBA se sumar\u00e1n <strong>Z\u00e1rate, General Villegas y Castelli<\/strong>. \u201cLos intendentes lo han solicitado\u201d aclar\u00f3 Bianco sobre los nuevos y m\u00e1s adelante destac\u00f3 que all\u00ed la suspensi\u00f3n de clases comenzar\u00e1 el lunes pr\u00f3ximo.<\/p>\n<p>&nbsp;<\/p>\n<p>Asimismo, respecto de la situaci\u00f3n en General Villegas, indic\u00f3 que la aplicaci\u00f3n de<strong> la fase 2 tendr\u00e1 una modalidad nueva<\/strong>: \u201cla suspensi\u00f3n de clases no se va a aplicar en todas las localidades sino en las que est\u00e1n m\u00e1s complicadas\u201d.<\/p>\n<p>&nbsp;<\/p>\n<blockquote><p>\u201cDemostramos ante algunas cr\u00edticas que somos flexibles, que el sistema es din\u00e1mico, se actualiza y se puede trabajar en detalle\u201d dijo el jefe de Gabinete.<\/p><\/blockquote>\n<p>&nbsp;<\/p>\n<p><img data-recalc-dims=\"1\" loading=\"lazy\" decoding=\"async\" class=\"aligncenter wp-image-19350 size-full\" src=\"https:\/\/i0.wp.com\/cdnoticias.com\/wp-content\/uploads\/2021\/04\/conferencia-fases-01.jpg?resize=750%2C417&#038;ssl=1\" alt=\"\" width=\"750\" height=\"417\" srcset=\"https:\/\/i0.wp.com\/cdnoticias.com\/wp-content\/uploads\/2021\/04\/conferencia-fases-01.jpg?w=750&amp;ssl=1 750w, https:\/\/i0.wp.com\/cdnoticias.com\/wp-content\/uploads\/2021\/04\/conferencia-fases-01.jpg?resize=300%2C167&amp;ssl=1 300w\" sizes=\"auto, (max-width: 750px) 100vw, 750px\" \/><\/p>\n<p>&nbsp;<\/p>\n<p><strong>En fase 3 habr\u00e1 45 municipios, entre ellos Olavarr\u00eda, Azul y Bol\u00edvar.<\/strong><\/p>\n<p>&nbsp;<\/p>\n<p>En <strong>fase 4 habr\u00e1 51 distritos<\/strong> y un solo municipio estar\u00e1 <strong>en fase 5, Tordillo<\/strong>.<\/p>\n<p>&nbsp;<\/p>\n<p><strong>Datos positivos<\/strong><\/p>\n<p>&nbsp;<\/p>\n<p>En el \u00faltimo tramo de su exposici\u00f3n en la conferencia, Carlos Bianco, reiter\u00f3 lo que <a href=\"https:\/\/cdnoticias.com\/index.php\/2021\/04\/19\/provincia-los-contagios-en-ascenso-pero-se-desaceleran\/\" target=\"_blank\" rel=\"noopener\">hab\u00eda adelantado en la noche del domingo por redes sociales<\/a> acerca de la desaceleraci\u00f3n de la suba de casos. <strong>\u201cLa semana anterior hab\u00eda sido de 67% el aumento de casos y esta semana que pas\u00f3 fue de 17% la suba del promedio diario\u201d<\/strong> se\u00f1al\u00f3.<\/p>\n<p>&nbsp;<\/p>\n<p><img data-recalc-dims=\"1\" loading=\"lazy\" decoding=\"async\" class=\"aligncenter wp-image-19351 size-full\" src=\"https:\/\/i0.wp.com\/cdnoticias.com\/wp-content\/uploads\/2021\/04\/conferencia-bianco-gollan.jpg?resize=750%2C417&#038;ssl=1\" alt=\"\" width=\"750\" height=\"417\" srcset=\"https:\/\/i0.wp.com\/cdnoticias.com\/wp-content\/uploads\/2021\/04\/conferencia-bianco-gollan.jpg?w=750&amp;ssl=1 750w, https:\/\/i0.wp.com\/cdnoticias.com\/wp-content\/uploads\/2021\/04\/conferencia-bianco-gollan.jpg?resize=300%2C167&amp;ssl=1 300w\" sizes=\"auto, (max-width: 750px) 100vw, 750px\" \/><\/p>\n<p>&nbsp;<\/p>\n<p>A su vez, destac\u00f3 que en el conurbano<strong> la medici\u00f3n de la movilidad personas \u201cnos muestra reversi\u00f3n de la tendencia<\/strong>. Hasta hace dos semanas ven\u00edamos con movilidad en ascenso (medida por celulares y uso de SUBE). Ha ca\u00eddo quiz\u00e1 no lo suficiente\u201d.<\/p>\n<p>&nbsp;<\/p>\n<p>Casi al cierre, y en respuesta a los planteos de Horacio Rodr\u00edguez Larreta tras los anuncios nacionales, el jefe de Gabinete provincial remarc\u00f3 que <strong>\u201cvamos a seguir estableciendo las medidas del Gobierno Nacional. No vamos a llevar adelante ning\u00fan tipo de medida de operaci\u00f3n judicial\u201d<\/strong> y lanz\u00f3 \u201cno vamos a permitir que ninguna actitud trasnochada sumerja a nuestra Provincia en la anarqu\u00eda, no vamos a permitir que no se cumplan las medidas\u201d.<\/p>\n","protected":false},"excerpt":{"rendered":"<p>El jefe de Gabinete dio a conocer la actualidad del sistema de fases y los cambios que regir\u00e1n desde el<\/p>\n","protected":false},"author":4,"featured_media":19352,"comment_status":"closed","ping_status":"closed","sticky":false,"template":"","format":"standard","meta":{"_jetpack_memberships_contains_paid_content":false,"footnotes":""},"categories":[6,1],"tags":[],"class_list":["post-19346","post","type-post","status-publish","format-standard","has-post-thumbnail","hentry","category-nacionales","category-portada"],"jetpack_featured_media_url":"https:\/\/i0.wp.com\/cdnoticias.com\/wp-content\/uploads\/2021\/04\/conferencia-bianco.jpg?fit=750%2C418&ssl=1","jetpack_sharing_enabled":true,"_links":{"self":[{"href":"https:\/\/cdnoticias.com\/index.php\/wp-json\/wp\/v2\/posts\/19346","targetHints":{"allow":["GET"]}}],"collection":[{"href":"https:\/\/cdnoticias.com\/index.php\/wp-json\/wp\/v2\/posts"}],"about":[{"href":"https:\/\/cdnoticias.com\/index.php\/wp-json\/wp\/v2\/types\/post"}],"author":[{"embeddable":true,"href":"https:\/\/cdnoticias.com\/index.php\/wp-json\/wp\/v2\/users\/4"}],"replies":[{"embeddable":true,"href":"https:\/\/cdnoticias.com\/index.php\/wp-json\/wp\/v2\/comments?post=19346"}],"version-history":[{"count":0,"href":"https:\/\/cdnoticias.com\/index.php\/wp-json\/wp\/v2\/posts\/19346\/revisions"}],"wp:featuredmedia":[{"embeddable":true,"href":"https:\/\/cdnoticias.com\/index.php\/wp-json\/wp\/v2\/media\/19352"}],"wp:attachment":[{"href":"https:\/\/cdnoticias.com\/index.php\/wp-json\/wp\/v2\/media?parent=19346"}],"wp:term":[{"taxonomy":"category","embeddable":true,"href":"https:\/\/cdnoticias.com\/index.php\/wp-json\/wp\/v2\/categories?post=19346"},{"taxonomy":"post_tag","embeddable":true,"href":"https:\/\/cdnoticias.com\/index.php\/wp-json\/wp\/v2\/tags?post=19346"}],"curies":[{"name":"wp","href":"https:\/\/api.w.org\/{rel}","templated":true}]}}