{"id":193452,"date":"2026-01-22T10:02:11","date_gmt":"2026-01-22T13:02:11","guid":{"rendered":"https:\/\/cdnoticias.com\/?p=193452"},"modified":"2026-01-22T10:02:13","modified_gmt":"2026-01-22T13:02:13","slug":"desde-el-oficialismo-se-cuestiono-la-interpretacion-del-concejal-galli-sobre-el-cud","status":"publish","type":"post","link":"https:\/\/cdnoticias.com\/index.php\/2026\/01\/22\/desde-el-oficialismo-se-cuestiono-la-interpretacion-del-concejal-galli-sobre-el-cud\/","title":{"rendered":"Desde el oficialismo se cuestion\u00f3 la interpretaci\u00f3n del concejal Galli sobre el CUD"},"content":{"rendered":"<p>Hilario Galli hab\u00eda concluido que cay\u00f3 la atenci\u00f3n sanitaria, pero la concejal Natalia \u00c1lvarez sostuvo que se trat\u00f3 de datos parciales y lo defini\u00f3 como \u201cni\u00f1o excel\u201d.<!--more--><\/p>\n<hr \/>\n<p><a href=\"https:\/\/cdnoticias.com\/index.php\/2026\/01\/21\/hilario-galli-critico-a-la-gestion-por-la-caida-de-atenciones-en-el-hospital-municipal\/\" target=\"_blank\" rel=\"noopener\">Tal como se inform\u00f3, el concejal del Pro Hilario Galli<\/a> expuso <strong>cuestionamientos a los datos de atenci\u00f3n en salud que brind\u00f3 el Municipio<\/strong> con eje en el<strong> impacto en el Coeficiente \u00danico de Distribuci\u00f3n (CUD)<\/strong> que se utiliza para el reparto de coparticipaci\u00f3n. Cabe recordar que <a href=\"https:\/\/cdnoticias.com\/index.php\/2026\/01\/08\/coparticipacion-provincial-olavarria-tuvo-una-caida-en-el-coeficiente\/\" target=\"_blank\" rel=\"noopener\">el CUD de 2026 para Olavarr\u00eda es menor al del a\u00f1o pasado.<\/a><\/p>\n<p>\u00a0<\/p>\n\n\n<p>Desde el oficialismo <strong>respondi\u00f3 la concejal Natalia \u00c1lvarez<\/strong> quien <strong>rebati\u00f3 la lectura <\/strong>del opositor al se\u00f1alar que se trat\u00f3 de una <strong>interpretaci\u00f3n basada en datos parciales.<\/strong><\/p>\n\n\n\n<p><\/p>\n\n\n\n<figure class=\"wp-block-embed is-type-rich is-provider-twitter wp-block-embed-twitter\"><div class=\"wp-block-embed__wrapper\">\n<div class=\"embed-twitter\"><blockquote class=\"twitter-tweet\" data-width=\"550\" data-dnt=\"true\"><p lang=\"es\" dir=\"ltr\">Querido Hilario. Compar\u00e1s informaci\u00f3n de todo el partido de Olavarr\u00eda con la cifra que se difundi\u00f3 en un video sobre la atenci\u00f3n unicamente del Hospital. O sea, no cont\u00e1s Hospitales de las localidades ni tampoco los m\u00e1s de 20 Caps que funcionan en el Partido. <a href=\"https:\/\/t.co\/5HxZeMSD8R\">https:\/\/t.co\/5HxZeMSD8R<\/a><\/p>&mdash; Natalia Alvarez (@NataliaAlvar3z) <a href=\"https:\/\/twitter.com\/NataliaAlvar3z\/status\/2014155105650569225?ref_src=twsrc%5Etfw\">January 22, 2026<\/a><\/blockquote><script async src=\"https:\/\/platform.twitter.com\/widgets.js\" charset=\"utf-8\"><\/script><\/div>\n<\/div><\/figure>\n\n\n\n<p><\/p>\n\n\n\n<blockquote class=\"wp-block-quote is-layout-flow wp-block-quote-is-layout-flow\">\n<p>Galli hab\u00eda se\u00f1alado \u201cuna ca\u00edda superior al 30% en la cantidad de atenciones\u201d, pero la concejal de Uni\u00f3n por la Patria -y ex funcionaria del \u00e1rea de Salud municipal- le respondi\u00f3: \u201ccompar\u00e1s informaci\u00f3n de todo el partido de Olavarr\u00eda con la cifra que se difundi\u00f3 en un video sobre la atenci\u00f3n \u00fanicamente del Hospital\u201d. En ese sentido, apunt\u00f3 a que a la cifra de 800 mil atenciones deben sumarse las de hospitales de las localidades y los CAPS.<\/p>\n<\/blockquote>\n\n\n\n<p><\/p>\n\n\n\n<p>Asimismo, extendi\u00f3 sus cr\u00edticas a la relaci\u00f3n directa que estableci\u00f3 el concejal entre la ca\u00edda de la atenci\u00f3n y la baja en el CUD: \u201ceste coeficiente se produce en relaci\u00f3n a la realidad de los 135 distritos de la provincia de Buenos Aires, lo que significa que<strong> a mayor atenci\u00f3n no necesariamente es mejor CUD\u201d<\/strong>. Agreg\u00f3 que se contemplan<strong> m\u00e1s variables para la determinaci\u00f3n del coeficiente <\/strong>y que se trata de una cifra que <strong>pone en relaci\u00f3n las gestiones <\/strong>en todos los municipios. <strong>\u201cOtra vez se equivoca el ni\u00f1o excel\u201d <\/strong>ironiz\u00f3 \u00c1lvarez.<\/p>\n\n\n\n<p><\/p>\n\n\n\n<p>Por \u00faltimo, cabe mencionar que <strong>Galli se hab\u00eda referido tambi\u00e9n a la renuncia de profesionales del \u00e1rea de Laboratorio<\/strong> del Hospital Municipal acerca de lo que la concejal del oficialismo no hizo menci\u00f3n en su respuesta.<\/p>\n","protected":false},"excerpt":{"rendered":"<p>Hilario Galli hab\u00eda concluido que cay\u00f3 la atenci\u00f3n sanitaria, pero la concejal Natalia \u00c1lvarez sostuvo que se trat\u00f3 de datos<\/p>\n","protected":false},"author":4,"featured_media":191291,"comment_status":"closed","ping_status":"closed","sticky":false,"template":"","format":"standard","meta":{"_jetpack_memberships_contains_paid_content":false,"footnotes":""},"categories":[4,1],"tags":[],"class_list":["post-193452","post","type-post","status-publish","format-standard","has-post-thumbnail","hentry","category-politica","category-portada"],"jetpack_featured_media_url":"https:\/\/i0.wp.com\/cdnoticias.com\/wp-content\/uploads\/2025\/12\/alvarez-hcd-2025-02.png?fit=800%2C445&ssl=1","jetpack_sharing_enabled":true,"_links":{"self":[{"href":"https:\/\/cdnoticias.com\/index.php\/wp-json\/wp\/v2\/posts\/193452","targetHints":{"allow":["GET"]}}],"collection":[{"href":"https:\/\/cdnoticias.com\/index.php\/wp-json\/wp\/v2\/posts"}],"about":[{"href":"https:\/\/cdnoticias.com\/index.php\/wp-json\/wp\/v2\/types\/post"}],"author":[{"embeddable":true,"href":"https:\/\/cdnoticias.com\/index.php\/wp-json\/wp\/v2\/users\/4"}],"replies":[{"embeddable":true,"href":"https:\/\/cdnoticias.com\/index.php\/wp-json\/wp\/v2\/comments?post=193452"}],"version-history":[{"count":0,"href":"https:\/\/cdnoticias.com\/index.php\/wp-json\/wp\/v2\/posts\/193452\/revisions"}],"wp:featuredmedia":[{"embeddable":true,"href":"https:\/\/cdnoticias.com\/index.php\/wp-json\/wp\/v2\/media\/191291"}],"wp:attachment":[{"href":"https:\/\/cdnoticias.com\/index.php\/wp-json\/wp\/v2\/media?parent=193452"}],"wp:term":[{"taxonomy":"category","embeddable":true,"href":"https:\/\/cdnoticias.com\/index.php\/wp-json\/wp\/v2\/categories?post=193452"},{"taxonomy":"post_tag","embeddable":true,"href":"https:\/\/cdnoticias.com\/index.php\/wp-json\/wp\/v2\/tags?post=193452"}],"curies":[{"name":"wp","href":"https:\/\/api.w.org\/{rel}","templated":true}]}}